{"id":659496,"date":"2026-09-01T07:55:15","date_gmt":"2026-09-01T07:55:15","guid":{"rendered":"https:\/\/www.europesays.com\/pl\/659496\/"},"modified":"2026-09-01T07:55:15","modified_gmt":"2026-09-01T07:55:15","slug":"zondacrypto-i-pismo-z-abw-do-nawrockiego-to-nie-bylo-ostrzezenie","status":"publish","type":"post","link":"https:\/\/www.europesays.com\/pl\/659496\/","title":{"rendered":"Zondacrypto i pismo z ABW do Nawrockiego. &#8222;To nie by\u0142o ostrze\u017cenie&#8221;"},"content":{"rendered":"<p>&#13;<br \/>\n        \t&#8211; Te informacje by\u0142y dalece niewystarczaj\u0105ce, na bardzo wysokim poziomie og\u00f3lno\u015bci &#8211; w ten spos\u00f3b rzecznik prezydenta skomentowa\u0142 informacje, \u017ce Karol Nawrocki jeszcze w zesz\u0142ym roku otrzyma\u0142 z ABW pismo dotycz\u0105ce upad\u0142ej gie\u0142dy kryptowalut Zondacrypto. Rafa\u0142 Le\u015bkiewicz w &#8222;Graffiti&#8221; odni\u00f3s\u0142 si\u0119 te\u017c do pog\u0142osek o nagraniu z udzia\u0142em g\u0142owy pa\u0144stwa. &#8211; Bzdury rozpuszczane przez polityk\u00f3w KO &#8211; uzna\u0142.&#13;\n        \t<\/p>\n<p>Rafa\u0142 Le\u015bkiewicz w &#8222;Graffiti&#8221; o informacjach od s\u0142u\u017cb specjalnych dla prezydenta<\/p>\n<p>Rzecznik prezydenta zosta\u0142 zapytany w &#8222;Graffiti&#8221; o zastrze\u017cenia Karola Nawrockiego dotycz\u0105ce informacji otrzymywanych od s\u0142u\u017cb specjalnych. &#8211; Nie zawsze jest tak, \u017ce dostajemy pe\u0142ne, kompletne, wyczerpuj\u0105ce informacje dotycz\u0105ce r\u00f3\u017cnych incydent\u00f3w zwi\u0105zanych z bezpiecze\u0144stwem Polski. I to jest prawda &#8211; powiedzia\u0142 Rafa\u0142 Le\u015bkiewicz\u00a0we wtorek.<\/p>\n<p>Co wie prezydent od s\u0142u\u017cb specjalnych? &#8222;Materia\u0142y nie s\u0105 wystarczaj\u0105co pe\u0142ne&#8221;<\/p>\n<p>Odni\u00f3s\u0142 si\u0119 do s\u0142\u00f3w Nawrockiego, kt\u00f3ry wskazywa\u0142, \u017ce informacje ze s\u0142u\u017cb specjalnych docieraj\u0105 do niego wybi\u00f3rczo. Stwierdzi\u0142, \u017ce Pa\u0142ac Prezydencki nie zawsze otrzymuje wyczerpuj\u0105ce materia\u0142y. &#8211; Nieprawd\u0105 jest to, co m\u00f3wi minister Siemoniak, \u017ce regularnie i w spos\u00f3b kompletny pan prezydent otrzymuje informacje. Bo oczywi\u015bcie otrzymuje meldunki od szef\u00f3w s\u0142u\u017cb specjalnych &#8211; wskaza\u0142.<\/p>\n<p>\u00a0<\/p>\n<p>ZOBACZ: <a href=\"https:\/\/www.polsatnews.pl\/wiadomosc\/2026-09-01\/nawrocki-na-westerplatte-zwrocil-sie-do-tuska-uderza-tez-w-niemcy\/\" target=\"_blank\" rel=\"noopener noreferrer nofollow\">Nawrocki zwraca si\u0119 do Tuska i kanclerza Niemiec. &#8222;To nie jest realny sojusz i realna przyja\u017a\u0144&#8221;<\/a><\/p>\n<p>                <img decoding=\"async\" src=\"https:\/\/www.europesays.com\/pl\/wp-content\/uploads\/2026\/09\/f5nhebb2toa4g45nsii1qsfebcqbmeyq.jpg\" alt=\"\" itemprop=\"contentUrl\" style=\"position:absolute; width: 100%; max-height: 100%;\"\/><video controls=\"\" controlslist=\"nodownload\" poster=\"https:\/\/www.europesays.com\/pl\/wp-content\/uploads\/2026\/09\/f5nhebb2toa4g45nsii1qsfebcqbmeyq.jpg\" class=\"videoPlayer player6868549 news__video\" data-id=\"6868549\">Twoja przegl\u0105darka nie wspiera odtwarzacza wideo&#8230;<\/video><\/p>\n<p>                <a class=\"news__read-more-button\" href=\"https:\/\/www.polsatnews.pl\/\" rel=\"nofollow noopener\" target=\"_blank\">Czytaj wi\u0119cej<\/a><\/p>\n<p>                        &#13;<br \/>\n\t&#13;<\/p>\n<p>\t\t\tChcesz by\u0107 na bie\u017c\u0105co z najnowszymi newsami?<\/p>\n<p class=\"app-ad__preview\">Jeste\u015bmy w aplikacji na Tw\u00f3j telefon. Sprawd\u017a\u00a0nas!<\/p>\n","protected":false},"excerpt":{"rendered":"&#13; &#8211; Te informacje by\u0142y dalece niewystarczaj\u0105ce, na bardzo wysokim poziomie og\u00f3lno\u015bci &#8211; w ten spos\u00f3b rzecznik prezydenta&hellip;\n","protected":false},"author":2,"featured_media":659497,"comment_status":"","ping_status":"","sticky":false,"template":"","format":"standard","meta":{"footnotes":"","_share_on_mastodon":"0"},"categories":[12],"tags":[32,33,36,37,27,34,35,28,31,25,42,38,40,39,41,29,30,26],"class_list":["post-659496","post","type-post","status-publish","format-standard","has-post-thumbnail","category-polska","tag-breaking-news","tag-breakingnews","tag-featured-news","tag-featurednews","tag-headlines","tag-latest-news","tag-latestnews","tag-naglowki","tag-najwazniejsze-artykuly","tag-news","tag-pl","tag-poland","tag-polish","tag-polska","tag-polski","tag-top-stories","tag-topstories","tag-wiadomosci"],"share_on_mastodon":{"url":"https:\/\/pubeurope.com\/@pl\/117194714528652951","error":""},"_links":{"self":[{"href":"https:\/\/www.europesays.com\/pl\/wp-json\/wp\/v2\/posts\/659496","targetHints":{"allow":["GET"]}}],"collection":[{"href":"https:\/\/www.europesays.com\/pl\/wp-json\/wp\/v2\/posts"}],"about":[{"href":"https:\/\/www.europesays.com\/pl\/wp-json\/wp\/v2\/types\/post"}],"author":[{"embeddable":true,"href":"https:\/\/www.europesays.com\/pl\/wp-json\/wp\/v2\/users\/2"}],"replies":[{"embeddable":true,"href":"https:\/\/www.europesays.com\/pl\/wp-json\/wp\/v2\/comments?post=659496"}],"version-history":[{"count":0,"href":"https:\/\/www.europesays.com\/pl\/wp-json\/wp\/v2\/posts\/659496\/revisions"}],"wp:featuredmedia":[{"embeddable":true,"href":"https:\/\/www.europesays.com\/pl\/wp-json\/wp\/v2\/media\/659497"}],"wp:attachment":[{"href":"https:\/\/www.europesays.com\/pl\/wp-json\/wp\/v2\/media?parent=659496"}],"wp:term":[{"taxonomy":"category","embeddable":true,"href":"https:\/\/www.europesays.com\/pl\/wp-json\/wp\/v2\/categories?post=659496"},{"taxonomy":"post_tag","embeddable":true,"href":"https:\/\/www.europesays.com\/pl\/wp-json\/wp\/v2\/tags?post=659496"}],"curies":[{"name":"wp","href":"https:\/\/api.w.org\/{rel}","templated":true}]}}