{"id":659498,"date":"2026-09-01T07:56:13","date_gmt":"2026-09-01T07:56:13","guid":{"rendered":"https:\/\/www.europesays.com\/pl\/659498\/"},"modified":"2026-09-01T07:56:13","modified_gmt":"2026-09-01T07:56:13","slug":"ukraina-kijow-nocny-atak-rosjan-pozary-w-calym-miescie-zgineli-kolejarze","status":"publish","type":"post","link":"https:\/\/www.europesays.com\/pl\/659498\/","title":{"rendered":"Ukraina, Kij\u00f3w. Nocny atak Rosjan, po\u017cary w ca\u0142ym mie\u015bcie. Zgin\u0119li kolejarze"},"content":{"rendered":"<p>W nocy z poniedzia\u0142ku na wtorek Rosjanie przeprowadzili zmasowany ostrza\u0142 Kijowa. W wyniku trafienia w lokomotywowni\u0119 zgin\u0119\u0142o co najmniej siedem os\u00f3b, w tym sze\u015bcioro pracownik\u00f3w. Jeden z nich zosta\u0142 przewieziony do szpitala &#8211; przekaza\u0142 prezes Kolei Ukrai\u0144skich O\u0142eksandr Percowski.<\/p>\n<p>Kij\u00f3w. Atak na lokomotywowni\u0119. Zgin\u0119\u0142o siedem os\u00f3b<\/p>\n<p>Szef ukrai\u0144skiej, kolejowej sp\u00f3\u0142ki zaznaczy\u0142, \u017ce w wyniku ataku dosz\u0142o do znacznych zniszcze\u0144 i licznych po\u017car\u00f3w w ca\u0142ym Kijowie. &#8222;Od nocy jeste\u015bmy na miejscu, tu\u017c obok ca\u0142kowicie zniszczonych hal. S\u0142u\u017cby nadal walcz\u0105 z \u017cywio\u0142em. Na dw\u00f3ch odcinkach tor\u00f3w na jakie\u015b czas zamkni\u0119to ruch, potem go ponownie otwarto&#8221; &#8211; przekaza\u0142.<\/p>\n<p>\u00a0<\/p>\n<p>Jak zapewni\u0142, Koleje Ukrai\u0144skie kontaktuj\u0105 si\u0119 z bliskimi zmar\u0142ych w nocnym ataku. &#8222;Wszyscy jeste\u015bmy przy nich, aby przetrwa\u0107 ten niezwykle trudny czas. To noc pe\u0142na nieopisanego smutku&#8221; &#8211; napisa\u0142 w o\u015bwiadczeniu.<\/p>\n<p>\u00a0<\/p>\n<p>ZOBACZ: <a href=\"https:\/\/www.polsatnews.pl\/wiadomosc\/2026-08-31\/putin-o-zakonczeniu-wojny-idziemy-ta-droga\/\" rel=\"nofollow noopener\" target=\"_blank\">Putin o zako\u0144czeniu wojny. &#8222;Idziemy ta drog\u0105&#8221;<\/a><\/p>\n<p>\u00a0<\/p>\n<p>Wst\u0119pne doniesienia z nocnego ostrza\u0142u Kijowa informowa\u0142y o trzech ofiarach i czworgu rannych. Ponadto co najmniej osiem os\u00f3b zosta\u0142o rannych ca\u0142ym w obwodzie kijowskim.<\/p>\n<p>Zmasowany atak na Kij\u00f3w. &#8222;Najwi\u0119kszy od jakiego\u015b czasu&#8221;<\/p>\n<p>Lokalne w\u0142adze oraz ukrai\u0144skie media informowa\u0142y o licznych eksplozjach i po\u017carach. Rosyjska armia atakowa\u0142a miasto dronami i pociskami balistycznymi. Alarm przeciwlotniczy obowi\u0105zywa\u0142 w ukrai\u0144skiej stolicy przez ca\u0142y poniedzia\u0142kowy wiecz\u00f3r, a p\u00f3\u017aniej by\u0142 kilkakrotnie og\u0142aszany w nocy.<\/p>\n<p>\u00a0<\/p>\n<p>ZOBACZ: <a href=\"https:\/\/www.polsatnews.pl\/wiadomosc\/2026-08-31\/wladimir-putin-obawia-sie-porazki-w-ukrainie-powiesza-mnie\/\" rel=\"nofollow noopener\" target=\"_blank\">W\u0142adimir Putin obawia si\u0119 pora\u017cki w Ukrainie. &#8222;Powiesz\u0105 mnie&#8221;<\/a><\/p>\n<p>\u00a0<\/p>\n<p>&#8211; To najwi\u0119kszy atak rakietowy na Kij\u00f3w od jakiego\u015b czasu &#8211; powiedzia\u0142a Olga Rudenko, redaktor naczelna portalu Kyiv Independent. Szef administracji wojskowej obwodu kijowskiego, Tymur Tkaczenko poinformowa\u0142, \u017ce w ataku w Boryspolu na obrze\u017cach Kijowa, uszkodzony zosta\u0142 m.in. pi\u0119ciopi\u0119trowy budynek mieszkalny.<\/p>\n<p>Ukraina-Rosja. Ze\u0142enski: 12 ofiar rosyjskich atak\u00f3w<\/p>\n<p>P\u00f3\u017aniej we wtorek, prezydent Ukrainy Wo\u0142odymyr Ze\u0142enski przekaza\u0142, \u017ce w wyniku nocnego ataku na Ukrain\u0119 zgin\u0119\u0142o 12 os\u00f3b, w tym obywatel Indii, a dziesi\u0105tki zosta\u0142o rannych. Skomentowa\u0142 r\u00f3wnie\u017c zdarzenia z Boryspola.<\/p>\n<p>\u00a0<\/p>\n<p>&#8222;Ewakuowano pi\u0119\u0107dziesi\u0105t os\u00f3b. Na miejscu s\u0105 odpowiednie s\u0142u\u017cby. Odnotowano r\u00f3wnie\u017c ataki na zak\u0142ady przemys\u0142owe. \u0141\u0105cznie w mie\u015bcie s\u0105 cztery ofiary \u015bmiertelne i 13 rannych&#8221; &#8211; napisa\u0142 Ze\u0142enski w komunikatorze Telegram.<\/p>\n<p>\u00a0<\/p>\n<p>Doda\u0142, \u017ce od poniedzia\u0142kowego wieczoru ostrzeliwano Odess\u0119 z u\u017cyciem kierowanych bomb lotniczych (KAB) i dron\u00f3w. W wyniku ataku tysi\u0105ce rodzin zosta\u0142o bez pr\u0105du. Trwaj\u0105 prace maj\u0105ce na celu szybkie przywr\u00f3cenie dostaw energii mieszka\u0144com.<\/p>\n<p>                <a class=\"news__read-more-button\" href=\"https:\/\/www.polsatnews.pl\/\" rel=\"nofollow noopener\" target=\"_blank\">Czytaj wi\u0119cej<\/a><\/p>\n","protected":false},"excerpt":{"rendered":"W nocy z poniedzia\u0142ku na wtorek Rosjanie przeprowadzili zmasowany ostrza\u0142 Kijowa. W wyniku trafienia w lokomotywowni\u0119 zgin\u0119\u0142o co&hellip;\n","protected":false},"author":2,"featured_media":659499,"comment_status":"","ping_status":"","sticky":false,"template":"","format":"standard","meta":{"footnotes":"","_share_on_mastodon":"0"},"categories":[5],"tags":[32,33,36,37,27,34,35,28,31,25,42,38,40,39,41,29,30,26],"class_list":["post-659498","post","type-post","status-publish","format-standard","has-post-thumbnail","category-naglowki","tag-breaking-news","tag-breakingnews","tag-featured-news","tag-featurednews","tag-headlines","tag-latest-news","tag-latestnews","tag-naglowki","tag-najwazniejsze-artykuly","tag-news","tag-pl","tag-poland","tag-polish","tag-polska","tag-polski","tag-top-stories","tag-topstories","tag-wiadomosci"],"share_on_mastodon":{"url":"https:\/\/pubeurope.com\/@pl\/117194718409627287","error":""},"_links":{"self":[{"href":"https:\/\/www.europesays.com\/pl\/wp-json\/wp\/v2\/posts\/659498","targetHints":{"allow":["GET"]}}],"collection":[{"href":"https:\/\/www.europesays.com\/pl\/wp-json\/wp\/v2\/posts"}],"about":[{"href":"https:\/\/www.europesays.com\/pl\/wp-json\/wp\/v2\/types\/post"}],"author":[{"embeddable":true,"href":"https:\/\/www.europesays.com\/pl\/wp-json\/wp\/v2\/users\/2"}],"replies":[{"embeddable":true,"href":"https:\/\/www.europesays.com\/pl\/wp-json\/wp\/v2\/comments?post=659498"}],"version-history":[{"count":0,"href":"https:\/\/www.europesays.com\/pl\/wp-json\/wp\/v2\/posts\/659498\/revisions"}],"wp:featuredmedia":[{"embeddable":true,"href":"https:\/\/www.europesays.com\/pl\/wp-json\/wp\/v2\/media\/659499"}],"wp:attachment":[{"href":"https:\/\/www.europesays.com\/pl\/wp-json\/wp\/v2\/media?parent=659498"}],"wp:term":[{"taxonomy":"category","embeddable":true,"href":"https:\/\/www.europesays.com\/pl\/wp-json\/wp\/v2\/categories?post=659498"},{"taxonomy":"post_tag","embeddable":true,"href":"https:\/\/www.europesays.com\/pl\/wp-json\/wp\/v2\/tags?post=659498"}],"curies":[{"name":"wp","href":"https:\/\/api.w.org\/{rel}","templated":true}]}}