{"id":659514,"date":"2026-09-01T08:09:21","date_gmt":"2026-09-01T08:09:21","guid":{"rendered":"https:\/\/www.europesays.com\/pl\/659514\/"},"modified":"2026-09-01T08:09:21","modified_gmt":"2026-09-01T08:09:21","slug":"od-lokalnego-dealera-do-pozycji-lidera-grupa-walder-swietuje-35-lat","status":"publish","type":"post","link":"https:\/\/www.europesays.com\/pl\/659514\/","title":{"rendered":"Od lokalnego dealera do pozycji lidera. Grupa Walder \u015bwi\u0119tuje 35 lat"},"content":{"rendered":"<p>            <a href=\"https:\/\/s-trojmiasto.pl\/zdj\/c\/n\/9\/4410\/1458x0\/4410656-Pierwszy-salon-Toyota-Walder-w-Chwaszczynie.webp\" target=\"_blank\" data-slide-name=\"860282\" data-lightbox-target=\"photo full\" data-sub-html=\"&lt;h4&gt;Pierwszy salon Toyota Walder w Chwaszczynie.&lt;\/h4&gt;&lt;p&gt;fot. Grupa Walder&lt;\/p&gt;&#010;\" class=\"photoMarker__link\" data-filter-brightness=\"brightness--100\" rel=\"nofollow noopener\"><\/p>\n<p>    <img decoding=\"async\" style=\"height:519px; aspect-ratio: 1.445\/1; filter:brightness(1);\" alt=\"Pierwszy salon Toyota Walder w Chwaszczynie.\" src=\"https:\/\/www.europesays.com\/pl\/wp-content\/uploads\/2026\/09\/4410656-Pierwszy-salon-Toyota-Walder-w-Chwaszczynie.webp\" class=\"photoMarker__img \" data-slider=\"img\" fetchpriority=\"high\"\/><\/p>\n<p>            <\/a><\/p>\n<p class=\"lead\">Je\u015bli mieszkasz w Tr\u00f3jmie\u015bcie, na pewno zdarzy\u0142o ci si\u0119 przejecha\u0107 obok salonu Toyoty w Rumi, Chwaszczynie albo salonu Lexus Tr\u00f3jmiasto. Ma\u0142o kto wie, \u017ce za tymi miejscami stoi historia, kt\u00f3ra zacz\u0119\u0142a si\u0119 35 lat temu, gdy firma ANRO TRADE Romana Waldera podpisa\u0142a pierwsz\u0105 umow\u0119 dealersk\u0105 z Toyota Motor Poland. Dzi\u015b Grupa Walder to dziewi\u0119\u0107 salon\u00f3w i tytu\u0142 najwi\u0119kszego dealera marek Toyota i Lexus w Polsce. <\/p>\n<p>Zacz\u0119\u0142o si\u0119 od jednego salonu i dziewi\u0119ciu os\u00f3b<\/p>\n<p><a data-tklik=\"2942\" target=\"_blank\" href=\"https:\/\/www.trojmiasto.pl\/Toyota-Walder-Chwaszczyno-o3665.html\" rel=\"nofollow noopener\">Pierwszy salon powsta\u0142 w Chwaszczynie<\/a>, w\u015br\u00f3d kaszubskich p\u00f3l. Dzi\u015b stoi tu g\u0142\u00f3wna siedziba Grupy Walder &#8211; nowoczesny salon Toyoty oraz centrum likwidacji szk\u00f3d. <\/p>\n<p>W 1991 roku, decyduj\u0105c si\u0119 na wsp\u00f3\u0142prac\u0119 z Toyot\u0105, nie przypuszcza\u0142em, jak bardzo ta decyzja odmieni histori\u0119 firmy. Zaczynali\u015bmy od jednego salonu w Chwaszczynie i 9-osobowego zespo\u0142u. Toyota dopiero wchodzi\u0142a na polski rynek &#8211; wspomina Roman Walder, za\u0142o\u017cyciel Grupy Walder.<br \/>Pierwszym sprzedanym autem by\u0142a Corolla, jeszcze przed denominacj\u0105 z\u0142otego, wi\u0119c cen\u0119 liczono w milionach z\u0142otych. <\/p>\n<p>Pami\u0119tam tamt\u0105 sprzeda\u017c do dzi\u015b. To by\u0142 zupe\u0142nie inny \u015bwiat: inne pieni\u0105dze, inny rynek, inne oczekiwania klient\u00f3w&#8230; &#8211; dodaje z u\u015bmiechem.<\/p>\n<p>Od jednego salonu do dziewi\u0119ciu<\/p>\n<p>35 lat rozwoju to kolejne lokalizacje, nowe marki i coraz szersza oferta.<\/p>\n<p>\n            <a href=\"https:\/\/s-trojmiasto.pl\/zdj\/c\/n\/9\/4410\/1920x0\/4410657-Droga-do-sukcesu-Grupy-Walder.webp\" target=\"_blank\" data-slide-name=\"860283\" data-lightbox-target=\"photo full\" data-sub-html=\"&lt;h4&gt;Droga do sukcesu Grupy Walder.&lt;\/h4&gt;&lt;p&gt;fot. Grupa Walder&lt;\/p&gt;&#010;\" class=\"photoMarker__link\" data-filter-brightness=\"brightness--100\" rel=\"nofollow noopener\"><\/p>\n<p>    <img decoding=\"async\" style=\"height:421px; aspect-ratio: 1.77778\/1; filter:brightness(1);\" alt=\"Droga do sukcesu Grupy Walder.\" src=\"https:\/\/www.europesays.com\/pl\/wp-content\/uploads\/2026\/09\/4410657-Droga-do-sukcesu-Grupy-Walder.webp\" class=\"photoMarker__img lazy\" data-slider=\"img\"\/><\/p>\n<p>            <\/a><\/p>\n<p>Dzi\u015b Grupa Walder dzia\u0142a w trzech wojew\u00f3dztwach, a tworzy j\u0105 siedem salon\u00f3w Toyoty i dwa Lexusa. Przez 35 lat zesp\u00f3\u0142 powi\u0119kszy\u0142 si\u0119 z dziewi\u0119ciu do blisko 700 os\u00f3b. To w\u0142a\u015bnie ludzie, jak podkre\u015bla Roman Walder, byli fundamentem tego rozwoju.<\/p>\n<p>\n            <a href=\"https:\/\/s-trojmiasto.pl\/zdj\/c\/n\/9\/4410\/1920x0\/4410660-Obecne-wnetrze-salonu-Toyota-Walder-w-Chwaszczynie.webp\" target=\"_blank\" data-slide-name=\"860286\" data-lightbox-target=\"photo full\" data-sub-html=\"&lt;h4&gt;Obecne wn\u0119trze salonu Toyota Walder w Chwaszczynie.&lt;\/h4&gt;&lt;p&gt;fot. Grupa Walder&lt;\/p&gt;&#010;\" class=\"photoMarker__link\" data-filter-brightness=\"brightness--100\" rel=\"nofollow noopener\"><\/p>\n<p>    <img decoding=\"async\" style=\"height:453px; aspect-ratio: 1.65517\/1; filter:brightness(1);\" alt=\"Obecne wn\u0119trze salonu Toyota Walder w Chwaszczynie.\" src=\"https:\/\/www.europesays.com\/pl\/wp-content\/uploads\/2026\/09\/4410660-Obecne-wnetrze-salonu-Toyota-Walder-w-Chwaszczynie.webp\" class=\"photoMarker__img lazy\" data-slider=\"img\"\/><\/p>\n<p>            <\/a><\/p>\n<p><\/p>\n<p>35 lat = 35 proc. rabatu dla klient\u00f3w<\/p>\n<p>Jubileusz to te\u017c korzy\u015bci dla klient\u00f3w. We wrze\u015bniu, w ramach akcji &#8222;35 lat = 35 proc.&#8221;, Toyota Walder oferuje rabaty m.in. na:<\/p>\n<p>hak holowniczy z monta\u017cem,monta\u017c alarmu,elektryczne klapy baga\u017cnika,zabezpieczenie nadwozia pow\u0142ok\u0105 ceramiczn\u0105,konserwacj\u0119 podwozia.<br \/>Dla aut co najmniej 4-letnich to dodatkowo 20 proc. rabatu na serwis i 15 proc. na cz\u0119\u015bci. W ofercie znajduje si\u0119 te\u017c kredyt 50\/50 i inne promocje finansowe.<\/p>\n<p>\n            <a href=\"https:\/\/s-trojmiasto.pl\/zdj\/c\/n\/9\/4410\/1200x0\/4410659-Jubileuszowa-oferta-dla-klientow-Toyota-Walder.webp\" target=\"_blank\" data-slide-name=\"860285\" data-lightbox-target=\"photo full\" data-sub-html=\"&lt;h4&gt;Jubileuszowa oferta dla klient\u00f3w Toyota Walder.&lt;\/h4&gt;&lt;p&gt;fot. Grupa Walder&lt;\/p&gt;&#010;\" class=\"photoMarker__link\" data-filter-brightness=\"brightness--100\" rel=\"nofollow noopener\"><\/p>\n<p>    <img decoding=\"async\" style=\"height:392px; aspect-ratio: 1.91083\/1; filter:brightness(1);\" alt=\"Jubileuszowa oferta dla klient\u00f3w Toyota Walder.\" src=\"https:\/\/www.europesays.com\/pl\/wp-content\/uploads\/2026\/09\/4410659-Jubileuszowa-oferta-dla-klientow-Toyota-Walder.webp\" class=\"photoMarker__img lazy\" data-slider=\"img\"\/><\/p>\n<p>            <\/a><\/p>\n<p><\/p>\n<p>Razem od pocz\u0105tku. I dalej<\/p>\n<p>35 lat historii to fundament, na kt\u00f3rym budujemy przysz\u0142o\u015b\u0107. Rynek i oczekiwania klient\u00f3w ulegaj\u0105 zmianom, a my nadal chcemy si\u0119 rozwija\u0107. Jednak wraz ze wzrostem skali nie chcemy straci\u0107 podstawy naszej dzia\u0142alno\u015bci: bliskiej relacji z klientami &#8211; m\u00f3wi Krzysztof Walder, prezes Grupy Walder.<br \/>35 lat temu Toyota rozpocz\u0119\u0142a swoj\u0105 drog\u0119 w Polsce, a razem z ni\u0105 Grupa Walder. Je\u015bli my\u015blisz o nowym aucie lub przegl\u0105dzie, to dobry moment, by sprawdzi\u0107 jubileuszow\u0105 ofert\u0119 w salonach Toyota Walder.<\/p>\n<p>\n            <a href=\"https:\/\/s-trojmiasto.pl\/zdj\/c\/n\/9\/4410\/1920x0\/4410658-Krzysztof-i-Roman-Walder.webp\" target=\"_blank\" data-slide-name=\"860284\" data-lightbox-target=\"photo full\" data-sub-html=\"&lt;h4&gt;Krzysztof i Roman Walder.&lt;\/h4&gt;&lt;p&gt;fot. Grupa Walder&lt;\/p&gt;&#010;\" class=\"photoMarker__link\" data-filter-brightness=\"brightness--100\" rel=\"nofollow noopener\"><\/p>\n<p>    <img decoding=\"async\" style=\"height:562px; aspect-ratio: 1.33353\/1; filter:brightness(1);\" alt=\"Krzysztof i Roman Walder.\" src=\"https:\/\/www.europesays.com\/pl\/wp-content\/uploads\/2026\/09\/4410658-Krzysztof-i-Roman-Walder.webp\" class=\"photoMarker__img lazy\" data-slider=\"img\"\/><\/p>\n<p>            <\/a><\/p>\n","protected":false},"excerpt":{"rendered":"Je\u015bli mieszkasz w Tr\u00f3jmie\u015bcie, na pewno zdarzy\u0142o ci si\u0119 przejecha\u0107 obok salonu Toyoty w Rumi, Chwaszczynie albo salonu&hellip;\n","protected":false},"author":2,"featured_media":659515,"comment_status":"","ping_status":"","sticky":false,"template":"","format":"standard","meta":{"footnotes":"","_share_on_mastodon":"0"},"categories":[51610],"tags":[128368,7750,3112,14818,128371,31688,14816,14813,1048,75155,291,9558,1244,10855,4037,14814,14817,14815,1232,42,38,40,39,41,1367,35856,4036,128369,2403,1357,14819,9104,3355,3083,128370,4000,95,14820],"class_list":["post-659514","post","type-post","status-publish","format-standard","has-post-thumbnail","category-gdansk","tag-anro-trade","tag-artykuly","tag-auto","tag-autohandel","tag-chwaszczyn","tag-chwaszczyno","tag-czesci-zamienne","tag-dealer","tag-gdansk","tag-grupa-walder","tag-historia","tag-komis","tag-lexus","tag-lider","tag-marka","tag-modele","tag-moto","tag-motocykle","tag-motoryzacja","tag-pl","tag-poland","tag-polish","tag-polska","tag-polski","tag-porady","tag-pozycja","tag-rok","tag-roman-walder","tag-rumia","tag-salon","tag-salon-samochodowy","tag-samochody","tag-testy","tag-toyota","tag-toyota-motor-poland","tag-trojmiasto","tag-umowa","tag-uslugi-motoryzacyjne"],"share_on_mastodon":{"url":"https:\/\/pubeurope.com\/@pl\/117194770591637478","error":""},"_links":{"self":[{"href":"https:\/\/www.europesays.com\/pl\/wp-json\/wp\/v2\/posts\/659514","targetHints":{"allow":["GET"]}}],"collection":[{"href":"https:\/\/www.europesays.com\/pl\/wp-json\/wp\/v2\/posts"}],"about":[{"href":"https:\/\/www.europesays.com\/pl\/wp-json\/wp\/v2\/types\/post"}],"author":[{"embeddable":true,"href":"https:\/\/www.europesays.com\/pl\/wp-json\/wp\/v2\/users\/2"}],"replies":[{"embeddable":true,"href":"https:\/\/www.europesays.com\/pl\/wp-json\/wp\/v2\/comments?post=659514"}],"version-history":[{"count":0,"href":"https:\/\/www.europesays.com\/pl\/wp-json\/wp\/v2\/posts\/659514\/revisions"}],"wp:featuredmedia":[{"embeddable":true,"href":"https:\/\/www.europesays.com\/pl\/wp-json\/wp\/v2\/media\/659515"}],"wp:attachment":[{"href":"https:\/\/www.europesays.com\/pl\/wp-json\/wp\/v2\/media?parent=659514"}],"wp:term":[{"taxonomy":"category","embeddable":true,"href":"https:\/\/www.europesays.com\/pl\/wp-json\/wp\/v2\/categories?post=659514"},{"taxonomy":"post_tag","embeddable":true,"href":"https:\/\/www.europesays.com\/pl\/wp-json\/wp\/v2\/tags?post=659514"}],"curies":[{"name":"wp","href":"https:\/\/api.w.org\/{rel}","templated":true}]}}