{"id":659516,"date":"2026-09-01T08:10:14","date_gmt":"2026-09-01T08:10:14","guid":{"rendered":"https:\/\/www.europesays.com\/pl\/659516\/"},"modified":"2026-09-01T08:10:14","modified_gmt":"2026-09-01T08:10:14","slug":"flydubai-odklada-powrot-do-poznania","status":"publish","type":"post","link":"https:\/\/www.europesays.com\/pl\/659516\/","title":{"rendered":"flydubai odk\u0142ada powr\u00f3t do Poznania"},"content":{"rendered":"<p>flydubai nie wznowi 2 pa\u017adziernika bezpo\u015brednich lot\u00f3w mi\u0119dzy Dubajem a Poznaniem. Przewo\u017anik usun\u0105\u0142 z systemu sprzeda\u017cowego mo\u017cliwo\u015b\u0107 rezerwacji rejs\u00f3w na tej trasie po tym terminie. Powr\u00f3t przewo\u017anika na \u0141awic\u0119 pozostaje wci\u0105\u017c niepewny. <\/p>\n<p><a href=\"https:\/\/www.google.com\/url?sa=t&amp;source=web&amp;rct=j&amp;opi=89978449&amp;url=https:\/\/www.rynek-lotniczy.pl\/wiadomosci\/flydubai-w-poznaniu-juz-oficjalnie-17491.html\" target=\"_blank\" rel=\"nofollow noopener\">Linie flydubai pojawi\u0142y si\u0119 na pozna\u0144skim lotnisku w 2023 r.<\/a> Uruchomienie bezpo\u015bredniego po\u0142\u0105czenia z Dubajem by\u0142o wa\u017cnym wydarzeniem dla \u0141awicy, poniewa\u017c zapewnia\u0142o mieszka\u0144com Wielkopolski dost\u0119p do jednego z najwa\u017cniejszych lotniczych hub\u00f3w na \u015bwiecie. Po\u0142\u0105czenie mia\u0142o znaczenie nie tylko dla turyst\u00f3w wybieraj\u0105cych Zjednoczone Emiraty Arabskie jako podr\u00f3\u017cnicz\u0105 destynacj\u0119. Dzi\u0119ki rozbudowanej siatce po\u0142\u0105cze\u0144 flydubai (we wsp\u00f3\u0142pracy z Emirates) pasa\u017cerowie z Poznania mogli korzysta\u0107 r\u00f3wnie\u017c z dogodnych przesiadek w dalszej podr\u00f3\u017cy.<\/p>\n<p>Ostatnie miesi\u0105ce przynios\u0142y jednak du\u017c\u0105 niepewno\u015b\u0107 dotycz\u0105c\u0105 sytuacji bezpiecze\u0144stwa na Bliskim Wschodzie. Ma ona wp\u0142yw nie tylko na dzia\u0142alno\u015b\u0107 przewo\u017anik\u00f3w operuj\u0105cych w regionie, ale r\u00f3wnie\u017c na decyzje pasa\u017cer\u00f3w dotycz\u0105ce podr\u00f3\u017cy. Popyt na bezpo\u015brednie rejsy do i z Dubaju jest obecnie niewielki. Cz\u0119\u015b\u0107 podr\u00f3\u017cnych rezygnuje z wyjazd\u00f3w do regionu, odk\u0142ada je na p\u00f3\u017aniej lub wybiera inne kierunki. Dla linii lotniczych oznacza to konieczno\u015b\u0107 ostro\u017cniejszego planowania po\u0142\u0105cze\u0144 i dostosowywania oferowania do rzeczywistego zainteresowania pasa\u017cer\u00f3w.<\/p>\n<p><a href=\"https:\/\/www.rynek-lotniczy.pl\/wiadomosci\/ruch-zamarl-flydubai-ogranicza-loty-do-polski---27591.html\" target=\"_blank\" rel=\"nofollow noopener\">Planowany na 2 pa\u017adziernika powr\u00f3t flydubai<\/a> na \u0141awic\u0119 mia\u0142 da\u0107 mo\u017cliwo\u015b\u0107 ponownej (bezpo\u015bredniej) podr\u00f3\u017cy lotniczej mi\u0119dzy Dubajem a Poznaniem. Ostatecznie termin ten zosta\u0142 jednak usuni\u0119ty z plan\u00f3w przewo\u017anika. Kolejna mo\u017cliwo\u015b\u0107 rezerwacji pojawia si\u0119 dopiero od 28 marca 2027 roku. Obecnie trudno jednak traktowa\u0107 t\u0119 dat\u0119 jako pewny termin powrotu flydubai do Poznania. Linie lotnicze cz\u0119sto udost\u0119pniaj\u0105 w sprzeda\u017cy rozk\u0142ad z du\u017cym wyprzedzeniem, a nast\u0119pnie dostosowuj\u0105 go do sytuacji rynkowej. W przypadku po\u0142\u0105czenia do Dubaju szczeg\u00f3lnie istotne znaczenie ma obecnie sytuacja geopolityczna.<\/p>\n","protected":false},"excerpt":{"rendered":"flydubai nie wznowi 2 pa\u017adziernika bezpo\u015brednich lot\u00f3w mi\u0119dzy Dubajem a Poznaniem. Przewo\u017anik usun\u0105\u0142 z systemu sprzeda\u017cowego mo\u017cliwo\u015b\u0107 rezerwacji&hellip;\n","protected":false},"author":2,"featured_media":659517,"comment_status":"","ping_status":"","sticky":false,"template":"","format":"standard","meta":{"footnotes":"","_share_on_mastodon":"0"},"categories":[51609],"tags":[94799,1625,94797,68692,42,38,40,39,41,79047,51827,1817,51829,128372],"class_list":["post-659516","post","type-post","status-publish","format-standard","has-post-thumbnail","category-poznan","tag-dubai-airport","tag-dubaj","tag-flydubai","tag-lotnisko-poznan","tag-pl","tag-poland","tag-polish","tag-polska","tag-polski","tag-polaczenia-lotnicze","tag-port-lotniczy-poznan-lawica","tag-poznan","tag-poznan-airport","tag-uae"],"share_on_mastodon":{"url":"https:\/\/pubeurope.com\/@pl\/117194773221963262","error":""},"_links":{"self":[{"href":"https:\/\/www.europesays.com\/pl\/wp-json\/wp\/v2\/posts\/659516","targetHints":{"allow":["GET"]}}],"collection":[{"href":"https:\/\/www.europesays.com\/pl\/wp-json\/wp\/v2\/posts"}],"about":[{"href":"https:\/\/www.europesays.com\/pl\/wp-json\/wp\/v2\/types\/post"}],"author":[{"embeddable":true,"href":"https:\/\/www.europesays.com\/pl\/wp-json\/wp\/v2\/users\/2"}],"replies":[{"embeddable":true,"href":"https:\/\/www.europesays.com\/pl\/wp-json\/wp\/v2\/comments?post=659516"}],"version-history":[{"count":0,"href":"https:\/\/www.europesays.com\/pl\/wp-json\/wp\/v2\/posts\/659516\/revisions"}],"wp:featuredmedia":[{"embeddable":true,"href":"https:\/\/www.europesays.com\/pl\/wp-json\/wp\/v2\/media\/659517"}],"wp:attachment":[{"href":"https:\/\/www.europesays.com\/pl\/wp-json\/wp\/v2\/media?parent=659516"}],"wp:term":[{"taxonomy":"category","embeddable":true,"href":"https:\/\/www.europesays.com\/pl\/wp-json\/wp\/v2\/categories?post=659516"},{"taxonomy":"post_tag","embeddable":true,"href":"https:\/\/www.europesays.com\/pl\/wp-json\/wp\/v2\/tags?post=659516"}],"curies":[{"name":"wp","href":"https:\/\/api.w.org\/{rel}","templated":true}]}}