{"id":659518,"date":"2026-09-01T08:11:27","date_gmt":"2026-09-01T08:11:27","guid":{"rendered":"https:\/\/www.europesays.com\/pl\/659518\/"},"modified":"2026-09-01T08:11:27","modified_gmt":"2026-09-01T08:11:27","slug":"lodz-oberek-repeat-premiera-13-wrzesnia-w-miejskiej-strefie-kultury-niciarniana","status":"publish","type":"post","link":"https:\/\/www.europesays.com\/pl\/659518\/","title":{"rendered":"\u0141\u00f3d\u017a. OBEREK.Repeat \u2013 premiera 13 wrze\u015bnia w Miejskiej Strefie Kultury Niciarniana"},"content":{"rendered":"<p>OBEREK.Repeat to projekt choreograficzny, kt\u00f3ry podejmuje pr\u00f3b\u0119 ponownego odczytania jednej z najbardziej charakterystycznych form polskiego ta\u0144ca tradycyjnego poprzez wsp\u00f3\u0142czesne cia\u0142o, ruch i muzyk\u0119.<\/p>\n<p>            <a data-lightbox=\"article-gallery\" href=\"https:\/\/e-teatr.pl\/files\/multimedias\/182521\/Kopia_plakat_dr.jpg\" rel=\"nofollow noopener\" target=\"_blank\">&#13;<br \/>\n        <img loading=\"lazy\" decoding=\"async\" src=\"https:\/\/www.europesays.com\/pl\/wp-content\/uploads\/2026\/09\/thumb_Kopia_plakat_dr.jpg\" alt=\"\" title=\"\" width=\"800\" height=\"1132\"\/>      <\/a><\/p>\n<p>fot. mat. teatru<\/p>\n<p>Punktem wyj\u015bcia jest oberek, taniec oparty na energii, rytmie, wirowaniu, relacji i wsp\u00f3lnym pulsie. Tw\u00f3rcy nie traktuj\u0105 go jednak jako zamkni\u0119tej formy nale\u017c\u0105cej do przesz\u0142o\u015bci. Staje si\u0119 on \u017cywym materia\u0142em do eksperymentu choreograficznego oraz punktem wyj\u015bcia do poszukiwania nowych jako\u015bci ruchowych.<\/p>\n<p>Do projektu zaproszeni zostali m\u0142odzi tancerze reprezentuj\u0105cy dwa r\u00f3\u017cne do\u015bwiadczenia ruchowe: studenci kierunku Choreografia i Techniki Ta\u0144ca Akademii Muzycznej im. Gra\u017cyny i Kiejstuta Bacewicz\u00f3w w \u0141odzi oraz tancerki i tancerze Zespo\u0142u Pie\u015bni i Ta\u0144ca \u201eAnilana\u201d, dzia\u0142aj\u0105cego przy MSK: Niciarniana.<\/p>\n<p>W wyniku warsztat\u00f3w i castingu wy\u0142oniono 12 osobowy zesp\u00f3\u0142 wykonawczy, kt\u00f3ry pod okiem choreograf\u00f3w pracuje nad stworzeniem nowej scenicznej interpretacji oberka. Spotykaj\u0105 si\u0119 tu dwa r\u00f3\u017cne sposoby my\u015blenia o ruchu: z jednej strony tradycja i praktyka ta\u0144ca ludowego, z drugiej wsp\u00f3\u0142czesne przygotowanie taneczne, improwizacja i poszukiwanie autorskiego j\u0119zyka choreograficznego.<\/p>\n<p>Koncepcja i choreografia: Olga Bury i Piotr Stanek<br \/>Muzyka: Maniucha Bikont<br \/>Kostiumy: Daniel Okrasa<br \/>\u015awiat\u0142o: Ewa Garniec<br \/>Konsultacja choreograficzna: Pawe\u0142 Skalski i Jacek Owczarek<\/p>\n<p>Premiera<br \/>13 wrze\u015bnia 2026<br \/>godz. 18:15<br \/>MSK: Niciarniana, \u0141\u00f3d\u017a<\/p>\n<p>Projekt realizowany jest dzi\u0119ki dofinansowaniu Narodowego Instytutu Muzyki i Ta\u0144ca w ramach programu w\u0142asnego \u201eZam\u00f3wienia Choreograficzne 2026\u201d, finansowanego ze \u015brodk\u00f3w Ministerstwa Kultury i Dziedzictwa Narodowego.<\/p>\n","protected":false},"excerpt":{"rendered":"OBEREK.Repeat to projekt choreograficzny, kt\u00f3ry podejmuje pr\u00f3b\u0119 ponownego odczytania jednej z najbardziej charakterystycznych form polskiego ta\u0144ca tradycyjnego poprzez&hellip;\n","protected":false},"author":2,"featured_media":659519,"comment_status":"","ping_status":"","sticky":false,"template":"","format":"standard","meta":{"footnotes":"","_share_on_mastodon":"0"},"categories":[51608],"tags":[2434,8588,6588,17490,16331,51630,3652,42,38,40,39,41,649,650,11541,51629,8815,51631,8767,51628,800,8816],"class_list":["post-659518","post","type-post","status-publish","format-standard","has-post-thumbnail","category-lodz","tag-aktor","tag-aktorzy","tag-festiwal","tag-festiwale","tag-kariera","tag-kariery","tag-lodz","tag-pl","tag-poland","tag-polish","tag-polska","tag-polski","tag-premiera","tag-premiery","tag-realizacja","tag-realizacje","tag-repertuar","tag-ruch-teatralny","tag-sztuka","tag-sztuki","tag-teatr","tag-teatry"],"share_on_mastodon":{"url":"https:\/\/pubeurope.com\/@pl\/117194778367204724","error":""},"_links":{"self":[{"href":"https:\/\/www.europesays.com\/pl\/wp-json\/wp\/v2\/posts\/659518","targetHints":{"allow":["GET"]}}],"collection":[{"href":"https:\/\/www.europesays.com\/pl\/wp-json\/wp\/v2\/posts"}],"about":[{"href":"https:\/\/www.europesays.com\/pl\/wp-json\/wp\/v2\/types\/post"}],"author":[{"embeddable":true,"href":"https:\/\/www.europesays.com\/pl\/wp-json\/wp\/v2\/users\/2"}],"replies":[{"embeddable":true,"href":"https:\/\/www.europesays.com\/pl\/wp-json\/wp\/v2\/comments?post=659518"}],"version-history":[{"count":0,"href":"https:\/\/www.europesays.com\/pl\/wp-json\/wp\/v2\/posts\/659518\/revisions"}],"wp:featuredmedia":[{"embeddable":true,"href":"https:\/\/www.europesays.com\/pl\/wp-json\/wp\/v2\/media\/659519"}],"wp:attachment":[{"href":"https:\/\/www.europesays.com\/pl\/wp-json\/wp\/v2\/media?parent=659518"}],"wp:term":[{"taxonomy":"category","embeddable":true,"href":"https:\/\/www.europesays.com\/pl\/wp-json\/wp\/v2\/categories?post=659518"},{"taxonomy":"post_tag","embeddable":true,"href":"https:\/\/www.europesays.com\/pl\/wp-json\/wp\/v2\/tags?post=659518"}],"curies":[{"name":"wp","href":"https:\/\/api.w.org\/{rel}","templated":true}]}}