{"id":659542,"date":"2026-09-01T08:23:12","date_gmt":"2026-09-01T08:23:12","guid":{"rendered":"https:\/\/www.europesays.com\/pl\/659542\/"},"modified":"2026-09-01T08:23:12","modified_gmt":"2026-09-01T08:23:12","slug":"atak-na-12-latke-inna-czynnosc-seksualna-mial-noz","status":"publish","type":"post","link":"https:\/\/www.europesays.com\/pl\/659542\/","title":{"rendered":"Atak na 12-latk\u0119. &#8222;Inna czynno\u015b\u0107 seksualna&#8221;. Mia\u0142 n\u00f3\u017c"},"content":{"rendered":"<p>Serwis PolskieRadio24.pl donosi, \u017ce napastnik mia\u0142 przy sobie n\u00f3\u017c, a\u00a0poza tym mia\u0142o doj\u015b\u0107 do &#8222;innej czynno\u015bci seksualnej&#8221; wobec nieletniej. <\/p>\n<p>Funkcjonariusze zajmuj\u0105 si\u0119 ustalaniem okoliczno\u015bci zdarzenia.<\/p>\n<p>Jednocze\u015bnie poinformowa\u0142a, \u017ce na razie nic nie wskazuje na to, by zdarzenie mo\u017cna by\u0142o \u0142\u0105czy\u0107 z\u00a0g\u0142o\u015bnym zab\u00f3jstwem w\u00a0K\u0119dzierzynie-Ko\u017alu.<\/p>\n<p>Przypomnijmy, \u017ce w\u00a0pi\u0105tek (28 sierpnia) w\u00a0tamtejszym lesie znaleziono cia\u0142o 49-letniej kobiety. Obra\u017cenia jednoznacznie wskazywa\u0142y za\u015b na to, \u017ce dosz\u0142o do morderstwa. Sprawca na razie pozostaje nieuchwytny.<\/p>\n","protected":false},"excerpt":{"rendered":"Serwis PolskieRadio24.pl donosi, \u017ce napastnik mia\u0142 przy sobie n\u00f3\u017c, a\u00a0poza tym mia\u0142o doj\u015b\u0107 do &#8222;innej czynno\u015bci seksualnej&#8221; wobec&hellip;\n","protected":false},"author":2,"featured_media":659543,"comment_status":"","ping_status":"","sticky":false,"template":"","format":"standard","meta":{"footnotes":"","_share_on_mastodon":"0"},"categories":[12],"tags":[32,33,36,37,27,34,35,28,31,25,42,38,40,39,41,29,30,26],"class_list":["post-659542","post","type-post","status-publish","format-standard","has-post-thumbnail","category-polska","tag-breaking-news","tag-breakingnews","tag-featured-news","tag-featurednews","tag-headlines","tag-latest-news","tag-latestnews","tag-naglowki","tag-najwazniejsze-artykuly","tag-news","tag-pl","tag-poland","tag-polish","tag-polska","tag-polski","tag-top-stories","tag-topstories","tag-wiadomosci"],"share_on_mastodon":{"url":"https:\/\/pubeurope.com\/@pl\/117194824430195022","error":""},"_links":{"self":[{"href":"https:\/\/www.europesays.com\/pl\/wp-json\/wp\/v2\/posts\/659542","targetHints":{"allow":["GET"]}}],"collection":[{"href":"https:\/\/www.europesays.com\/pl\/wp-json\/wp\/v2\/posts"}],"about":[{"href":"https:\/\/www.europesays.com\/pl\/wp-json\/wp\/v2\/types\/post"}],"author":[{"embeddable":true,"href":"https:\/\/www.europesays.com\/pl\/wp-json\/wp\/v2\/users\/2"}],"replies":[{"embeddable":true,"href":"https:\/\/www.europesays.com\/pl\/wp-json\/wp\/v2\/comments?post=659542"}],"version-history":[{"count":0,"href":"https:\/\/www.europesays.com\/pl\/wp-json\/wp\/v2\/posts\/659542\/revisions"}],"wp:featuredmedia":[{"embeddable":true,"href":"https:\/\/www.europesays.com\/pl\/wp-json\/wp\/v2\/media\/659543"}],"wp:attachment":[{"href":"https:\/\/www.europesays.com\/pl\/wp-json\/wp\/v2\/media?parent=659542"}],"wp:term":[{"taxonomy":"category","embeddable":true,"href":"https:\/\/www.europesays.com\/pl\/wp-json\/wp\/v2\/categories?post=659542"},{"taxonomy":"post_tag","embeddable":true,"href":"https:\/\/www.europesays.com\/pl\/wp-json\/wp\/v2\/tags?post=659542"}],"curies":[{"name":"wp","href":"https:\/\/api.w.org\/{rel}","templated":true}]}}