{"id":659544,"date":"2026-09-01T08:24:09","date_gmt":"2026-09-01T08:24:09","guid":{"rendered":"https:\/\/www.europesays.com\/pl\/659544\/"},"modified":"2026-09-01T08:24:09","modified_gmt":"2026-09-01T08:24:09","slug":"wielka-podwyzka-na-stacjach-w-polsce-oto-ceny-paliw-dzisiaj","status":"publish","type":"post","link":"https:\/\/www.europesays.com\/pl\/659544\/","title":{"rendered":"Wielka podwy\u017cka na stacjach w Polsce. Oto ceny paliw dzisiaj"},"content":{"rendered":"<p data-section=\"detail-body\">1 wrze\u015bnia to czarny dzie\u0144 dla polskich kierowc\u00f3w, kt\u00f3rzy zn\u00f3w musz\u0105 mierzy\u0107 si\u0119 z wysokimi cenami paliw. W niedziel\u0119 i poniedzia\u0142ek na stacjach ustawia\u0142y si\u0119 kolejki tych, kt\u00f3rzy chcieli zd\u0105\u017cy\u0107 przed wyga\u015bni\u0119ciem rz\u0105dowego pakietu CPN 2.0. Na wielu stacjach zabrak\u0142o paliwa. W nocy z poniedzia\u0142ku na wtorek ceny skoczy\u0142y. &#8222;Powr\u00f3t do paliwowej rzeczywisto\u015bci ON +1,11 z\u0142 95 +1,20 z\u0142 98 +1,22 z\u0142&#8221; \u2014 napisa\u0142 na X we wtorek rano ekonomista Rafa\u0142 Mundry. Pokaza\u0142 te\u017c zdj\u0119cia cenowych pylon\u00f3w na jednej ze stacji we Wroc\u0142awiu.<\/p>\n<p class=\"article_p\" data-section=\"detail-body\">Zobacz tak\u017ce: <a href=\"https:\/\/businessinsider.com.pl\/poradnik-finansowy\/koniec-cpn-20-oto-nowe-ceny-paliw-tyle-od-wtorku-zaplaca-polacy\/hll0e98\" id=\"7ca5c67a-987c-4884-adef-2a453dd9b791\" rel=\"nofollow noopener\" target=\"_blank\">Koniec CPN 2.0. Oto nowe ceny paliw. Tyle od wtorku zap\u0142ac\u0105 Polacy<\/a><\/p>\n<p>        Dalszy ci\u0105g artyku\u0142u pod materia\u0142em wideo <\/p>\n<p>        Ceny paliw ostro w g\u00f3r\u0119<\/p>\n<p class=\"article_p\" data-section=\"detail-body\">Eksperci BM Reflex prognozowali, \u017ce cena benzyny przekroczy z dniem 1 wrze\u015bnia 7,35 z\u0142 za litr, co oznacza wzrost o ok. 80 gr, a olej nap\u0119dowy zdro\u017ceje o ok. 67 gr \u2014 do 8,09 z\u0142 za litr. Okazuje si\u0119 jednak, \u017ce wzrost cen jest wy\u017cszy ni\u017c prognozy. Zdaniem ekonomisty Rafa\u0142a Mundrego ceny wszystkich paliw s\u0105 wy\u017csze o ponad 1 z\u0142 na litrze.<\/p>\n<p class=\"article_p\" data-section=\"detail-body\">Zobacz tak\u017ce: <a href=\"https:\/\/www.onet.pl\/informacje\/onetwiadomosci\/kierowcy-ruszyli-na-stacje-dlugie-kolejki-i-pierwsze-sygnaly-o-brakach-paliwa\/f221wp6,79cfc278\" id=\"eafb7d8c-e416-48c2-bf4e-f2985b054a84\" rel=\"nofollow noopener\" target=\"_blank\">Kolejki na stacjach i braki paliwa. Kierowcy chc\u0105 zd\u0105\u017cy\u0107 przed p\u00f3\u0142noc\u0105<\/a><\/p>\n<p>            Czytaj tak\u017ce w BUSINESS INSIDER<\/p>\n<p class=\"article_p\" data-section=\"detail-body\">Z informacji RMF FM wynika z kolei, \u017ce na stacji benzynowej przy Wis\u0142ostradzie w Warszawie, za litr benzyny 95 zap\u0142acimy dzi\u015b 7,64 z\u0142. Na tej samej stacji olej nap\u0119dowy kosztuje 8,49 z\u0142.<\/p>\n<p class=\"article_p\" data-section=\"detail-body\">Ceny na innej warszawskiej stacji uchwyci\u0142 Jakub Wiech, dziennikarz prowadz\u0105cy podcast &#8222;Elektryfikacja&#8221;. Wed\u0142ug jego obserwacji cena benzyny 95 1 wrze\u015bnia to 7,64 z\u0142, a oleju nap\u0119dowego \u2014 8,39 z\u0142.<\/p>\n","protected":false},"excerpt":{"rendered":"1 wrze\u015bnia to czarny dzie\u0144 dla polskich kierowc\u00f3w, kt\u00f3rzy zn\u00f3w musz\u0105 mierzy\u0107 si\u0119 z wysokimi cenami paliw. W&hellip;\n","protected":false},"author":2,"featured_media":659545,"comment_status":"","ping_status":"","sticky":false,"template":"","format":"standard","meta":{"footnotes":"","_share_on_mastodon":"0"},"categories":[5],"tags":[32,33,36,37,27,34,35,28,31,25,42,38,40,39,41,29,30,26],"class_list":["post-659544","post","type-post","status-publish","format-standard","has-post-thumbnail","category-naglowki","tag-breaking-news","tag-breakingnews","tag-featured-news","tag-featurednews","tag-headlines","tag-latest-news","tag-latestnews","tag-naglowki","tag-najwazniejsze-artykuly","tag-news","tag-pl","tag-poland","tag-polish","tag-polska","tag-polski","tag-top-stories","tag-topstories","tag-wiadomosci"],"share_on_mastodon":{"url":"https:\/\/pubeurope.com\/@pl\/117194828526107171","error":""},"_links":{"self":[{"href":"https:\/\/www.europesays.com\/pl\/wp-json\/wp\/v2\/posts\/659544","targetHints":{"allow":["GET"]}}],"collection":[{"href":"https:\/\/www.europesays.com\/pl\/wp-json\/wp\/v2\/posts"}],"about":[{"href":"https:\/\/www.europesays.com\/pl\/wp-json\/wp\/v2\/types\/post"}],"author":[{"embeddable":true,"href":"https:\/\/www.europesays.com\/pl\/wp-json\/wp\/v2\/users\/2"}],"replies":[{"embeddable":true,"href":"https:\/\/www.europesays.com\/pl\/wp-json\/wp\/v2\/comments?post=659544"}],"version-history":[{"count":0,"href":"https:\/\/www.europesays.com\/pl\/wp-json\/wp\/v2\/posts\/659544\/revisions"}],"wp:featuredmedia":[{"embeddable":true,"href":"https:\/\/www.europesays.com\/pl\/wp-json\/wp\/v2\/media\/659545"}],"wp:attachment":[{"href":"https:\/\/www.europesays.com\/pl\/wp-json\/wp\/v2\/media?parent=659544"}],"wp:term":[{"taxonomy":"category","embeddable":true,"href":"https:\/\/www.europesays.com\/pl\/wp-json\/wp\/v2\/categories?post=659544"},{"taxonomy":"post_tag","embeddable":true,"href":"https:\/\/www.europesays.com\/pl\/wp-json\/wp\/v2\/tags?post=659544"}],"curies":[{"name":"wp","href":"https:\/\/api.w.org\/{rel}","templated":true}]}}