{"id":659568,"date":"2026-09-01T08:43:12","date_gmt":"2026-09-01T08:43:12","guid":{"rendered":"https:\/\/www.europesays.com\/pl\/659568\/"},"modified":"2026-09-01T08:43:12","modified_gmt":"2026-09-01T08:43:12","slug":"wroclaw-gotowy-na-nowy-rok-szkolny-ponad-92-tys-uczniow-i-przedszkolakow-wraca-do-nauki","status":"publish","type":"post","link":"https:\/\/www.europesays.com\/pl\/659568\/","title":{"rendered":"Wroc\u0142aw gotowy na nowy rok szkolny. Ponad 92 tys. uczni\u00f3w i przedszkolak\u00f3w wraca do nauki"},"content":{"rendered":"<p>&#13;<br \/>\n                                        &#13;<\/p>\n<p>Ponad\u00a092,6 tys. uczni\u00f3w i przedszkolak\u00f3w rozpocznie we Wroc\u0142awiu rok szkolny 2026\/2027. Miasto zapowiada dostosowywanie liczby oddzia\u0142\u00f3w i funkcji plac\u00f3wek do zmieniaj\u0105cych si\u0119 potrzeb dzieci. Nowy rok szkolny to tak\u017ce rekordowe wakacyjne remonty \u2013 blisko 160 plac\u00f3wek za 183 mln z\u0142 \u2013 oraz otwarcie nowego Zespo\u0142u Szkolno-Przedszkolnego nr 27 przy ul. Zwyci\u0119skiej.<\/p>\n<p>&#13;<\/p>\n<p>We wroc\u0142awskich szko\u0142ach podstawowych nauk\u0119 rozpocznie oko\u0142o 49,5 tys. uczni\u00f3w, a w szko\u0142ach ponadpodstawowych \u2013 31,1 tys. Do przedszkoli p\u00f3jdzie oko\u0142o 12 tys. dzieci. Dla oko\u0142o 5,5 tys. dzieci b\u0119dzie to pierwszy rok w szkole podstawowej, a dla oko\u0142o 8,7 tys. uczni\u00f3w \u2013 pocz\u0105tek nauki w szkole ponadpodstawowej.<\/p>\n<p>&#13;<br \/>\nDostosowanie szk\u00f3\u0142 do potrzeb mieszka\u0144c\u00f3w&#13;<\/p>\n<p>Jednym z najwa\u017cniejszych za\u0142o\u017ce\u0144 miasta na kolejne lata jest dostosowanie sieci edukacyjnej do rzeczywistych potrzeb mieszka\u0144c\u00f3w. Nie jest planowana likwidacja \u017cadnej miejskiej szko\u0142y ani przedszkola. Zmienia\u0107 b\u0119dzie si\u0119 natomiast liczba oddzia\u0142\u00f3w \u2013 tam, gdzie dzieci jest mniej, klasy b\u0119d\u0105 mniejsze.<\/p>\n<p>&#13;<\/p>\n<p>Ma to pozwoli\u0107 na lepsze wykorzystanie istniej\u0105cej sieci plac\u00f3wek, a nauczycielom da\u0107 wi\u0119cej mo\u017cliwo\u015bci indywidualnej pracy z uczniami.<\/p>\n<p>&#13;<\/p>\n<p>\u2013 Nie chcemy zamyka\u0107 plac\u00f3wek, ale chcemy m\u0105drze dopasowywa\u0107 je do tego, jak zmienia si\u0119 liczba dzieci i ich potrzeby. Mniejsze oddzia\u0142y oznaczaj\u0105 wi\u0119cej czasu dla ucznia, lepsz\u0105 prac\u0119 nauczyciela i wi\u0119ksz\u0105 mo\u017cliwo\u015b\u0107 indywidualnego podej\u015bcia. R\u00f3wnolegle b\u0119dziemy dostosowywa\u0107 istniej\u0105ce szko\u0142y i przedszkola, tak aby by\u0142y dost\u0119pne tak\u017ce dla dzieci z niepe\u0142nosprawno\u015bciami \u2013 m\u00f3wi Ryszard Kessler, wiceprezydent Wroc\u0142awia.<\/p>\n<p>&#13;<br \/>\nEdukacja dla ka\u017cdego ucznia&#13;<\/p>\n<p>Wroc\u0142aw rozwija program \u201eEdukacja dla ka\u017cdego ucznia\u201d, kt\u00f3ry zak\u0142ada r\u00f3\u017cne \u015bcie\u017cki kszta\u0142cenia \u2013 od szk\u00f3\u0142 og\u00f3lnodost\u0119pnych i klas integracyjnych po szko\u0142y oraz przedszkola specjalne.<\/p>\n<p>&#13;<\/p>\n<p>Potrzeby w tym zakresie systematycznie rosn\u0105. W roku szkolnym 2023\/2024 kszta\u0142ceniem specjalnym obj\u0119tych by\u0142o 4663 dzieci i uczni\u00f3w, a w 2026 roku ju\u017c 7150. Najwi\u0119ksz\u0105 grup\u0119 \u2013 52 proc. \u2013 stanowi\u0105 dzieci i uczniowie z autyzmem, w tym z zespo\u0142em Aspergera.<\/p>\n<p>&#13;<\/p>\n<p>Od wrze\u015bnia we Wroc\u0142awiu powstanie 8 nowych oddzia\u0142\u00f3w \u2013 4 specjalne i 4 integracyjne. Tworzone s\u0105 r\u00f3wnie\u017c kolejne miejsca dla uczni\u00f3w ze spektrum autyzmu.<\/p>\n<p>&#13;<\/p>\n<p>\u2013 Chcemy, \u017ceby rodzice mieli realny wyb\u00f3r i mogli znale\u017a\u0107 dla swojego dziecka takie miejsce, kt\u00f3re najlepiej odpowiada jego potrzebom. Dlatego rozwijamy r\u00f3\u017cne formy edukacji \u2013 od klas og\u00f3lnodost\u0119pnych i integracyjnych po wyspecjalizowane oddzia\u0142y i plac\u00f3wki specjalne \u2013 m\u00f3wi Ryszard Kessler.<\/p>\n<p>&#13;<\/p>\n<p>Wroc\u0142aw prowadzi obecnie 11 szk\u00f3\u0142 specjalnych i przedszkole specjalne, zapewniaj\u0105ce ponad 1100 miejsc. W miejskich szko\u0142ach i przedszkolach dzia\u0142a tak\u017ce ponad 40 wind, 60 podjazd\u00f3w i 102 dostosowane sanitariaty.<\/p>\n<p>&#13;<br \/>\nRekordowe wakacyjne remonty&#13;<\/p>\n<p>Wakacje by\u0142y czasem intensywnych prac w miejskich plac\u00f3wkach. Remonty i modernizacje obj\u0119\u0142y blisko 160 szk\u00f3\u0142 i przedszkoli, a ich \u0142\u0105czna warto\u015b\u0107 wynios\u0142a 183 mln z\u0142.<\/p>\n<p>&#13;<\/p>\n<p>Prace obj\u0119\u0142y m.in. sanitariaty, sale lekcyjne, korytarze, instalacje, elewacje, boiska i place zabaw. W kilku plac\u00f3wkach powstaj\u0105 r\u00f3wnie\u017c nowe obiekty sportowe. Cz\u0119\u015b\u0107 prac b\u0119dzie kontynuowana w kolejnych tygodniach i miesi\u0105cach.<\/p>\n<p>&#13;<\/p>\n<p>\u2013 Wakacyjne remonty s\u0105 cz\u0119\u015bci\u0105 znacznie wi\u0119kszego procesu modernizacji miejskiej infrastruktury edukacyjnej. Robimy zar\u00f3wno mniejsze, ale bardzo potrzebne rzeczy \u2013 remontujemy toalety, korytarze, wymieniamy drzwi czy poprawiamy o\u015bwietlenie \u2013 jak i du\u017ce, wielomilionowe inwestycje, takie jak termomodernizacje, nowe obiekty sportowe czy ca\u0142e zespo\u0142y szkolno-przedszkolne. Tegoroczne wakacje pokazuj\u0105, \u017ce mo\u017cemy szybko i skutecznie poprawia\u0107 warunki, w kt\u00f3rych dzieci ucz\u0105 si\u0119 na co dzie\u0144. Chcemy ten kierunek kontynuowa\u0107 \u2013 m\u00f3wi Marcin Miedzi\u0144ski, zast\u0119pca dyrektora Departamentu Edukacji.<\/p>\n<p>&#13;<br \/>\nNowa szko\u0142a i przedszkole przy Zwyci\u0119skiej&#13;<\/p>\n<p>Nowy rok szkolny rozpoczyna r\u00f3wnie\u017c Zesp\u00f3\u0142 Szkolno-Przedszkolny nr 27 przy ul. Zwyci\u0119skiej. To jedna z najnowocze\u015bniejszych plac\u00f3wek edukacyjnych w Polsce i najwi\u0119ksza dot\u0105d miejska inwestycja edukacyjna we Wroc\u0142awiu. Jej warto\u015b\u0107 to blisko 100 mln z\u0142.<\/p>\n<p>&#13;<\/p>\n<p>Plac\u00f3wka zosta\u0142a zaprojektowana dla 1000 uczni\u00f3w i 200 przedszkolak\u00f3w. Znajduj\u0105 si\u0119 tu m.in. 33 sale lekcyjne, pracownie komputerowe i specjalistyczne, biblioteka multimedialna, kuchnia, sto\u0142\u00f3wka oraz rozbudowana baza sportowa.<\/p>\n<p>&#13;<\/p>\n<p>Budynek powsta\u0142 z du\u017cym naciskiem na ekologi\u0119 i oszcz\u0119dno\u015b\u0107 energii. Ma m.in. instalacj\u0119 fotowoltaiczn\u0105, wentylacj\u0119 z odzyskiem ciep\u0142a, energooszcz\u0119dne o\u015bwietlenie LED, zielone dachy i ogrody deszczowe. Obiekt spe\u0142nia ponad 30 kryteri\u00f3w Wroc\u0142awskiego Standardu Zielonego Budynku.<\/p>\n<p>&#13;<br \/>\nKolejne inwestycje ju\u017c trwaj\u0105&#13;<\/p>\n<p>Rozbudowywana jest m.in. Szko\u0142a Podstawowa nr 6 przy ul. Gorlickiej, a przy ul. Rogowskiej powstaje nowe przedszkole dla oko\u0142o 200 dzieci, z o\u015bmioma oddzia\u0142ami.<\/p>\n<p>&#13;<\/p>\n<p>W Nowych \u017bernikach planowana jest budowa kolejnego Zespo\u0142u Szkolno-Przedszkolnego. Jego otwarcie planowane jest na 2029 rok.<\/p>\n<p>&#13;<br \/>\nWroc\u0142aw przygotowany kadrowo&#13;<\/p>\n<p>Pocz\u0105tek roku szkolnego nie jest zagro\u017cony przez braki nauczycieli. Wakaty dotycz\u0105 przede wszystkim konkretnych przedmiot\u00f3w i specjalizacji, a ich liczba systematycznie spada.<\/p>\n<p>&#13;<\/p>\n<p>Dyrektorzy przez ca\u0142e wakacje uzupe\u0142niali kadry, korzystaj\u0105c m.in. z mo\u017cliwo\u015bci zatrudniania emerytowanych nauczycieli i student\u00f3w oraz zwi\u0119kszania wymiaru pracy.<\/p>\n<p>&#13;<\/p>\n<p>\u2013 We Wroc\u0142awiu nie mamy sytuacji, w kt\u00f3rej z powodu braku nauczycieli nie otwarto plac\u00f3wki albo nie mo\u017cna by\u0142o realizowa\u0107 podstawy programowej. Liczba wakat\u00f3w systematycznie spada, a te, kt\u00f3re jeszcze s\u0105, dotycz\u0105 g\u0142\u00f3wnie konkretnych przedmiot\u00f3w i specjalizacji. Dyrektorzy uzupe\u0142niaj\u0105 kadry, m.in. zatrudniaj\u0105c emerytowanych nauczycieli i student\u00f3w oraz zwi\u0119kszaj\u0105c wymiar pracy. Dobrze radzimy sobie z tym wyzwaniem. Potwierdzeniem s\u0105 te\u017c nowe plac\u00f3wki \u2013 przy Asfaltowej, Cynamonowej czy Zwyci\u0119skiej \u2013 kt\u00f3re maj\u0105 zapewnion\u0105 kadr\u0119 \u2013 m\u00f3wi Marcin Miedzi\u0144ski.<\/p>\n<p>&#13;<\/p>\n<p>Ostateczna liczba wakat\u00f3w nauczycielskich b\u0119dzie znana na pocz\u0105tku wrze\u015bnia.<\/p>\n<p>&#13;<br \/>\nPonad 3,5 mld z\u0142 na edukacj\u0119&#13;<\/p>\n<p>Wroc\u0142aw przeznacza na o\u015bwiat\u0119 ponad 3,5 mld z\u0142, czyli oko\u0142o 37 proc. wszystkich wydatk\u00f3w miasta.<\/p>\n<p>&#13;<\/p>\n<p>Nowy rok szkolny to wi\u0119c nie tylko powr\u00f3t dzieci do szkolnych \u0142awek, ale tak\u017ce dalsze inwestowanie w miejsk\u0105 edukacj\u0119 \u2013 w nowe plac\u00f3wki, remonty i modernizacje oraz rozwi\u0105zania, kt\u00f3re maj\u0105 lepiej odpowiada\u0107 na potrzeby dzieci i ich rodzin.<\/p>\n<p>                            &#13;<br \/>\n                \t\t\t                            &#13;<br \/>\n                                                        &#13;<br \/>\n\t\t\t\t\t\t\t            &#13;<br \/>\n                            &#13;<br \/>\n                            &#13;<\/p>\n","protected":false},"excerpt":{"rendered":"&#13; &#13; Ponad\u00a092,6 tys. uczni\u00f3w i przedszkolak\u00f3w rozpocznie we Wroc\u0142awiu rok szkolny 2026\/2027. Miasto zapowiada dostosowywanie liczby oddzia\u0142\u00f3w&hellip;\n","protected":false},"author":2,"featured_media":659569,"comment_status":"","ping_status":"","sticky":false,"template":"","format":"standard","meta":{"footnotes":"","_share_on_mastodon":"0"},"categories":[51607],"tags":[19952,51809,42,38,40,39,41,1853],"class_list":["post-659568","post","type-post","status-publish","format-standard","has-post-thumbnail","category-wroclaw","tag-db","tag-dw","tag-pl","tag-poland","tag-polish","tag-polska","tag-polski","tag-wroclaw"],"share_on_mastodon":{"url":"https:\/\/pubeurope.com\/@pl\/117194903266745125","error":""},"_links":{"self":[{"href":"https:\/\/www.europesays.com\/pl\/wp-json\/wp\/v2\/posts\/659568","targetHints":{"allow":["GET"]}}],"collection":[{"href":"https:\/\/www.europesays.com\/pl\/wp-json\/wp\/v2\/posts"}],"about":[{"href":"https:\/\/www.europesays.com\/pl\/wp-json\/wp\/v2\/types\/post"}],"author":[{"embeddable":true,"href":"https:\/\/www.europesays.com\/pl\/wp-json\/wp\/v2\/users\/2"}],"replies":[{"embeddable":true,"href":"https:\/\/www.europesays.com\/pl\/wp-json\/wp\/v2\/comments?post=659568"}],"version-history":[{"count":0,"href":"https:\/\/www.europesays.com\/pl\/wp-json\/wp\/v2\/posts\/659568\/revisions"}],"wp:featuredmedia":[{"embeddable":true,"href":"https:\/\/www.europesays.com\/pl\/wp-json\/wp\/v2\/media\/659569"}],"wp:attachment":[{"href":"https:\/\/www.europesays.com\/pl\/wp-json\/wp\/v2\/media?parent=659568"}],"wp:term":[{"taxonomy":"category","embeddable":true,"href":"https:\/\/www.europesays.com\/pl\/wp-json\/wp\/v2\/categories?post=659568"},{"taxonomy":"post_tag","embeddable":true,"href":"https:\/\/www.europesays.com\/pl\/wp-json\/wp\/v2\/tags?post=659568"}],"curies":[{"name":"wp","href":"https:\/\/api.w.org\/{rel}","templated":true}]}}