{"id":659602,"date":"2026-09-01T09:04:10","date_gmt":"2026-09-01T09:04:10","guid":{"rendered":"https:\/\/www.europesays.com\/pl\/659602\/"},"modified":"2026-09-01T09:04:10","modified_gmt":"2026-09-01T09:04:10","slug":"orlen-wspiera-rozwoj-ponad-12-mln-mlodych-ludzi-w-calej-polsce","status":"publish","type":"post","link":"https:\/\/www.europesays.com\/pl\/659602\/","title":{"rendered":"ORLEN wspiera rozw\u00f3j ponad 1,2 mln m\u0142odych ludzi w ca\u0142ej Polsce"},"content":{"rendered":"<p>Punktem wyj\u015bcia kampanii jest przekonanie, \u017ce w m\u0142odych ludziach tkwi\u0105 energia, ciekawo\u015b\u0107 i ogromny potencja\u0142. Aby mog\u0142y si\u0119 rozwija\u0107, potrzebuj\u0105 dost\u0119pu do inspiruj\u0105cych zaj\u0119\u0107, dobrych wzorc\u00f3w i przestrzeni do dzia\u0142ania. ORLEN odpowiada na t\u0119 potrzeb\u0119, finansuj\u0105c zar\u00f3wno du\u017ce og\u00f3lnopolskie projekty, jak i inicjatywy realizowane blisko lokalnych spo\u0142eczno\u015bci. W 2026 roku wsparciem ORLENU, Fundacji ORLEN, Fundacji ORLEN im. I. \u0141ukasiewicza i Fundacji ORLEN dla Pomorza obj\u0119tych jest \u0142\u0105cznie ponad 1,2 mln dzieci i m\u0142odzie\u017cy, a warto\u015b\u0107 \u015brodk\u00f3w przeznaczanych na ten cel przekracza 113 mln z\u0142otych. Wsparcie realizowane jest bezpo\u015brednio, poprzez projekty prowadzone przez ORLEN i fundacje Grupy ORLEN, oraz po\u015brednio, poprzez inicjatywy partner\u00f3w ORLENU w ramach um\u00f3w sponsoringowych i darowizn.<\/p>\n<p>\u2014 W m\u0142odych ludziach jest ogromna energia i potrzeba dzia\u0142ania. Nasz\u0105 rol\u0105 jest tworzenie mo\u017cliwo\u015bci, dzi\u0119ki kt\u00f3rym mog\u0105 odkrywa\u0107 swoje pasje, wzmacnia\u0107 talenty, zdobywa\u0107 kompetencje i budowa\u0107 relacje. Robimy to konsekwentnie w sporcie, kulturze i nauce, \u0142\u0105cz\u0105c du\u017ce og\u00f3lnopolskie projekty z inicjatywami realizowanymi lokalnie. Kampani\u0105 &#8222;Z energi\u0105 dla dzieci i m\u0142odzie\u017cy&#8221; chcemy pokaza\u0107 skal\u0119 tego zaanga\u017cowania, ale przede wszystkim m\u0142odych ludzi, dla kt\u00f3rych takie wsparcie mo\u017ce by\u0107 impulsem do dalszego rozwoju \u2014 m\u00f3wi Sylwia Snopkiewicz, Dyrektor Wykonawcza ds. Sponsoringu ORLEN. \u2014 Cieszymy si\u0119. \u017ce bohaterami spotu s\u0105 prawdziwi uczestnicy zaj\u0119\u0107, kt\u00f3rzy przed kamer\u0105 robi\u0105 to, czym zajmuj\u0105 si\u0119 na co dzie\u0144: trenuj\u0105, tworz\u0105 i eksperymentuj\u0105. Mamy te\u017c nadziej\u0119, \u017ce kampania zach\u0119ci kolejnych m\u0142odych ludzi do realizacji swoich pasji \u2014 dodaje.<\/p>\n<p><a href=\"https:\/\/przegladsportowy.onet.pl\/\" title=\"Strona g\u0142\u00f3wna serwisu\" aria-label=\"Strona g\u0142\u00f3wna serwisu\" data-astro-prefetch=\"tap\" class=\"ods-a-logo-main-desktop\" rel=\"nofollow noopener\" target=\"_blank\"><img src=\"https:\/\/cdn.przegladsportowy.onet.pl\/img\/Logo_desktop_Onet.svg\" class=\"ods-a-logo-main-desktop__image\" alt=\"Logo\" width=\"107\" height=\"60\" fetchpriority=\"high\" decoding=\"sync\" style=\"height:60px\"\/><\/a><\/p>\n<p class=\"ods-m-google-article__text\">Czytaj nas cz\u0119\u015bciej w Google<\/p>\n<p><a href=\"https:\/\/google.com\/preferences\/source?q=przegladsportowy.onet.pl\" target=\"_blank\" rel=\"noopener noreferrer nofollow\" aria-label=\"Dodaj w Google\" title=\"Dodaj w Google\" class=\"ods-a-button ods-a-button__primary ods-a-button__default ods-a-button-l\">Dodaj w Google<\/a><img class=\"ods-a-photo ods-a-photo--background\" src=\"https:\/\/www.europesays.com\/pl\/wp-content\/uploads\/2026\/09\/CHIk9lBaHR0cHM6Ly9vY2RuLmV1L3B1bHNjbXMvTURBXy8yZWVhZmJjYWY0MzJkYmM1NDRiOTMzNjRlODMxOTA4OC5qcGeRkwXNB.jpeg\" height=\"529\" width=\"940\" alt=\"ORLEN wspiera rozw\u00f3j ponad 1,2 mln m\u0142odych ludzi w ca\u0142ej Polsce\" loading=\"lazy\" fetchpriority=\"auto\" decoding=\"auto\" url=\"https:\/\/ocdn.eu\/pulscms\/MDA_\/2eeafbcaf432dbc544b93364e8319088.jpg\" description=\"ORLEN wspiera rozw\u00f3j ponad 1,2 mln m\u0142odych ludzi w ca\u0142ej Polsce\" author=\"ORLEN\" source=\"\" link=\"\"\/><\/p>\n<p>ORLEN<\/p>\n<p>ORLEN wspiera rozw\u00f3j ponad 1,2 mln m\u0142odych ludzi w ca\u0142ej Polsce<\/p>\n<p>Kampania koncentruje si\u0119 na historiach m\u0142odych ludzi i ich codziennym do\u015bwiadczeniu: treningach, pr\u00f3bach, zaj\u0119ciach, eksperymentach i pierwszych sukcesach. Pokazuje dzieci i m\u0142odzie\u017c w naturalnych sytuacjach zwi\u0105zanych ze sportem, kultur\u0105 i nauk\u0105, podkre\u015blaj\u0105c, \u017ce za ka\u017cd\u0105 form\u0105 wsparcia stoj\u0105 konkretne szanse, emocje i relacje. W centrum opowie\u015bci nie znajduje si\u0119 wi\u0119c sama marka, ale to, co dzi\u0119ki jej zaanga\u017cowaniu mo\u017ce wydarzy\u0107 si\u0119 w \u017cyciu m\u0142odego cz\u0142owieka.<\/p>\n<p>Zaanga\u017cowanie ORLENU w projekty dla dzieci i m\u0142odzie\u017cy jest cz\u0119\u015bci\u0105 d\u0142ugofalowych dzia\u0142a\u0144 spo\u0142ecznych firmy. Koncern wsp\u00f3\u0142pracuje z organizacjami sportowymi, instytucjami kultury i nauki oraz partnerami spo\u0142ecznymi, a jednocze\u015bnie rozwija autorskie programy skierowane do m\u0142odego pokolenia. Wa\u017cn\u0105 cz\u0119\u015bci\u0105 tych dzia\u0142a\u0144 s\u0105 programy Sportowy ORLEN i Kulturalny ORLEN, kt\u00f3re umo\u017cliwiaj\u0105 m\u0142odym ludziom rozwijanie zainteresowa\u0144 i kompetencji w r\u00f3\u017cnych cz\u0119\u015bciach Polski. Start kampanii zbiega si\u0119 z pocz\u0105tkiem roku szkolnego i startem realizacji drugich edycji obu program\u00f3w.<\/p>\n<p>Kampania &#8222;Z energi\u0105 dla dzieci i m\u0142odzie\u017cy&#8221; wystartowa\u0142a 1 wrze\u015bnia i potrwa do ko\u0144ca miesi\u0105ca. B\u0119dzie obecna w szerokim miksie kana\u0142\u00f3w: w telewizji, outdoorze i digitalu. Dzia\u0142ania mediowe zostan\u0105 uzupe\u0142nione komunikacj\u0105 w prasie, mediach spo\u0142eczno\u015bciowych oraz wsp\u00f3\u0142prac\u0105 z tw\u00f3rcami internetowymi, co pozwoli dotrze\u0107 z przekazem kampanii do szerokiego grona odbiorc\u00f3w w ca\u0142ej Polsce. Za koncepcj\u0119 kreatywn\u0105 odpowiada agencja Grey, a za jej realizacj\u0119 agencja T&amp;P. Spot wyprodukowa\u0142 dom produkcyjny Papaya, a wyre\u017cyserowa\u0142 go Mateusz Miszczy\u0144ski.<\/p>\n","protected":false},"excerpt":{"rendered":"Punktem wyj\u015bcia kampanii jest przekonanie, \u017ce w m\u0142odych ludziach tkwi\u0105 energia, ciekawo\u015b\u0107 i ogromny potencja\u0142. Aby mog\u0142y si\u0119&hellip;\n","protected":false},"author":2,"featured_media":659603,"comment_status":"","ping_status":"","sticky":false,"template":"","format":"standard","meta":{"footnotes":"","_share_on_mastodon":"0"},"categories":[52097],"tags":[61195,10622,48,46,774,42,38,40,39,41,47],"class_list":["post-659602","post","type-post","status-publish","format-standard","has-post-thumbnail","category-orlen","tag-bottomfeed_styl","tag-inne_sporty","tag-nat_styl","tag-omp","tag-orlen","tag-pl","tag-poland","tag-polish","tag-polska","tag-polski","tag-screening_general"],"share_on_mastodon":{"url":"https:\/\/pubeurope.com\/@pl\/117194987640021206","error":""},"_links":{"self":[{"href":"https:\/\/www.europesays.com\/pl\/wp-json\/wp\/v2\/posts\/659602","targetHints":{"allow":["GET"]}}],"collection":[{"href":"https:\/\/www.europesays.com\/pl\/wp-json\/wp\/v2\/posts"}],"about":[{"href":"https:\/\/www.europesays.com\/pl\/wp-json\/wp\/v2\/types\/post"}],"author":[{"embeddable":true,"href":"https:\/\/www.europesays.com\/pl\/wp-json\/wp\/v2\/users\/2"}],"replies":[{"embeddable":true,"href":"https:\/\/www.europesays.com\/pl\/wp-json\/wp\/v2\/comments?post=659602"}],"version-history":[{"count":0,"href":"https:\/\/www.europesays.com\/pl\/wp-json\/wp\/v2\/posts\/659602\/revisions"}],"wp:featuredmedia":[{"embeddable":true,"href":"https:\/\/www.europesays.com\/pl\/wp-json\/wp\/v2\/media\/659603"}],"wp:attachment":[{"href":"https:\/\/www.europesays.com\/pl\/wp-json\/wp\/v2\/media?parent=659602"}],"wp:term":[{"taxonomy":"category","embeddable":true,"href":"https:\/\/www.europesays.com\/pl\/wp-json\/wp\/v2\/categories?post=659602"},{"taxonomy":"post_tag","embeddable":true,"href":"https:\/\/www.europesays.com\/pl\/wp-json\/wp\/v2\/tags?post=659602"}],"curies":[{"name":"wp","href":"https:\/\/api.w.org\/{rel}","templated":true}]}}