{"id":659604,"date":"2026-09-01T09:05:18","date_gmt":"2026-09-01T09:05:18","guid":{"rendered":"https:\/\/www.europesays.com\/pl\/659604\/"},"modified":"2026-09-01T09:05:18","modified_gmt":"2026-09-01T09:05:18","slug":"wyludzila-kredyt-na-samochod-jest-wyrok-sadu-kryminalne-wiadomosci-bialystok-online-portal-miejski-bialystok-bialystok","status":"publish","type":"post","link":"https:\/\/www.europesays.com\/pl\/659604\/","title":{"rendered":"Wy\u0142udzi\u0142a kredyt na samoch\u00f3d. Jest wyrok s\u0105du, Kryminalne, Wiadomo\u015bci Bia\u0142ystok Online Portal Miejski Bia\u0142ystok (Bialystok)"},"content":{"rendered":"\n<p>            <img decoding=\"async\" class=\"art-figimg\" src=\"https:\/\/www.europesays.com\/pl\/wp-content\/uploads\/2026\/09\/150606-e.jpg\" width=\"375\" height=\"250\" alt=\"Wy\u0142udzi\u0142a kredyt na samoch\u00f3d. Jest wyrok s\u0105du\" loading=\"lazy\" fetchpriority=\"high\"\/><br \/>\n            Fot: Pexels<\/p>\n<p class=\"art-lid\">S\u0105d Rejonowy w Bia\u0142ymstoku uzna\u0142 Iwon\u0119 M. za winn\u0105 wy\u0142udzenia kredytu na zakup samochodu. Kobieta przed\u0142o\u017cy\u0142a bankowi fa\u0142szywe za\u015bwiadczenie o zatrudnieniu, cho\u0107 \u2013 jak ustalono \u2013 nigdy nie pracowa\u0142a w firmie, kt\u00f3ra wystawi\u0142a dokument.<\/p>\n<p class=\"art-cont\">Do przest\u0119pstwa dosz\u0142o w marcu 2004 roku w Bia\u0142ymstoku. Iwona M., dzia\u0142aj\u0105c wsp\u00f3lnie i w porozumieniu z innymi ustalonymi osobami, mia\u0142a doprowadzi\u0107 Raiffeisen Bank Polska S.A. Oddzia\u0142 w Bia\u0142ymstoku do niekorzystnego rozporz\u0105dzenia mieniem. Chodzi\u0142o o kredyt w wysoko\u015bci 14 tys. z\u0142, przeznaczony na zakup samochodu osobowego. W celu uzyskania pieni\u0119dzy kobieta z\u0142o\u017cy\u0142a wniosek kredytowy, do kt\u00f3rego do\u0142\u0105czy\u0142a po\u015bwiadczaj\u0105ce nieprawd\u0119 za\u015bwiadczenie o zatrudnieniu w jednej z bia\u0142ostockich firm. W rzeczywisto\u015bci \u2013 jak wynika z ustale\u0144 \u015bledczych \u2013 nigdy nie by\u0142a tam zatrudniona.<\/p>\n<p>&#8211; S\u0105d wymierzy\u0142 Iwonie M. kar\u0119 6 miesi\u0119cy pozbawienia wolno\u015bci, kt\u00f3rej wykonanie warunkowo zawiesi\u0142 na okres roku pr\u00f3by \u2013 poinformowa\u0142 prok. Zbigniew Szpiczko, rzecznik prasowy Prokuratury Regionalnej w Bia\u0142ymstoku.<\/p>\n<p>Kobieta zosta\u0142a skazana za czyn zakwalifikowany z art. 286 \u00a7 1 kk w zbiegu z art. 297 \u00a7 1 kk, dotycz\u0105cy oszustwa oraz pos\u0142u\u017cenia si\u0119 nierzetelnym dokumentem w celu uzyskania kredytu. Wniosek o wydanie wyroku skazuj\u0105cego wobec Iwony M. prokurator Prokuratury Regionalnej w Bia\u0142ymstoku skierowa\u0142 do s\u0105du 23 czerwca 2026 roku.  <\/p>\n<p>Prokurator wyst\u0105pi\u0142 z wnioskiem w trybie art. 335 \u00a7 1 kpk, poniewa\u017c oskar\u017cona przyzna\u0142a si\u0119 do winy. Pozwoli\u0142o to na skierowanie do s\u0105du wniosku o wydanie wyroku skazuj\u0105cego bez przeprowadzania pe\u0142nego post\u0119powania dowodowego na rozprawie.<\/p>\n<p>Materia\u0142y dotycz\u0105ce Iwony M. zosta\u0142y wy\u0142\u0105czone z innego post\u0119powania prowadzonego przez Prokuratur\u0119 Regionaln\u0105 w Bia\u0142ymstoku. \u015aledztwo to dotyczy\u0142o dzia\u0142alno\u015bci zorganizowanej grupy przest\u0119pczej zajmuj\u0105cej si\u0119 mi\u0119dzy innymi wy\u0142udzaniem po\u015bwiadcze\u0144 nieprawdy od pracownik\u00f3w urz\u0119d\u00f3w odpowiedzialnych za rejestracj\u0119 pojazd\u00f3w.<\/p>\n<p>Chodzi\u0142o o uzyskiwanie dowod\u00f3w rejestracyjnych wystawianych na nazwiska os\u00f3b, kt\u00f3re nie by\u0142y faktycznymi w\u0142a\u015bcicielami rejestrowanych samochod\u00f3w. Wed\u0142ug \u015bledczych cz\u0142onkowie grupy mieli r\u00f3wnie\u017c organizowa\u0107 fikcyjne kolizje drogowe, a nast\u0119pnie wy\u0142udza\u0107 odszkodowania od firm ubezpieczeniowych. Post\u0119powanie obejmowa\u0142o podejrzenie pope\u0142nienia szeregu przest\u0119pstw, w tym udzia\u0142u w zorganizowanej grupie przest\u0119pczej, oszustw oraz wy\u0142udzania odszkodowa\u0144. Akt oskar\u017cenia w tej sprawie zosta\u0142 skierowany do S\u0105du Okr\u0119gowego w Bia\u0142ymstoku 31 grudnia 2025 roku.<\/p>\n<p class=\"art-autimg\">\n<p>                            <img decoding=\"async\" class=\"art-autimgi\" src=\"https:\/\/www.europesays.com\/pl\/wp-content\/uploads\/2026\/09\/1788253517_838_avatar_1x.jpg\" alt=\"Agnieszka Nowak\" width=\"64\" height=\"64\" loading=\"lazy\"\/><\/p>\n<p class=\"art-autname\">Agnieszka Nowak<\/p>\n<p>24@bialystokonline.pl<\/p>\n<p>Przeczytaj tak\u017ce<\/p>\n<p>&#13;<br \/>\n&#13;<br \/>\n&#13;<br \/>\n<img loading=\"lazy\" decoding=\"async\" src=\"https:\/\/www.europesays.com\/pl\/wp-content\/uploads\/2026\/09\/1788253518_423_adlog.gif\" width=\"0\" height=\"0\" alt=\"\" style=\"width: 0px; height: 0px;\"\/><\/p>\n<p>Popularne dzisiaj<\/p>\n","protected":false},"excerpt":{"rendered":"Fot: Pexels S\u0105d Rejonowy w Bia\u0142ymstoku uzna\u0142 Iwon\u0119 M. za winn\u0105 wy\u0142udzenia kredytu na zakup samochodu. Kobieta przed\u0142o\u017cy\u0142a&hellip;\n","protected":false},"author":2,"featured_media":659605,"comment_status":"","ping_status":"","sticky":false,"template":"","format":"standard","meta":{"footnotes":"","_share_on_mastodon":"0"},"categories":[51614],"tags":[3331,2151,51731,113,51730,3754,51738,51735,4041,1096,1089,399,17334,51736,2921,13292,3840,51734,8736,1232,120,7116,17265,19285,42,5083,38,40,39,41,6309,1756,128374,8815,38950,123,2225,1248,800,4278,1323,51737,128373,2228,2879,253],"class_list":["post-659604","post","type-post","status-publish","format-standard","has-post-thumbnail","category-bialystok","tag-bank","tag-bialystok","tag-bialystokonline","tag-biznes","tag-bstok","tag-dom","tag-drobne","tag-firm","tag-firmy","tag-hotele","tag-imprezy","tag-informacje","tag-katalog","tag-kina","tag-koncert","tag-kredyt","tag-lokale","tag-miejski","tag-mieszkanie","tag-motoryzacja","tag-nauka","tag-ogloszenia","tag-on-line","tag-online","tag-pl","tag-podlasie","tag-poland","tag-polish","tag-polska","tag-polski","tag-portal","tag-praca","tag-prokuratura-kryminalne","tag-repertuar","tag-rozklad","tag-rozrywka","tag-sad","tag-samochod","tag-teatr","tag-turystyka","tag-uroda","tag-urzedy","tag-wyludzila-kredyt-na-samochod-jest-wyrok-sadu","tag-wyrok","tag-zakupy","tag-zdrowie"],"share_on_mastodon":{"url":"","error":"Validation failed: Text character limit of 500 exceeded"},"_links":{"self":[{"href":"https:\/\/www.europesays.com\/pl\/wp-json\/wp\/v2\/posts\/659604","targetHints":{"allow":["GET"]}}],"collection":[{"href":"https:\/\/www.europesays.com\/pl\/wp-json\/wp\/v2\/posts"}],"about":[{"href":"https:\/\/www.europesays.com\/pl\/wp-json\/wp\/v2\/types\/post"}],"author":[{"embeddable":true,"href":"https:\/\/www.europesays.com\/pl\/wp-json\/wp\/v2\/users\/2"}],"replies":[{"embeddable":true,"href":"https:\/\/www.europesays.com\/pl\/wp-json\/wp\/v2\/comments?post=659604"}],"version-history":[{"count":0,"href":"https:\/\/www.europesays.com\/pl\/wp-json\/wp\/v2\/posts\/659604\/revisions"}],"wp:featuredmedia":[{"embeddable":true,"href":"https:\/\/www.europesays.com\/pl\/wp-json\/wp\/v2\/media\/659605"}],"wp:attachment":[{"href":"https:\/\/www.europesays.com\/pl\/wp-json\/wp\/v2\/media?parent=659604"}],"wp:term":[{"taxonomy":"category","embeddable":true,"href":"https:\/\/www.europesays.com\/pl\/wp-json\/wp\/v2\/categories?post=659604"},{"taxonomy":"post_tag","embeddable":true,"href":"https:\/\/www.europesays.com\/pl\/wp-json\/wp\/v2\/tags?post=659604"}],"curies":[{"name":"wp","href":"https:\/\/api.w.org\/{rel}","templated":true}]}}