{"id":659612,"date":"2026-09-01T09:09:13","date_gmt":"2026-09-01T09:09:13","guid":{"rendered":"https:\/\/www.europesays.com\/pl\/659612\/"},"modified":"2026-09-01T09:09:13","modified_gmt":"2026-09-01T09:09:13","slug":"gdansk-aktor-jerzy-kiszkis-i-muzyk-zbigniew-holdys-wsrod-laureatow-odznaki-solidarnosci-i-praw-czlo","status":"publish","type":"post","link":"https:\/\/www.europesays.com\/pl\/659612\/","title":{"rendered":"Gda\u0144sk. Aktor Jerzy Kiszkis i muzyk Zbigniew Ho\u0142dys w\u015br\u00f3d laureat\u00f3w Odznaki Solidarno\u015bci i Praw Cz\u0142o"},"content":{"rendered":"<p>Zbigniew Ho\u0142dys, Jerzy Kiszkis, Agnieszka Lichnerowicz, Chris Niedenthal i Piotr Olech odebrali w poniedzia\u0142ek w ECS Odznaki Solidarno\u015bci i Praw Cz\u0142owieka ECS. Dzie\u0144 wcze\u015bniej dosta\u0142 j\u0105 tak\u017ce Jerzy Buzek. &#8211; Jako wsp\u00f3lnota nie umiemy korzysta\u0107 z tej supermocy jak\u0105 jest do\u015bwiadczenie Solidarno\u015bci. Wierz\u0119, \u017ce z czasem zrozumiemy, na czym ta moc polega &#8211; powiedzia\u0142a Agnieszka Lichnerowicz, dziennikarka radiowej Tr\u00f3jki.\u00a0<\/p>\n<p>            <a data-lightbox=\"article-gallery\" href=\"https:\/\/e-teatr.pl\/files\/multimedias\/182526\/kiszkis.jpg\" rel=\"nofollow noopener\" target=\"_blank\">&#13;<br \/>\n        <img loading=\"lazy\" decoding=\"async\" src=\"https:\/\/www.europesays.com\/pl\/wp-content\/uploads\/2026\/09\/thumb_kiszkis.jpg\" alt=\"\" title=\" &#9;Jerzy Kiszkis i Aleksandra Dulkiewicz\" width=\"1100\" height=\"733\"\/>      <\/a><\/p>\n<p>fot. PAP\/Andrzej Jackowski<\/p>\n<p>Odznaki w poniedzia\u0142ek wr\u0119cza\u0142y Aleksandra Dulkiewicz, prezydent Gda\u0144ska i Magdalena Mistat, p.o. dyrektor ECS. Uroczysto\u015b\u0107 prowadzili zast\u0119pcy dyrektora ECS &#8211; Patrycja Medowska i Przemys\u0142aw Ruchlewski. Laudacje czyta\u0142 Erwin Nowak, a na saksofonie gra\u0142a Weronika Kalupa &#8211; studentka gda\u0144skiej Akademii Muzycznej.\u00a0\u00a0<\/p>\n<p>Odznak\u0105 honorowane s\u0105 osoby daj\u0105ce \u015bwiadectwo istotnym dla instytucji warto\u015bciom, tworz\u0105ce histori\u0119 na nowo. W gronie nagradzanych s\u0105 m.in.: dzia\u0142acze antykomunistyczni, kt\u00f3rzy wci\u0105\u017c s\u0105 zaanga\u017cowani w budowanie demokracji i ochron\u0119 praw cz\u0142owieka; aktywistki i aktywi\u015bci dzia\u0142aj\u0105cy w duchu idea\u0142\u00f3w rewolucji Solidarno\u015bci, broni\u0105c praw cz\u0142owieka w Polsce i na \u015bwiecie; osoby buduj\u0105ce \u0142ad z poszanowaniem godno\u015bci cz\u0142owieka; artystki i arty\u015bci, kt\u00f3rych tw\u00f3rczo\u015b\u0107 opowiada si\u0119 w obronie praw cz\u0142owieka, a wreszcie ci, kt\u00f3rzy wsp\u00f3\u0142tworz\u0105 i wspieraj\u0105 dzia\u0142alno\u015b\u0107 Europejskiego Centrum Solidarno\u015bci. (&#8230;)<\/p>\n<p>Jerzy Kiszkis<br \/>Aktor teatralny, filmowy, telewizyjny i radiowy. Uko\u0144czy\u0142 Pa\u0144stwow\u0105 Wy\u017csz\u0105 Szko\u0142\u0119 Teatraln\u0105 w Warszawie. By\u0142 aktorem teatr\u00f3w w Grudzi\u0105dzu, Zielonej G\u00f3rze, Katowicach i Poznaniu. Najbardziej pokocha\u0142 Gda\u0144sk, przez 37 lat wyst\u0119powa\u0142 na deskach Teatru Wybrze\u017ce, tworz\u0105c niezliczon\u0105 liczb\u0119 kreacji. Uczy\u0142 student\u00f3w fonetyki i kultury \u017cywego s\u0142owa.<\/p>\n<p>W sierpniu 1980 roku wraz z grup\u0105 aktor\u00f3w z Tr\u00f3jmiasta wspiera\u0142 strajkuj\u0105cych, przynosz\u0105c strofy patriotycznej poezji do Sali BHP Stoczni Gda\u0144skiej im. Lenina. Przewodniczy\u0142 obradom Krajowego Zjazdu \u201eSolidarno\u015bci\u201d Pracownik\u00f3w Teatru. Nim nasta\u0142 stan wojenny zagra\u0142 w kultowej \u201eSprawie Dantona\u201d Stanis\u0142awy Przybyszewskiej, wedle pomys\u0142u Andrzeja Wajdy.<\/p>\n<p>13 grudnia do drzwi zapukali funkcjonariusze i Jerzy Kiszkis wraz z \u017con\u0105 Halin\u0105 Winiarsk\u0105 zostali wyprowadzeni. Trafi\u0142 do O\u015brodku Odosobnienia w Strzebielinku. Po wyj\u015bciu na wolno\u015b\u0107 wsp\u00f3\u0142organizowa\u0142 liturgie za ojczyzn\u0119, Tygodnie Kultury Chrze\u015bcija\u0144skiej, programy artystyczne w gda\u0144skich ko\u015bcio\u0142ach oraz spektakle teatralne z kr\u0119gu kultury niezale\u017cnej. W sierpniu 1988 roku zn\u00f3w ni\u00f3s\u0142 nadzieje strajkuj\u0105cym w Stoczni Gda\u0144skiej i Porcie Gda\u0144skim.<\/p>\n","protected":false},"excerpt":{"rendered":"Zbigniew Ho\u0142dys, Jerzy Kiszkis, Agnieszka Lichnerowicz, Chris Niedenthal i Piotr Olech odebrali w poniedzia\u0142ek w ECS Odznaki Solidarno\u015bci&hellip;\n","protected":false},"author":2,"featured_media":659613,"comment_status":"","ping_status":"","sticky":false,"template":"","format":"standard","meta":{"footnotes":"","_share_on_mastodon":"0"},"categories":[51610],"tags":[2434,8588,6588,17490,1048,16331,51630,42,38,40,39,41,649,650,11541,51629,8815,51631,8767,51628,800,8816],"class_list":["post-659612","post","type-post","status-publish","format-standard","has-post-thumbnail","category-gdansk","tag-aktor","tag-aktorzy","tag-festiwal","tag-festiwale","tag-gdansk","tag-kariera","tag-kariery","tag-pl","tag-poland","tag-polish","tag-polska","tag-polski","tag-premiera","tag-premiery","tag-realizacja","tag-realizacje","tag-repertuar","tag-ruch-teatralny","tag-sztuka","tag-sztuki","tag-teatr","tag-teatry"],"share_on_mastodon":{"url":"https:\/\/pubeurope.com\/@pl\/117195006557343624","error":""},"_links":{"self":[{"href":"https:\/\/www.europesays.com\/pl\/wp-json\/wp\/v2\/posts\/659612","targetHints":{"allow":["GET"]}}],"collection":[{"href":"https:\/\/www.europesays.com\/pl\/wp-json\/wp\/v2\/posts"}],"about":[{"href":"https:\/\/www.europesays.com\/pl\/wp-json\/wp\/v2\/types\/post"}],"author":[{"embeddable":true,"href":"https:\/\/www.europesays.com\/pl\/wp-json\/wp\/v2\/users\/2"}],"replies":[{"embeddable":true,"href":"https:\/\/www.europesays.com\/pl\/wp-json\/wp\/v2\/comments?post=659612"}],"version-history":[{"count":0,"href":"https:\/\/www.europesays.com\/pl\/wp-json\/wp\/v2\/posts\/659612\/revisions"}],"wp:featuredmedia":[{"embeddable":true,"href":"https:\/\/www.europesays.com\/pl\/wp-json\/wp\/v2\/media\/659613"}],"wp:attachment":[{"href":"https:\/\/www.europesays.com\/pl\/wp-json\/wp\/v2\/media?parent=659612"}],"wp:term":[{"taxonomy":"category","embeddable":true,"href":"https:\/\/www.europesays.com\/pl\/wp-json\/wp\/v2\/categories?post=659612"},{"taxonomy":"post_tag","embeddable":true,"href":"https:\/\/www.europesays.com\/pl\/wp-json\/wp\/v2\/tags?post=659612"}],"curies":[{"name":"wp","href":"https:\/\/api.w.org\/{rel}","templated":true}]}}