{"id":659638,"date":"2026-09-01T09:22:09","date_gmt":"2026-09-01T09:22:09","guid":{"rendered":"https:\/\/www.europesays.com\/pl\/659638\/"},"modified":"2026-09-01T09:22:09","modified_gmt":"2026-09-01T09:22:09","slug":"napasci-seksualne-w-ceucie-prokuratura-odnotowala-23-przypadki","status":"publish","type":"post","link":"https:\/\/www.europesays.com\/pl\/659638\/","title":{"rendered":"Napa\u015bci seksualne w Ceucie. Prokuratura odnotowa\u0142a 23 przypadki"},"content":{"rendered":"<p class=\"art_paragraph\">Wed\u0142ug danych <a href=\"https:\/\/wiadomosci.gazeta.pl\/prokuratura#anchorLink\" rel=\"nofollow noopener\" target=\"_blank\">prokuratury<\/a>, do kt\u00f3rych dotar\u0142 hiszpa\u0144ski portal Cadena SER, od 30 lipca w Ceucie dosz\u0142o do\u00a023 napa\u015bci seksualnych wobec migrant\u00f3w.\u00a0Ministerka ds. r\u00f3wno\u015bci, Ana Redondo, o\u015bwiadczy\u0142a, \u017ce od pocz\u0105tku kryzysu migracyjnego resort odnotowa\u0142 21 takich przypadk\u00f3w. Ofiarami s\u0105 kobiety i jeden m\u0119\u017cczyzna ze spo\u0142eczno\u015bci LGBTQ <a href=\"https:\/\/www.tokfm.pl\/polska\/tokfm-7-188410-29891583-300-plus-2023#anchorLink\" rel=\"nofollow noopener\" target=\"_blank\">plus<\/a>. W\u0142adze ustali\u0142y to\u017csamo\u015b\u0107 o\u015bmiu domniemanych sprawc\u00f3w. Chodzi o czterech Maroka\u0144czyk\u00f3w, trzech Hiszpan\u00f3w i jednego obywatela Belgii.<\/p>\n<p>\n    Zobacz wideo Migranci, protesty i \u017cycie na granicy. Reporta\u017c z Ceuty\n  <\/p>\n<p> Gwa\u0142ty w Ceucie<\/p>\n<p class=\"art_paragraph\">Dziewi\u0119\u0107 os\u00f3b poszkodowanych mia\u0142o od 14 do 17 lat. Znajduj\u0105 si\u0119 teraz pod opiek\u0105 w o\u015brodku kryzysowym. Ministerka zapowiedzia\u0142a wyd\u0142u\u017cenie maksymalnego czasu pobytu w tym miejscu, poniewa\u017c dot\u0105d wynosi\u0142 on 72 godziny. &#8211;\u00a0To powa\u017cne wydarzenia, kt\u00f3re wymagaj\u0105 zdecydowanej reakcji, ochrony ofiar i szybkiego dzia\u0142ania wymiaru sprawiedliwo\u015bci, zar\u00f3wno wobec kobiet-migrantek w Ceucie, jak i wszystkich kobiet i dziewcz\u0105t w ca\u0142ej Hiszpanii &#8211; powiedzia\u0142a\u00a0Ana Redondo.<\/p>\n<p class=\"art_paragraph\">Na przyk\u0142adzie polityki Rabatu wida\u0107, \u017ce re\u017cimy autorytarne ch\u0119tnie przyjmuj\u0105 pomoc, ale nie wahaj\u0105 si\u0119 u\u017cywa\u0107 ludzi, w tym w\u0142asnych poddanych, do szanta\u017cowania kraj\u00f3w Unii Europejskiej &#8211; <a href=\"https:\/\/wyborcza.pl\/7,75399,32968766,na-walke-z-nielegalna-migracja-maroko-dostalo-od-unii-setki.html?_gl=1*ghorrw*_gcl_au*MTM4MzA1NTk4Ni4xNzgxNDQ5NTk1Li0uLS4xNzg0MjYyNTg3LjI0NDMzNjE5Mi4xNzg4MjM5OTc4LjE3ODgyNDU3ODY.*_ga*MTY4NDc0NjM1LjE3Mjk1NzI3MDE.*_ga_6R71ZMJ3KN*czE3ODgyNDU3NTYkbzgkZzEkdDE3ODgyNDU3ODYkajYwJGwwJGgw\" class=\"art_link\" rel=\"dofollow noopener\" target=\"_blank\">pisze\u00a0Maciej Stasi\u0144ski na Wyborcza.pl.<\/a><\/p>\n<p> Kryzys migracyjny w Ceucie<\/p>\n<p class=\"art_paragraph\">Pod koniec lipca ponad 70 tysi\u0119cy migrant\u00f3w bez zezwolenia przekroczy\u0142o terytorium hiszpa\u0144skiej eksklawy w Afryce P\u00f3\u0142nocnej. Wiadomo, \u017ce wi\u0119kszo\u015b\u0107 z nich ju\u017c opu\u015bci\u0142a to miejsce. Hiszpa\u0144skie w\u0142adze szacuj\u0105, \u017ce w Ceucie pozosta\u0142o od 5 do 8 tysi\u0119cy os\u00f3b &#8211; poda\u0142a 31 sierpnia Agencja Reutera, cho\u0107 szacunki s\u0105 r\u00f3\u017cne. Premier\u00a0Pedro S\u00e1nchez w\u00a0wywiadzie dla radia SER poinformowa\u0142, \u017ce &#8222;powroty trwaj\u0105&#8221;.\u00a0Wed\u0142ug doniesie\u0144 &#8222;El Pais&#8221; co najmniej 100 migrant\u00f3w deportowano za pope\u0142nienie przest\u0119pstw. Wed\u0142ug danych udost\u0119pnionych w poniedzia\u0142ek przez ministra ds. m\u0142odzie\u017cy i <a href=\"https:\/\/www.edziecko.pl\/edziecko\/0,0.html#anchorLink\" rel=\"nofollow noopener\" target=\"_blank\">dzieci<\/a>, Sir\u0119 Rego, w Ceucie przebywa 760 dziewcz\u0105t. 233 ma mniej ni\u017c 12 lat.<\/p>\n<p class=\"art_paragraph\">Po t\u0142umach w hiszpa\u0144skiej eksklawie nie ma ju\u017c \u015bladu. Szacuje si\u0119, \u017ce w mie\u015bcie wci\u0105\u017c przebywa oko\u0142o 3 tys. imigrant\u00f3w. Po pi\u0119ciu dniach pa\u0144stwo po raz pierwszy zorganizowa\u0142o dla nich jedzenie i picie &#8211; <a href=\"https:\/\/wyborcza.pl\/7,75399,32948751,wielkie-oczekiwanie-w-ceucie-wole-umrzec-niz-wrocic.html?_gl=1*1e0s3o4*_ga*MTY4NDc0NjM1LjE3Mjk1NzI3MDE.*_ga_6R71ZMJ3KN*czE3ODgyNDU3NTYkbzgkZzEkdDE3ODgyNDU4MzEkajE1JGwwJGgw*_gcl_au*MTM4MzA1NTk4Ni4xNzgxNDQ5NTk1Li0uLS4xNzg0MjYyNTg3LjI0NDMzNjE5Mi4xNzg4MjM5OTc4LjE3ODgyNDU3ODY.\" class=\"art_link\" rel=\"dofollow noopener\" target=\"_blank\">pisze Emilia Bromber na Wyborcza.pl.<\/a><\/p>\n","protected":false},"excerpt":{"rendered":"Wed\u0142ug danych prokuratury, do kt\u00f3rych dotar\u0142 hiszpa\u0144ski portal Cadena SER, od 30 lipca w Ceucie dosz\u0142o do\u00a023 napa\u015bci&hellip;\n","protected":false},"author":2,"featured_media":659639,"comment_status":"","ping_status":"","sticky":false,"template":"","format":"standard","meta":{"footnotes":"","_share_on_mastodon":"0"},"categories":[14],"tags":[32,33,27,34,35,28,31,25,40,41,80,29,30,26,82,83,84],"class_list":["post-659638","post","type-post","status-publish","format-standard","has-post-thumbnail","category-swiat","tag-breaking-news","tag-breakingnews","tag-headlines","tag-latest-news","tag-latestnews","tag-naglowki","tag-najwazniejsze-artykuly","tag-news","tag-polish","tag-polski","tag-swiat","tag-top-stories","tag-topstories","tag-wiadomosci","tag-world","tag-world-news","tag-worldnews"],"share_on_mastodon":{"url":"","error":""},"_links":{"self":[{"href":"https:\/\/www.europesays.com\/pl\/wp-json\/wp\/v2\/posts\/659638","targetHints":{"allow":["GET"]}}],"collection":[{"href":"https:\/\/www.europesays.com\/pl\/wp-json\/wp\/v2\/posts"}],"about":[{"href":"https:\/\/www.europesays.com\/pl\/wp-json\/wp\/v2\/types\/post"}],"author":[{"embeddable":true,"href":"https:\/\/www.europesays.com\/pl\/wp-json\/wp\/v2\/users\/2"}],"replies":[{"embeddable":true,"href":"https:\/\/www.europesays.com\/pl\/wp-json\/wp\/v2\/comments?post=659638"}],"version-history":[{"count":0,"href":"https:\/\/www.europesays.com\/pl\/wp-json\/wp\/v2\/posts\/659638\/revisions"}],"wp:featuredmedia":[{"embeddable":true,"href":"https:\/\/www.europesays.com\/pl\/wp-json\/wp\/v2\/media\/659639"}],"wp:attachment":[{"href":"https:\/\/www.europesays.com\/pl\/wp-json\/wp\/v2\/media?parent=659638"}],"wp:term":[{"taxonomy":"category","embeddable":true,"href":"https:\/\/www.europesays.com\/pl\/wp-json\/wp\/v2\/categories?post=659638"},{"taxonomy":"post_tag","embeddable":true,"href":"https:\/\/www.europesays.com\/pl\/wp-json\/wp\/v2\/tags?post=659638"}],"curies":[{"name":"wp","href":"https:\/\/api.w.org\/{rel}","templated":true}]}}