{"id":659654,"date":"2026-09-01T09:34:21","date_gmt":"2026-09-01T09:34:21","guid":{"rendered":"https:\/\/www.europesays.com\/pl\/659654\/"},"modified":"2026-09-01T09:34:21","modified_gmt":"2026-09-01T09:34:21","slug":"bydgoszcz-pozegnala-ks-infulata-stanislawa-kotowskiego-przez-16-lat-byl-gospodarzem-katedry","status":"publish","type":"post","link":"https:\/\/www.europesays.com\/pl\/659654\/","title":{"rendered":"Bydgoszcz po\u017cegna\u0142a ks. infu\u0142ata Stanis\u0142awa Kotowskiego. Przez 16 lat by\u0142 gospodarzem katedry"},"content":{"rendered":"<p>fot. Facebook\/Diecezja Bydgoska<\/p>\n<p>        Modlitwa i \u017ca\u0142oba<\/p>\n<p>Uroczysto\u015bci zwi\u0105zane z ostatnim po\u017cegnaniem ks. Stanis\u0142awa Kotowskiego trwa\u0142y dwa dni. Rozpocz\u0119\u0142y si\u0119 w niedziel\u0119, 30 sierpnia, w bydgoskiej katedrze \u015bw. Marcina i \u015bw. Miko\u0142aja, z kt\u00f3r\u0105 duchowny by\u0142 zwi\u0105zany przez ostatnich 16 lat swojej pos\u0142ugi.<\/p>\n<p>W \u015bwi\u0105tyni zgromadzili si\u0119 kap\u0142ani, rodzina, przyjaciele, parafianie i mieszka\u0144cy Bydgoszczy. Pierwszej Mszy \u017ca\u0142obnej przewodniczy\u0142 ks. kanonik Tomasz Cyl, wikariusz generalny diecezji bydgoskiej.<\/p>\n<p>\u201eS\u0142uga dobry i wierny\u201d<\/p>\n<p>Homili\u0119 podczas niedzielnej liturgii wyg\u0142osi\u0142 ks. S\u0142awomir Bar CM. Wspomina\u0142 zmar\u0142ego jako cz\u0142owieka pogodnego, serdecznego i wra\u017cliwego na potrzeby innych, ale tak\u017ce jako gospodarza niezwykle mocno zaanga\u017cowanego w \u017cycie bydgoskiej katedry.<\/p>\n<p>Przypomina\u0142, \u017ce \u015blady pracy ks. Kotowskiego mo\u017cna odnale\u017a\u0107 niemal w ka\u017cdym miejscu \u015bwi\u0105tyni i jej otoczenia. Przez lata troszczy\u0142 si\u0119 nie tylko o sam budynek, ale r\u00f3wnie\u017c o ludzi przychodz\u0105cych do parafii po pomoc.<\/p>\n<p>W homilii powraca\u0142 motyw \u015bmierci rozumianej nie jako ostateczne odej\u015bcie, lecz przej\u015bcie.\u00a0Ks. Bar m\u00f3wi\u0142 o chrze\u015bcija\u0144skiej nadziei i wierze w spotkanie \u201ew domu Ojca\u201d, a swoje po\u017cegnanie zako\u0144czy\u0142 s\u0142owami odnosz\u0105cymi si\u0119 do ewangelicznego \u201es\u0142ugi dobrego i wiernego\u201d.<\/p>\n<p>Ostatnie po\u017cegnanie\u00a0<\/p>\n<p>G\u0142\u00f3wne uroczysto\u015bci pogrzebowe odby\u0142y si\u0119 dzie\u0144 p\u00f3\u017aniej \u2013 w poniedzia\u0142ek, 31 sierpnia.<\/p>\n<p>Mszy \u015awi\u0119tej w katedrze przewodniczy\u0142 biskup bydgoski Krzysztof W\u0142odarczyk. W swoim wyst\u0105pieniu podkre\u015bla\u0142 wyj\u0105tkowo\u015b\u0107 zmar\u0142ego kap\u0142ana i jego osobistego stylu pos\u0142ugi.<\/p>\n<p>&#13;<\/p>\n<p>(&#8230;) Nikt ksi\u0119dza infu\u0142ata Stanis\u0142awa Kotowskiego nie zast\u0105pi \u2013 m\u00f3wi\u0142 biskup, zaznaczaj\u0105c, \u017ce cho\u0107 kto\u015b przejmie pe\u0142nione przez niego funkcje, nie da si\u0119 powt\u00f3rzy\u0107 jego osobowo\u015bci, charyzmatu i sposobu bycia.<\/p>\n<p>&#13;<\/p>\n<p>Po zako\u0144czeniu liturgii kondukt \u017ca\u0142obny uda\u0142 si\u0119 na Cmentarz Nowofarny przy ul. Artyleryjskiej, gdzie ks. Stanis\u0142aw Kotowski zosta\u0142 pochowany.<\/p>\n<p>Po\u015bmiertne odznaczenia<\/p>\n<p>Podczas uroczysto\u015bci przypomniano r\u00f3wnie\u017c o zas\u0142ugach duchownego dla Bydgoszczy i regionu.<\/p>\n<p>Ks. infu\u0142at Stanis\u0142aw Kotowski zosta\u0142 po\u015bmiertnie uhonorowany medalem marsza\u0142ka wojew\u00f3dztwa kujawsko-pomorskiego. Otrzyma\u0142 tak\u017ce odznak\u0119 przyznan\u0105 przez Komendanta Wojew\u00f3dzkiego Policji w Bydgoszczy.<\/p>\n<p>Z Policj\u0105 by\u0142 zwi\u0105zany przez wiele lat \u2013 funkcj\u0119 kapelana pe\u0142ni\u0142 od 1 wrze\u015bnia 1998 roku.<\/p>\n<p>Szesna\u015bcie lat w bydgoskiej katedrze<\/p>\n<p>Stanis\u0142aw Kotowski urodzi\u0142 si\u0119 8 listopada 1953 roku w Bydgoszczy. Po uko\u0144czeniu II Liceum Og\u00f3lnokszta\u0142c\u0105cego w 1973 roku rozpocz\u0105\u0142 formacj\u0119 w Prymasowskim Wy\u017cszym Seminarium Duchownym w Gnie\u017anie.<\/p>\n<p>\u015awi\u0119cenia kap\u0142a\u0144skie przyj\u0105\u0142 24 maja 1979 roku w katedrze gnie\u017anie\u0144skiej.<\/p>\n<p>Jako wikariusz pracowa\u0142 m.in. w W\u0105growcu, Szubinie i Inowroc\u0142awiu, a nast\u0119pnie w parafii Naj\u015bwi\u0119tszej Maryi Panny Nieustaj\u0105cej Pomocy w Bydgoszczy.<\/p>\n<p>P\u00f3\u017aniej by\u0142 proboszczem parafii \u015bw. Wojciecha w Stodo\u0142ach oraz parafii Naj\u015bwi\u0119tszej Maryi Panny Cz\u0119stochowskiej w Bydgoszczy. W 2010 roku obj\u0105\u0142 parafi\u0119 katedraln\u0105 \u015bw. Marcina i \u015bw. Miko\u0142aja, kt\u00f3r\u0105 prowadzi\u0142 a\u017c do \u015bmierci.<\/p>\n<p>Kapelan, duszpasterz, bydgoszczanin<\/p>\n<p>Ks. Kotowski pe\u0142ni\u0142 tak\u017ce funkcj\u0119 dziekana, by\u0142 prepozytem Kapitu\u0142y Katedralnej Diecezji Bydgoskiej, jej kanonikiem gremialnym, pra\u0142atem i infu\u0142atem.<\/p>\n<p>Poza pos\u0142ug\u0105 parafialn\u0105 anga\u017cowa\u0142 si\u0119 w wiele \u015brodowisk. By\u0142 m.in. opiekunem duchowym Towarzystwa Mi\u0142o\u015bnik\u00f3w Miasta Bydgoszczy, duszpasterzem Zwi\u0105zku Sybirak\u00f3w, a tak\u017ce \u015brodowisk prawniczych.<\/p>\n","protected":false},"excerpt":{"rendered":"fot. Facebook\/Diecezja Bydgoska Modlitwa i \u017ca\u0142oba Uroczysto\u015bci zwi\u0105zane z ostatnim po\u017cegnaniem ks. Stanis\u0142awa Kotowskiego trwa\u0142y dwa dni. Rozpocz\u0119\u0142y&hellip;\n","protected":false},"author":2,"featured_media":659655,"comment_status":"","ping_status":"","sticky":false,"template":"","format":"standard","meta":{"footnotes":"","_share_on_mastodon":"0"},"categories":[51613],"tags":[210,7132,57676,128386,74812,125733,4929,128385,74731,97457,42,393,38,414,40,39,41,511,1092],"class_list":["post-659654","post","type-post","status-publish","format-standard","has-post-thumbnail","category-bydgoszcz","tag-aktualnosci","tag-bydgoszcz","tag-diecezja-bydgoska","tag-kapelan","tag-katedra-bydgoska","tag-ks-stanislaw-kotowski","tag-modlitwa","tag-msza-swieta-zalobna","tag-odznaczenia","tag-ostatnie-pozegnanie","tag-pl","tag-pogrzeb","tag-poland","tag-policja","tag-polish","tag-polska","tag-polski","tag-smierc","tag-wydarzenia"],"share_on_mastodon":{"url":"https:\/\/pubeurope.com\/@pl\/117195103535878903","error":""},"_links":{"self":[{"href":"https:\/\/www.europesays.com\/pl\/wp-json\/wp\/v2\/posts\/659654","targetHints":{"allow":["GET"]}}],"collection":[{"href":"https:\/\/www.europesays.com\/pl\/wp-json\/wp\/v2\/posts"}],"about":[{"href":"https:\/\/www.europesays.com\/pl\/wp-json\/wp\/v2\/types\/post"}],"author":[{"embeddable":true,"href":"https:\/\/www.europesays.com\/pl\/wp-json\/wp\/v2\/users\/2"}],"replies":[{"embeddable":true,"href":"https:\/\/www.europesays.com\/pl\/wp-json\/wp\/v2\/comments?post=659654"}],"version-history":[{"count":0,"href":"https:\/\/www.europesays.com\/pl\/wp-json\/wp\/v2\/posts\/659654\/revisions"}],"wp:featuredmedia":[{"embeddable":true,"href":"https:\/\/www.europesays.com\/pl\/wp-json\/wp\/v2\/media\/659655"}],"wp:attachment":[{"href":"https:\/\/www.europesays.com\/pl\/wp-json\/wp\/v2\/media?parent=659654"}],"wp:term":[{"taxonomy":"category","embeddable":true,"href":"https:\/\/www.europesays.com\/pl\/wp-json\/wp\/v2\/categories?post=659654"},{"taxonomy":"post_tag","embeddable":true,"href":"https:\/\/www.europesays.com\/pl\/wp-json\/wp\/v2\/tags?post=659654"}],"curies":[{"name":"wp","href":"https:\/\/api.w.org\/{rel}","templated":true}]}}