{"id":659668,"date":"2026-09-01T09:41:13","date_gmt":"2026-09-01T09:41:13","guid":{"rendered":"https:\/\/www.europesays.com\/pl\/659668\/"},"modified":"2026-09-01T09:41:13","modified_gmt":"2026-09-01T09:41:13","slug":"krakow-zjazd-absolwentow-i-absolwentek-na-jubileuszu-80-lecia-ast-pwst","status":"publish","type":"post","link":"https:\/\/www.europesays.com\/pl\/659668\/","title":{"rendered":"Krak\u00f3w. Zjazd Absolwent\u00f3w i Absolwentek na jubileuszu 80-lecia AST\/PWST"},"content":{"rendered":"<p>17 pa\u017adziernika 2026 roku Akademia Sztuk Teatralnych im. Stanis\u0142awa Wyspia\u0144skiego w Krakowie (wcze\u015bniej: Pa\u0144stwowa Wy\u017csza Szko\u0142a Teatralna im. Ludwika Solskiego w Krakowie) b\u0119dzie \u015bwi\u0119towa\u0107 jubileusz 80-lecia.\u00a0<\/p>\n<p>            <a data-lightbox=\"article-gallery\" href=\"https:\/\/e-teatr.pl\/files\/multimedias\/182528\/001.jpg\" rel=\"nofollow noopener\" target=\"_blank\">&#13;<br \/>\n        <img loading=\"lazy\" decoding=\"async\" src=\"https:\/\/www.europesays.com\/pl\/wp-content\/uploads\/2026\/09\/thumb_001.jpg\" alt=\"\" title=\"\" width=\"1075\" height=\"1076\"\/>      <\/a><\/p>\n<p>fot. mat. organizatora<\/p>\n<p>Chcemy uczci\u0107 ten wyj\u0105tkowy moment razem z Wami \u2013 osobami, kt\u00f3re wsp\u00f3\u0142tworzy\u0142y i nadal wsp\u00f3\u0142tworz\u0105 histori\u0119 naszej Uczelni. W programie jubileuszu znajd\u0105 si\u0119 m.in. cz\u0119\u015b\u0107 artystyczna, spotkania absolwenckie, rozmowy z pedagogami oraz\u00a0minirecitale\u00a0Absolwentek i Absolwent\u00f3w.\u00a0<\/p>\n<p>Serdecznie zapraszamy do udzia\u0142u w Zje\u017adzie Absolwentek i Absolwent\u00f3w AST.\u00a0\u00a0<br \/>Bardzo prosimy o rejestracj\u0119 \u2013 u\u0142atwi nam ona organizacj\u0119 wydarzenia i pozwoli jak najlepiej przygotowa\u0107 si\u0119 na Pa\u0144stwa przyjazd.\u00a0<\/p>\n<p>Zarejestruj si\u0119 i \u015bwi\u0119tuj z nami 80-lecie AST!\u00a0<br \/><a href=\"https:\/\/forms.office.com\/e\/8w1uv4R4F0\" rel=\"nofollow noopener\" target=\"_blank\">FORMULARZ REJESTRACYJNY \u2013 JUBILEUSZ 80-LECIA ZJAZD ABSOLWENTEK I ABSOLWENT\u00d3W\u00a0AST\/PWST \u2013 Wype\u0142nij formularz<\/a><\/p>\n<p>Rektor AST\u00a0<br \/>dr hab. Grzegorz Mielczarek\u00a0<\/p>\n","protected":false},"excerpt":{"rendered":"17 pa\u017adziernika 2026 roku Akademia Sztuk Teatralnych im. Stanis\u0142awa Wyspia\u0144skiego w Krakowie (wcze\u015bniej: Pa\u0144stwowa Wy\u017csza Szko\u0142a Teatralna im.&hellip;\n","protected":false},"author":2,"featured_media":659669,"comment_status":"","ping_status":"","sticky":false,"template":"","format":"standard","meta":{"footnotes":"","_share_on_mastodon":"0"},"categories":[51606],"tags":[2434,8588,6588,17490,16331,51630,1304,42,38,40,39,41,649,650,11541,51629,8815,51631,8767,51628,800,8816],"class_list":["post-659668","post","type-post","status-publish","format-standard","has-post-thumbnail","category-krakow","tag-aktor","tag-aktorzy","tag-festiwal","tag-festiwale","tag-kariera","tag-kariery","tag-krakow","tag-pl","tag-poland","tag-polish","tag-polska","tag-polski","tag-premiera","tag-premiery","tag-realizacja","tag-realizacje","tag-repertuar","tag-ruch-teatralny","tag-sztuka","tag-sztuki","tag-teatr","tag-teatry"],"share_on_mastodon":{"url":"https:\/\/pubeurope.com\/@pl\/117195132019451200","error":""},"_links":{"self":[{"href":"https:\/\/www.europesays.com\/pl\/wp-json\/wp\/v2\/posts\/659668","targetHints":{"allow":["GET"]}}],"collection":[{"href":"https:\/\/www.europesays.com\/pl\/wp-json\/wp\/v2\/posts"}],"about":[{"href":"https:\/\/www.europesays.com\/pl\/wp-json\/wp\/v2\/types\/post"}],"author":[{"embeddable":true,"href":"https:\/\/www.europesays.com\/pl\/wp-json\/wp\/v2\/users\/2"}],"replies":[{"embeddable":true,"href":"https:\/\/www.europesays.com\/pl\/wp-json\/wp\/v2\/comments?post=659668"}],"version-history":[{"count":0,"href":"https:\/\/www.europesays.com\/pl\/wp-json\/wp\/v2\/posts\/659668\/revisions"}],"wp:featuredmedia":[{"embeddable":true,"href":"https:\/\/www.europesays.com\/pl\/wp-json\/wp\/v2\/media\/659669"}],"wp:attachment":[{"href":"https:\/\/www.europesays.com\/pl\/wp-json\/wp\/v2\/media?parent=659668"}],"wp:term":[{"taxonomy":"category","embeddable":true,"href":"https:\/\/www.europesays.com\/pl\/wp-json\/wp\/v2\/categories?post=659668"},{"taxonomy":"post_tag","embeddable":true,"href":"https:\/\/www.europesays.com\/pl\/wp-json\/wp\/v2\/tags?post=659668"}],"curies":[{"name":"wp","href":"https:\/\/api.w.org\/{rel}","templated":true}]}}