{"id":659682,"date":"2026-09-01T09:48:24","date_gmt":"2026-09-01T09:48:24","guid":{"rendered":"https:\/\/www.europesays.com\/pl\/659682\/"},"modified":"2026-09-01T09:48:24","modified_gmt":"2026-09-01T09:48:24","slug":"android-auto-17-6-do-pobrania-zmiana-widoczna-od-razu","status":"publish","type":"post","link":"https:\/\/www.europesays.com\/pl\/659682\/","title":{"rendered":"Android Auto 17.6 do pobrania. Zmiana widoczna od razu"},"content":{"rendered":"<p>Google zacz\u0105\u0142 wprowadza\u0107 now\u0105 ikon\u0119 <a href=\"https:\/\/www.dobreprogramy.pl\/android-auto,program,android,6628624478931073\" rel=\"noopener noreferrer nofollow\" target=\"_blank\">Androida Auto<\/a>. Niebieski ust\u0119puje miejsca zieleni zbli\u017conej do odcienia kojarzonego z\u00a0Androidem. To pierwszy wyra\u017any sygna\u0142, \u017ce producent posuwa prace nad zapowiadanym wcze\u015bniej <a href=\"https:\/\/www.dobreprogramy.pl\/nowy-android-auto-wielka-zmiana-interfejsu,7285359405246528a\" rel=\"noopener noreferrer nofollow\" target=\"_blank\">gruntownym od\u015bwie\u017ceniem Android Auto<\/a>.<\/p>\n<p>Na samej ikonie wida\u0107 te\u017c delikatne korekty kszta\u0142tu. Rogi s\u0105 bardziej zaokr\u0105glone ni\u017c wcze\u015bniej, tak\u017ce przy strza\u0142ce skierowanej w\u00a0g\u00f3r\u0119. Zmieniono r\u00f3wnie\u017c proporcje mi\u0119dzy zielon\u0105 i\u00a0bia\u0142\u0105 cz\u0119\u015bci\u0105 logo, przez co odst\u0119p mi\u0119dzy nimi jest bardziej widoczny.<\/p>\n<p>Nowa ikona pojawi\u0142a si\u0119 wraz z\u00a0wersj\u0105 17.6.663424 Androida Auto. Na razie widzi j\u0105 tylko cz\u0119\u015b\u0107 u\u017cytkownik\u00f3w, wi\u0119c aktualizacja nie dotar\u0142a jeszcze wsz\u0119dzie w\u00a0tym samym czasie. Jak zwykle jest to jednak wy\u0142\u0105cznie kwesti\u0105 czasu, nim najnowsze wydanie trafi do ka\u017cdego telefonu.<\/p>\n<p>Sama zmiana grafiki nie oznacza jeszcze nowych mo\u017cliwo\u015bci w\u00a0Androidzie Auto, na kt\u00f3re wci\u0105\u017c czekamy. Na ten moment nie odnotowano r\u00f3\u017cnic w\u00a0dzia\u0142aniu aplikacji ani dodatkowych opcji. Obserwatorzy zwracaj\u0105 uwag\u0119 wy\u0142\u0105cznie na warstw\u0119 wizualn\u0105 i\u00a0czekaj\u0105 na kolejne elementy zapowiadanej przebudowy.<\/p>\n<p>Wi\u0119ksza zmiana interfejsu Androida Auto ma przynie\u015b\u0107 bardziej p\u0142ynne elementy interfejsu, mniej sztywnych kszta\u0142t\u00f3w, obs\u0142ug\u0119 wid\u017cet\u00f3w oraz odtwarzanie wideo. Termin wdro\u017cenia tych zmian nadal pozostaje niejasny. Na razie nowa ikona wygl\u0105da wi\u0119c jak wst\u0119p do szerszej aktualizacji.<\/p>\n<p>Ciekawy jest te\u017c sam kierunek projektu. Google postawi\u0142 na jednolite kolory zamiast gradientu, cho\u0107 w\u00a0innych aplikacjach firmy takie rozwi\u0105zania si\u0119 pojawiaj\u0105. To sugeruje, \u017ce od\u015bwie\u017cenie Android Auto ma w\u0142asny, odr\u0119bny j\u0119zyk wizualny, nawet je\u015bli na razie obejmuje tylko ikon\u0119.<\/p>\n","protected":false},"excerpt":{"rendered":"Google zacz\u0105\u0142 wprowadza\u0107 now\u0105 ikon\u0119 Androida Auto. Niebieski ust\u0119puje miejsca zieleni zbli\u017conej do odcienia kojarzonego z\u00a0Androidem. To pierwszy&hellip;\n","protected":false},"author":2,"featured_media":659683,"comment_status":"","ping_status":"","sticky":false,"template":"","format":"standard","meta":{"footnotes":"","_share_on_mastodon":"0"},"categories":[20],"tags":[120,118,119,42,38,40,39,41,116,114,115,121,117],"class_list":["post-659682","post","type-post","status-publish","format-standard","has-post-thumbnail","category-nauka-i-technika","tag-nauka","tag-nauka-i-technika","tag-naukatechnika","tag-pl","tag-poland","tag-polish","tag-polska","tag-polski","tag-science","tag-science-and-technology","tag-sciencetechnology","tag-technika","tag-technology"],"share_on_mastodon":{"url":"https:\/\/pubeurope.com\/@pl\/117195158504790021","error":""},"_links":{"self":[{"href":"https:\/\/www.europesays.com\/pl\/wp-json\/wp\/v2\/posts\/659682","targetHints":{"allow":["GET"]}}],"collection":[{"href":"https:\/\/www.europesays.com\/pl\/wp-json\/wp\/v2\/posts"}],"about":[{"href":"https:\/\/www.europesays.com\/pl\/wp-json\/wp\/v2\/types\/post"}],"author":[{"embeddable":true,"href":"https:\/\/www.europesays.com\/pl\/wp-json\/wp\/v2\/users\/2"}],"replies":[{"embeddable":true,"href":"https:\/\/www.europesays.com\/pl\/wp-json\/wp\/v2\/comments?post=659682"}],"version-history":[{"count":0,"href":"https:\/\/www.europesays.com\/pl\/wp-json\/wp\/v2\/posts\/659682\/revisions"}],"wp:featuredmedia":[{"embeddable":true,"href":"https:\/\/www.europesays.com\/pl\/wp-json\/wp\/v2\/media\/659683"}],"wp:attachment":[{"href":"https:\/\/www.europesays.com\/pl\/wp-json\/wp\/v2\/media?parent=659682"}],"wp:term":[{"taxonomy":"category","embeddable":true,"href":"https:\/\/www.europesays.com\/pl\/wp-json\/wp\/v2\/categories?post=659682"},{"taxonomy":"post_tag","embeddable":true,"href":"https:\/\/www.europesays.com\/pl\/wp-json\/wp\/v2\/tags?post=659682"}],"curies":[{"name":"wp","href":"https:\/\/api.w.org\/{rel}","templated":true}]}}