{"id":659688,"date":"2026-09-01T09:51:16","date_gmt":"2026-09-01T09:51:16","guid":{"rendered":"https:\/\/www.europesays.com\/pl\/659688\/"},"modified":"2026-09-01T09:51:16","modified_gmt":"2026-09-01T09:51:16","slug":"mentzen-uderzyl-w-nowy-pomysl-pis-chyba-w-koalicji-z-razem-i-lewica","status":"publish","type":"post","link":"https:\/\/www.europesays.com\/pl\/659688\/","title":{"rendered":"Mentzen uderzy\u0142 w nowy pomys\u0142 PiS. &#8222;Chyba w koalicji z Razem i Lewic\u0105&#8221;"},"content":{"rendered":"<p>W zwi\u0105zku z pocz\u0105tkiem nowego roku szkolnego Prawo i Sprawiedliwo\u015b\u0107 przedstawi\u0142o now\u0105 propozycj\u0119 programow\u0105: zwi\u0119kszenie pomocy finansowej przeznaczonej na szkoln\u0105 wyprawk\u0119 do 800 z\u0142. Obecnie rodzice uczni\u00f3w mog\u0105 korzysta\u0107 przede wszystkim z programu Dobry Start, czyli jednorazowego \u015bwiadczenia w wysoko\u015bci 300 z\u0142 na ucznia.<\/p>\n<p>Mentzen atakuje pomys\u0142 PiS. Dosta\u0142 ju\u017c odpowied\u017a. &#8222;Zapytaj koleg\u00f3w&#8221;<a href=\"https:\/\/www.onet.pl\/\" title=\"Strona G\u0142\u00f3wna\" aria-label=\"Strona G\u0142\u00f3wna\" data-astro-prefetch=\"tap\" class=\"ods-a-logo-main-desktop\" rel=\"nofollow noopener\" target=\"_blank\"><img src=\"https:\/\/cdn.wiadomosci.onet.pl\/img\/Logo_desktop_Onet.svg\" class=\"ods-a-logo-main-desktop__image\" alt=\"Logo\" width=\"107\" height=\"60\" fetchpriority=\"high\" decoding=\"sync\" style=\"height:60px\"\/><\/a><\/p>\n<p class=\"ods-m-google-article__text\">Czytaj nas cz\u0119\u015bciej w Google<\/p>\n<p><a href=\"https:\/\/google.com\/preferences\/source?q=wiadomosci.onet.pl\" target=\"_blank\" rel=\"noopener noreferrer nofollow\" aria-label=\"Dodaj w Google\" title=\"Dodaj w Google\" class=\"ods-a-button ods-a-button__primary ods-a-button__default ods-a-button-l\">Dodaj w Google<\/a><\/p>\n<p>Propozycja, kt\u00f3rej twarz\u0105 zosta\u0142 Przemys\u0142aw Czarnek, spotka\u0142a si\u0119 z reakcj\u0105 S\u0142awomira Mentzena. Lider Nowej Nadziei, znany z krytycznego podej\u015bcia do rozbudowy \u015bwiadcze\u0144 socjalnych, skomentowa\u0142 pomys\u0142 kr\u00f3tko na portalu X: &#8222;to chyba w koalicji z Razem i Lewic\u0105&#8221;.<\/p>\n<p>&#8222;Niemcy nie zap\u0142ac\u0105 nam biliona euro&#8221;. Prof. Antoni Dudek o b\u0142\u0119dach Tuska i Kaczy\u0144skiego<img class=\"ods-a-photo ods-a-photo--background\" src=\"https:\/\/www.europesays.com\/pl\/wp-content\/uploads\/2026\/09\/zagk9lBaHR0cHM6Ly9vY2RuLmV1L3B1bHNjbXMvTURBXy9jOGQ4NjEzNWQwZDc5Yjk4YWJkZGM2MjNkOTFlMjdhNS5qcGeRlQLNA.jpeg\" height=\"300\" width=\"450\" alt=\"Antoni Dudek\" loading=\"lazy\" fetchpriority=\"low\" decoding=\"async\"\/><\/p>\n<p>Na wpis Mentzena natychmiast zareagowa\u0142 pose\u0142 PiS Rados\u0142aw Fogiel: &#8222;Z kim\u015b, kto nie uwa\u017ca wsparcia polskich rodzin za obci\u0105\u017cenie. Zapytaj koleg\u00f3w z Ruchu Narodowego&#8221;.<\/p>\n<p>Pose\u0142 PiS wykorzysta\u0142 wi\u0119c sp\u00f3r o 800 z\u0142 nie tylko do obrony propozycji Czarnka, ale r\u00f3wnie\u017c do wbicia klina mi\u0119dzy dwa g\u0142\u00f3wne \u015brodowiska tworz\u0105ce Konfederacj\u0119.<\/p>\n<p>Opracowanie:Mateusz Ba\u0142uka<\/p>\n<p>Data utworzenia:1 wrze\u015bnia 2026, 10:44<\/p>\n","protected":false},"excerpt":{"rendered":"W zwi\u0105zku z pocz\u0105tkiem nowego roku szkolnego Prawo i Sprawiedliwo\u015b\u0107 przedstawi\u0142o now\u0105 propozycj\u0119 programow\u0105: zwi\u0119kszenie pomocy finansowej przeznaczonej&hellip;\n","protected":false},"author":2,"featured_media":659689,"comment_status":"","ping_status":"","sticky":false,"template":"","format":"standard","meta":{"footnotes":"","_share_on_mastodon":"0"},"categories":[12],"tags":[61195,32,33,36,37,27,49,34,35,28,31,48,25,46,529,42,38,40,39,41,1524,1377,47,865,29,30,26],"class_list":["post-659688","post","type-post","status-publish","format-standard","has-post-thumbnail","category-polska","tag-bottomfeed_styl","tag-breaking-news","tag-breakingnews","tag-featured-news","tag-featurednews","tag-headlines","tag-kraj","tag-latest-news","tag-latestnews","tag-naglowki","tag-najwazniejsze-artykuly","tag-nat_styl","tag-news","tag-omp","tag-pis","tag-pl","tag-poland","tag-polish","tag-polska","tag-polski","tag-przemyslaw_czarnek","tag-radoslaw_fogiel","tag-screening_general","tag-slawomir_mentzen","tag-top-stories","tag-topstories","tag-wiadomosci"],"share_on_mastodon":{"url":"https:\/\/pubeurope.com\/@pl\/117195171875954421","error":""},"_links":{"self":[{"href":"https:\/\/www.europesays.com\/pl\/wp-json\/wp\/v2\/posts\/659688","targetHints":{"allow":["GET"]}}],"collection":[{"href":"https:\/\/www.europesays.com\/pl\/wp-json\/wp\/v2\/posts"}],"about":[{"href":"https:\/\/www.europesays.com\/pl\/wp-json\/wp\/v2\/types\/post"}],"author":[{"embeddable":true,"href":"https:\/\/www.europesays.com\/pl\/wp-json\/wp\/v2\/users\/2"}],"replies":[{"embeddable":true,"href":"https:\/\/www.europesays.com\/pl\/wp-json\/wp\/v2\/comments?post=659688"}],"version-history":[{"count":0,"href":"https:\/\/www.europesays.com\/pl\/wp-json\/wp\/v2\/posts\/659688\/revisions"}],"wp:featuredmedia":[{"embeddable":true,"href":"https:\/\/www.europesays.com\/pl\/wp-json\/wp\/v2\/media\/659689"}],"wp:attachment":[{"href":"https:\/\/www.europesays.com\/pl\/wp-json\/wp\/v2\/media?parent=659688"}],"wp:term":[{"taxonomy":"category","embeddable":true,"href":"https:\/\/www.europesays.com\/pl\/wp-json\/wp\/v2\/categories?post=659688"},{"taxonomy":"post_tag","embeddable":true,"href":"https:\/\/www.europesays.com\/pl\/wp-json\/wp\/v2\/tags?post=659688"}],"curies":[{"name":"wp","href":"https:\/\/api.w.org\/{rel}","templated":true}]}}