{"id":659698,"date":"2026-09-01T09:57:12","date_gmt":"2026-09-01T09:57:12","guid":{"rendered":"https:\/\/www.europesays.com\/pl\/659698\/"},"modified":"2026-09-01T09:57:12","modified_gmt":"2026-09-01T09:57:12","slug":"rusza-kolejna-edycja-programu-kghm-kompetentni-w-branzy-dla-uczniow-szkol-branzowych-i-technicznych","status":"publish","type":"post","link":"https:\/\/www.europesays.com\/pl\/659698\/","title":{"rendered":"Rusza kolejna edycja programu KGHM \u201eKompetentni w bran\u017cy\u201d dla uczni\u00f3w szk\u00f3\u0142 bran\u017cowych i technicznych"},"content":{"rendered":"<p class=\"news__lead\">Ponad 2300 uczni\u00f3w z 10 szk\u00f3\u0142 Zag\u0142\u0119bia Miedziowego rozpoczyna kolejny rok nauki w klasach patronackich KGHM w ramach programu \u201eKompetentni w bran\u017cy\u201d. To ju\u017c dziewi\u0105ta ods\u0142ona projektu, kt\u00f3rego celem jest \u0142\u0105czenie edukacji zawodowej z praktycznymi potrzebami przemys\u0142u oraz przygotowanie m\u0142odych ludzi do wej\u015bcia na rynek pracy. Program jest realizowany we wsp\u00f3\u0142pracy z Ministerstwem Edukacji Narodowej.<\/p>\n<p>KGHM Polska Mied\u017a S.A. od lat wsp\u00f3\u0142pracuje ze szko\u0142ami technicznymi i bran\u017cowymi w regionie. W roku szkolnym 2026\/2027 patronatem Sp\u00f3\u0142ki obj\u0119tych jest 10 plac\u00f3wek z Lubina, Polkowic, Legnicy, G\u0142ogowa, Chocianowa, Boles\u0142awca i Wschowy. Uczniowie kszta\u0142c\u0105 si\u0119 w 15 zawodach istotnych z punktu widzenia dzia\u0142alno\u015bci KGHM \u2013 m.in. w obszarach g\u00f3rnictwa, hutnictwa, przer\u00f3bki, elektryki, automatyki i mechatroniki.<\/p>\n<p>Kompetencje potrzebne gospodarce<\/p>\n<p>Zawody obj\u0119te patronatem KGHM znajduj\u0105 si\u0119 w prognozie Ministerstwa Edukacji Narodowej w\u015br\u00f3d profesji szczeg\u00f3lnie potrzebnych na rynku pracy. Program \u201eKompetentni w bran\u017cy\u201d pozwala uczniom zdobywa\u0107 wiedz\u0119 i do\u015bwiadczenie w bezpo\u015brednim kontakcie z najwi\u0119kszym pracodawc\u0105 Zag\u0142\u0119bia Miedziowego oraz specjalistami pracuj\u0105cymi na co dzie\u0144 w oddzia\u0142ach Sp\u00f3\u0142ki.<\/p>\n<p>\u2013 Poprzez inicjatywy edukacyjne, rozwojowe i sportowe chcemy pokazywa\u0107 m\u0142odym ludziom, \u017ce program \u201eKompetentni w bran\u017cy\u201d to co\u015b wi\u0119cej ni\u017c jednostronna relacja szko\u0142y z biznesem. To przestrze\u0144 do rozmowy o\u00a0 potrzebach, warto\u015bciach i wyzwaniach, a tak\u017ce szansa na praktyczne poznanie zawod\u00f3w wa\u017cnych dla przysz\u0142o\u015bci regionu. Dzi\u0119ki temu wok\u00f3\u0142 programu powsta\u0142a zaanga\u017cowana spo\u0142eczno\u015b\u0107 #TeamKompetentni, kt\u00f3rej wsp\u00f3lnym celem jest jak najlepsze przygotowanie m\u0142odzie\u017cy do wej\u015bcia na rynek pracy\u00a0\u2013 m\u00f3wi Magdalena Lipi\u0144ska, Dyrektor Naczelna ds. zarz\u0105dzania zasobami ludzkimi KGHM Polska Mied\u017a S.A.<\/p>\n<p>W ramach programu uczniowie mog\u0105 m.in. odbywa\u0107 praktyki w oddzia\u0142ach KGHM pod opiek\u0105 do\u015bwiadczonych specjalist\u00f3w, bra\u0107 udzia\u0142 w p\u0142atnym programie sta\u017cowym, ubiega\u0107 si\u0119\u00a0o stypendia oraz korzysta\u0107 z pracowni doposa\u017conych dzi\u0119ki \u015brodkom Sp\u00f3\u0142ki. KGHM organizuje r\u00f3wnie\u017c konferencje, wizyty w oddzia\u0142ach, warsztaty i wydarzenia sportowe, kt\u00f3re pomagaj\u0105 uczniom rozwija\u0107 zar\u00f3wno kompetencje techniczne, jak i umiej\u0119tno\u015bci przydatne w planowaniu kariery.<\/p>\n<p>Uczniowie bli\u017cej Polskiej Miedzi<\/p>\n<p>W roku szkolnym 2026\/2027 koordynatorzy programu planuj\u0105 kontynuacj\u0119 inicjatyw dobrze znanych uczniom, takich jak Olimpiada wiedzy o KGHM \u201eKompetentny Gilbert\u201d czy spotkanie ambasador\u00f3w programu. W harmonogramie pojawi\u0105 si\u0119 tak\u017ce nowe propozycje, w tym \u201eKompetentny Kozak\u201d \u2013 zawody w konkurencjach si\u0142owych, wsp\u00f3lne wej\u015bcie na \u015anie\u017ck\u0119 oraz \u201eDni z KGHM\u201d organizowane w ka\u017cdej ze szk\u00f3\u0142. Podczas tych wydarze\u0144 uczniowie b\u0119d\u0105 mogli spotka\u0107 si\u0119 z pracownikami wykonuj\u0105cymi konkretne zawody w oddzia\u0142ach KGHM i lepiej pozna\u0107 specyfik\u0119 pracy w Polskiej Miedzi.<\/p>\n<p>Program \u201eKompetentni w bran\u017cy\u201d od 2018 roku wspiera kszta\u0142cenie zawodowe w Zag\u0142\u0119biu Miedziowym i wzmacnia wsp\u00f3\u0142prac\u0119 mi\u0119dzy szko\u0142ami a biznesem. Jego za\u0142o\u017ceniem jest nie tylko rozw\u00f3j kompetencji technicznych, lecz tak\u017ce budowanie relacji z m\u0142odymi lud\u017ami, kt\u00f3rzy w przysz\u0142o\u015bci mog\u0105 zasili\u0107 kadry KGHM i ca\u0142ego regionu. Obecnie ponad 600 pracownik\u00f3w Sp\u00f3\u0142ki to absolwenci \u201eKompetentnych\u201d.\u00a0<\/p>\n<p>Szczeg\u00f3\u0142y programu edukacyjnego KGHM \u201eKompetentni w bran\u017cy\u201d dost\u0119pne s\u0105 na stronie:\u00a0<a href=\"https:\/\/kghm.com\/pl\/kariera\/dla-uczniow\/kompetentni-w-branzy\" rel=\"noopener nofollow\" target=\"_blank\">https:\/\/kghm.com\/pl\/kariera\/dla-uczniow\/kompetentni-w-branzy<\/a><\/p>\n<p>                                                                                                                                                                                                        ]]><\/p>\n","protected":false},"excerpt":{"rendered":"Ponad 2300 uczni\u00f3w z 10 szk\u00f3\u0142 Zag\u0142\u0119bia Miedziowego rozpoczyna kolejny rok nauki w klasach patronackich KGHM w ramach&hellip;\n","protected":false},"author":2,"featured_media":659699,"comment_status":"","ping_status":"","sticky":false,"template":"","format":"standard","meta":{"footnotes":"","_share_on_mastodon":"0"},"categories":[52220],"tags":[3511,3953,52221,17881,42,38,40,39,41,7891,5360],"class_list":["post-659698","post","type-post","status-publish","format-standard","has-post-thumbnail","category-kghm","tag-inwestycje","tag-kghm","tag-kghm-polska-miedz","tag-miedz-legnica","tag-pl","tag-poland","tag-polish","tag-polska","tag-polski","tag-straz-pozarna","tag-szkoly"],"share_on_mastodon":{"url":"https:\/\/pubeurope.com\/@pl\/117195194092630931","error":""},"_links":{"self":[{"href":"https:\/\/www.europesays.com\/pl\/wp-json\/wp\/v2\/posts\/659698","targetHints":{"allow":["GET"]}}],"collection":[{"href":"https:\/\/www.europesays.com\/pl\/wp-json\/wp\/v2\/posts"}],"about":[{"href":"https:\/\/www.europesays.com\/pl\/wp-json\/wp\/v2\/types\/post"}],"author":[{"embeddable":true,"href":"https:\/\/www.europesays.com\/pl\/wp-json\/wp\/v2\/users\/2"}],"replies":[{"embeddable":true,"href":"https:\/\/www.europesays.com\/pl\/wp-json\/wp\/v2\/comments?post=659698"}],"version-history":[{"count":0,"href":"https:\/\/www.europesays.com\/pl\/wp-json\/wp\/v2\/posts\/659698\/revisions"}],"wp:featuredmedia":[{"embeddable":true,"href":"https:\/\/www.europesays.com\/pl\/wp-json\/wp\/v2\/media\/659699"}],"wp:attachment":[{"href":"https:\/\/www.europesays.com\/pl\/wp-json\/wp\/v2\/media?parent=659698"}],"wp:term":[{"taxonomy":"category","embeddable":true,"href":"https:\/\/www.europesays.com\/pl\/wp-json\/wp\/v2\/categories?post=659698"},{"taxonomy":"post_tag","embeddable":true,"href":"https:\/\/www.europesays.com\/pl\/wp-json\/wp\/v2\/tags?post=659698"}],"curies":[{"name":"wp","href":"https:\/\/api.w.org\/{rel}","templated":true}]}}