{"id":659702,"date":"2026-09-01T10:00:16","date_gmt":"2026-09-01T10:00:16","guid":{"rendered":"https:\/\/www.europesays.com\/pl\/659702\/"},"modified":"2026-09-01T10:00:16","modified_gmt":"2026-09-01T10:00:16","slug":"do-lomzy-wrocily-pociagi-teraz-powstanie-tam-nowy-dworzec-aktualnosci-wiadomosci-bialystok-online-portal-miejski-bialystok-bialystok","status":"publish","type":"post","link":"https:\/\/www.europesays.com\/pl\/659702\/","title":{"rendered":"Do \u0141om\u017cy wr\u00f3ci\u0142y poci\u0105gi. Teraz powstanie tam nowy dworzec, Aktualno\u015bci, Wiadomo\u015bci Bia\u0142ystok Online Portal Miejski Bia\u0142ystok (Bialystok)"},"content":{"rendered":"\n<p>            <img decoding=\"async\" class=\"art-figimg\" src=\"https:\/\/www.europesays.com\/pl\/wp-content\/uploads\/2026\/09\/150609-e.jpg\" width=\"375\" height=\"250\" alt=\"Do \u0141om\u017cy wr\u00f3ci\u0142y poci\u0105gi. Teraz powstanie tam nowy dworzec\" loading=\"lazy\" fetchpriority=\"high\"\/><br \/>\n            Fot: Krzysztof Duszy\u0144ski\/UMWP<\/p>\n<p class=\"art-lid\">Po ponad 30 latach przerwy \u0141om\u017ca zn\u00f3w ma regularne po\u0142\u0105czenia kolejowe. Dla mieszka\u0144c\u00f3w Bia\u0142egostoku i innych cz\u0119\u015bci wojew\u00f3dztwa oznacza to mo\u017cliwo\u015b\u0107 dotarcia do miasta poci\u0105giem, a ju\u017c wkr\u00f3tce pasa\u017cerowie b\u0119d\u0105 mogli korzysta\u0107 r\u00f3wnie\u017c z nowego dworca. PKP S.A. podpisa\u0142y umow\u0119 na zaprojektowanie i budow\u0119 obiektu.<\/p>\n<p class=\"art-cont\">Nowy dworzec ma uzupe\u0142ni\u0107 zmodernizowan\u0105 stacj\u0119 kolejow\u0105 oraz Miejskie Centrum Przesiadkowo-Komunikacyjne. W tej cz\u0119\u015bci \u0141om\u017cy powstanie dzi\u0119ki temu kompleksowy w\u0119ze\u0142, kt\u00f3ry po\u0142\u0105czy transport kolejowy z komunikacj\u0105 miejsk\u0105 i samochodow\u0105.<\/p>\n<p>Nowy dworzec za blisko 10 mln z\u0142<\/p>\n<p>Inwestycja b\u0119dzie realizowana w formule \u201eprojektuj i buduj\u201d. Jej warto\u015b\u0107 to blisko 10 mln z\u0142, a zako\u0144czenie prac zaplanowano na 2028 rok.<\/p>\n<p>Budynek b\u0119dzie mia\u0142 modu\u0142ow\u0105 konstrukcj\u0119. W \u015brodku znajdzie si\u0119 poczekalnia, toalety, zaplecze techniczne oraz miejsce na automat z napojami i przek\u0105skami. Obiekt zostanie dostosowany do potrzeb os\u00f3b z ograniczon\u0105 mobilno\u015bci\u0105.<\/p>\n<p>Zmieni si\u0119 r\u00f3wnie\u017c przestrze\u0144 wok\u00f3\u0142 dworca. Zaplanowano parkingi, w tym miejsca dla os\u00f3b z niepe\u0142nosprawno\u015bciami, a tak\u017ce stanowiska Kiss&amp;Ride, przeznaczone do szybkiego wysadzenia lub odebrania pasa\u017cera. Pojawi\u0105 si\u0119 \u0142awki, wiaty, kosze na \u015bmieci oraz nowe nasadzenia zieleni.<\/p>\n<p>Kolej wr\u00f3ci\u0142a do \u0141om\u017cy po ponad 30 latach<\/p>\n<p>Budowa dworca jest kolejnym etapem odbudowy transportu kolejowego w \u0141om\u017cy. Wcze\u015bniej zmodernizowano lini\u0119 kolejow\u0105 prowadz\u0105c\u0105 do miasta oraz sam\u0105 stacj\u0119. Powsta\u0142y mi\u0119dzy innymi nowe perony i infrastruktura potrzebna do obs\u0142ugi pasa\u017cer\u00f3w.<\/p>\n<p>Regularne po\u0142\u0105czenia pasa\u017cerskie zosta\u0142y uruchomione w czerwcu 2026 roku, po ponad trzech dekadach przerwy.<\/p>\n<p>Dla mieszka\u0144c\u00f3w Bia\u0142egostoku oznacza to przywr\u00f3cenie kolejnego kierunku podr\u00f3\u017cy po regionie. Do \u0141om\u017cy mo\u017cna ponownie dotrze\u0107 poci\u0105giem, bez konieczno\u015bci korzystania z samochodu czy autobusu. Nowy dworzec ma poprawi\u0107 warunki obs\u0142ugi pasa\u017cer\u00f3w i uporz\u0105dkowa\u0107 otoczenie stacji.<\/p>\n<p>\u2013 Samorz\u0105d wojew\u00f3dztwa podlaskiego aktywnie wspiera to przedsi\u0119wzi\u0119cie, finansuj\u0105c cz\u0119\u015b\u0107 koszt\u00f3w budowy linii i zapewniaj\u0105c regionalne przewozy pasa\u017cerskie \u2013 m\u00f3wi Jacek Piorunek, cz\u0142onek Zarz\u0105du Wojew\u00f3dztwa Podlaskiego.<\/p>\n<p>Dworzec cz\u0119\u015bci\u0105 wi\u0119kszego programu<\/p>\n<p>Inwestycja w \u0141om\u017cy jest realizowana w ramach programu \u201eDworce Przyjazne Pasa\u017cerom\u201d, kt\u00f3rego celem jest modernizacja i budowa obiekt\u00f3w dworcowych w r\u00f3\u017cnych cz\u0119\u015bciach Polski. W tym przypadku nowy budynek b\u0119dzie dope\u0142nieniem wcze\u015bniejszych prac zwi\u0105zanych z odbudow\u0105 po\u0142\u0105czenia kolejowego z \u0141om\u017c\u0105.<\/p>\n<p>Nowy dworzec ma nie tylko obs\u0142ugiwa\u0107 pasa\u017cer\u00f3w kolei. Dzi\u0119ki parkingom, drogom dojazdowym i stanowiskom Kiss&amp;Ride ma u\u0142atwia\u0107 przesiadanie si\u0119 mi\u0119dzy r\u00f3\u017cnymi \u015brodkami transportu.<\/p>\n<p>Prace budowlane maj\u0105 zako\u0144czy\u0107 si\u0119 w 2028 roku.<\/p>\n<p class=\"art-autimg\">\n<p>                            <img decoding=\"async\" class=\"art-autimgi\" src=\"https:\/\/www.europesays.com\/pl\/wp-content\/uploads\/2026\/09\/1788256815_329_avatar_1x.jpg\" alt=\"Katarzyna Kozio\u0142\" width=\"64\" height=\"64\" loading=\"lazy\"\/><\/p>\n<p class=\"art-autname\">Katarzyna Kozio\u0142<\/p>\n<p>24@bialystokonline.pl<\/p>\n<p>Przeczytaj tak\u017ce<\/p>\n<p>&#13;<br \/>\n&#13;<br \/>\n&#13;<br \/>\n<img loading=\"lazy\" decoding=\"async\" src=\"https:\/\/www.europesays.com\/pl\/wp-content\/uploads\/2026\/09\/1788256816_248_adlog.gif\" width=\"0\" height=\"0\" alt=\"\" style=\"width: 0px; height: 0px;\"\/><\/p>\n<p>Popularne dzisiaj<\/p>\n","protected":false},"excerpt":{"rendered":"Fot: Krzysztof Duszy\u0144ski\/UMWP Po ponad 30 latach przerwy \u0141om\u017ca zn\u00f3w ma regularne po\u0142\u0105czenia kolejowe. Dla mieszka\u0144c\u00f3w Bia\u0142egostoku i&hellip;\n","protected":false},"author":2,"featured_media":659703,"comment_status":"","ping_status":"","sticky":false,"template":"","format":"standard","meta":{"footnotes":"","_share_on_mastodon":"0"},"categories":[51614],"tags":[2151,51731,113,51730,128388,3754,51738,6269,51735,4041,1096,1089,399,17334,51736,1205,2921,3840,8679,51734,8736,1232,120,7116,17265,19285,1200,42,12015,5083,125340,38,40,39,41,6309,1756,8815,38950,123,800,4278,1323,51737,2879,253],"class_list":["post-659702","post","type-post","status-publish","format-standard","has-post-thumbnail","category-bialystok","tag-bialystok","tag-bialystokonline","tag-biznes","tag-bstok","tag-do-lomzy-wrocily-pociagi-teraz-powstanie-tam-nowy-dworzec","tag-dom","tag-drobne","tag-dworzec","tag-firm","tag-firmy","tag-hotele","tag-imprezy","tag-informacje","tag-katalog","tag-kina","tag-kolej","tag-koncert","tag-lokale","tag-lomza","tag-miejski","tag-mieszkanie","tag-motoryzacja","tag-nauka","tag-ogloszenia","tag-on-line","tag-online","tag-pkp","tag-pl","tag-pociagi","tag-podlasie","tag-podlaskieaktualnosci","tag-poland","tag-polish","tag-polska","tag-polski","tag-portal","tag-praca","tag-repertuar","tag-rozklad","tag-rozrywka","tag-teatr","tag-turystyka","tag-uroda","tag-urzedy","tag-zakupy","tag-zdrowie"],"share_on_mastodon":{"url":"","error":"Validation failed: Text character limit of 500 exceeded"},"_links":{"self":[{"href":"https:\/\/www.europesays.com\/pl\/wp-json\/wp\/v2\/posts\/659702","targetHints":{"allow":["GET"]}}],"collection":[{"href":"https:\/\/www.europesays.com\/pl\/wp-json\/wp\/v2\/posts"}],"about":[{"href":"https:\/\/www.europesays.com\/pl\/wp-json\/wp\/v2\/types\/post"}],"author":[{"embeddable":true,"href":"https:\/\/www.europesays.com\/pl\/wp-json\/wp\/v2\/users\/2"}],"replies":[{"embeddable":true,"href":"https:\/\/www.europesays.com\/pl\/wp-json\/wp\/v2\/comments?post=659702"}],"version-history":[{"count":0,"href":"https:\/\/www.europesays.com\/pl\/wp-json\/wp\/v2\/posts\/659702\/revisions"}],"wp:featuredmedia":[{"embeddable":true,"href":"https:\/\/www.europesays.com\/pl\/wp-json\/wp\/v2\/media\/659703"}],"wp:attachment":[{"href":"https:\/\/www.europesays.com\/pl\/wp-json\/wp\/v2\/media?parent=659702"}],"wp:term":[{"taxonomy":"category","embeddable":true,"href":"https:\/\/www.europesays.com\/pl\/wp-json\/wp\/v2\/categories?post=659702"},{"taxonomy":"post_tag","embeddable":true,"href":"https:\/\/www.europesays.com\/pl\/wp-json\/wp\/v2\/tags?post=659702"}],"curies":[{"name":"wp","href":"https:\/\/api.w.org\/{rel}","templated":true}]}}