{"id":659710,"date":"2026-09-01T10:04:22","date_gmt":"2026-09-01T10:04:22","guid":{"rendered":"https:\/\/www.europesays.com\/pl\/659710\/"},"modified":"2026-09-01T10:04:22","modified_gmt":"2026-09-01T10:04:22","slug":"gdansk-festiwal-wybrzeze-sztuki-i-premiery-wkrotce-rusza-80-sezon-teatru-wybrzeze","status":"publish","type":"post","link":"https:\/\/www.europesays.com\/pl\/659710\/","title":{"rendered":"Gda\u0144sk. Festiwal Wybrze\u017ce Sztuki i premiery. Wkr\u00f3tce rusza 80. sezon Teatru Wybrze\u017ce"},"content":{"rendered":"<p>Wielkimi krokami zbli\u017ca si\u0119 13. Festiwal Wybrze\u017ce Sztuki, a z nim: premiery, spotkania, warsztaty, rave\u2026 1 wrze\u015bnia do sprzeda\u017cy trafia spektakl wyjazdowy \u201eTermopile polskie\u201d, a w \u015brod\u0119 repertuar na pa\u017adziernik. 80. sezon w Teatrze Wybrze\u017ce rozpoczniemy z rozmachem \u2013 zapowiada gda\u0144ska scena.<\/p>\n<p>            <a data-lightbox=\"article-gallery\" href=\"https:\/\/e-teatr.pl\/files\/multimedias\/175897\/termopilepolskie-karolinajozwiak.jpg\" rel=\"nofollow noopener\" target=\"_blank\">&#13;<br \/>\n        <img loading=\"lazy\" decoding=\"async\" src=\"https:\/\/www.europesays.com\/pl\/wp-content\/uploads\/2026\/09\/thumb_termopilepolskie-karolinajozwiak.jpg\" alt=\"\" title=\"\" width=\"1100\" height=\"733\"\/>      <\/a><\/p>\n<p>fot. Karolina J\u00f3\u017awiak\/ Archiwum Artystyczne Teatru Narodowego<\/p>\n<p>POKAZ WYJAZDOWY SPEKTAKLU \u201eTERMOPILE POLSKIE\u201d\u00a0\u00a0<\/p>\n<p>We wtorek, 1.09 o godz. 12:00 rusza sprzeda\u017c bilet\u00f3w na spektakl w ramach Epilogu 13. Festiwalu Wybrze\u017ce Sztuki.\u00a0\u00a0<\/p>\n<p>Przed nami teatralny wyjazd do Teatru Narodowego w Warszawie. Dla os\u00f3b, kt\u00f3re wybieraj\u0105 bilet z przejazdem, organizujemy wsp\u00f3ln\u0105 podr\u00f3\u017c autokarem z Gda\u0144ska.\u00a0<\/p>\n<p>Harmonogram wyjazdu:\u00a0<br \/>18 pa\u017adziernika 2026 (niedziela)\u00a0<\/p>\n<p>9.00 \u2013 wyjazd autokarem z Targu W\u0119glowego w Gda\u0144sku\u00a0<\/p>\n<p>16.00\u201319.05 \u2013 spektakl w Teatrze Narodowym\u00a0<\/p>\n<p>19.10\u201320.00 \u2013 rozmowa z re\u017cyserem i obsad\u0105 spektaklu\u00a0<\/p>\n<p>20.00 \u2013 wyjazd do Gda\u0144ska\u00a0<\/p>\n<p>Powr\u00f3t do Gda\u0144ska planowany jest oko\u0142o godz. 1.00 w nocy.\u00a0<\/p>\n<p>Mo\u017cna r\u00f3wnie\u017c kupi\u0107 bilet bez przejazdu \u2013 w takim przypadku dojazd do Teatru Narodowego i powr\u00f3t odbywaj\u0105 si\u0119 we w\u0142asnym zakresie.\u00a0<\/p>\n<p>CENNIK BILET\u00d3W\u00a0<\/p>\n<p>Bilet normalny + transport autokarem: 280 z\u0142\u00a0<br \/>Bilet ulgowy + transport autokarem: 235 z\u0142\u00a0<\/p>\n<p>Opcja bez transportu:\u00a0<br \/>bilet normalny: 140 z\u0142\u00a0<br \/>bilet ulgowy: 95 z\u0142\u00a0<\/p>\n<p>Wi\u0119cej informacji:\u00a0<a href=\"https:\/\/teatrwybrzeze.pl\/aktualnosci\/jedziemy-do-warszawy\" target=\"_blank\" rel=\"nofollow noopener\">https:\/\/teatrwybrzeze.pl\/aktualnosci\/jedziemy-do-warszawy\u00a0\u00a0<\/a><\/p>\n<p>            <a data-lightbox=\"article-gallery\" href=\"https:\/\/e-teatr.pl\/files\/multimedias\/182530\/Syn__matka_i_ojciec..._zdj__cie_z_pr__by__od_lewej_Izabela_Baran__Kacper_Sasin__fot_Mateusz_D__browski.jpg\" rel=\"nofollow noopener\" target=\"_blank\">&#13;<br \/>\n        <img loading=\"lazy\" decoding=\"async\" src=\"https:\/\/www.europesays.com\/pl\/wp-content\/uploads\/2026\/09\/thumb_Syn__matka_i_ojciec..._zdj__cie_z_pr__by__od_lewej_Izabela_Baran__Kacper_Sasin__fot_Mateusz_D_.jpeg\" alt=\"\" title=\"pr\u00f3ba spektaklu \u201eSyn, matka...\u201d\" width=\"1100\" height=\"733\"\/>      <\/a><\/p>\n<p>fot. Mateusz D\u0105browski\/mat. teatru<\/p>\n<p>REPERTUAR NA PA\u0179DZIERNIK\u00a0\u00a0<\/p>\n<p>W \u015brod\u0119, 2.09 o godz. 12:00 ruszy sprzeda\u017c repertuaru na pa\u017adziernik.\u00a0\u00a0<\/p>\n<p>W sezonie 2026\/2027 czeka nas pierwsza premiera na Du\u017cej Scenie i wielki powr\u00f3t Eweliny Marciniak, kt\u00f3ra w Teatrze Wybrze\u017ce wystawi \u201ePodw\u00f3jne \u017cycie Weroniki\u201d.\u00a0<\/p>\n<p>W pa\u017adziernikowym repertuarze wracaj\u0105 tak\u017ce \u201eWyzwolenie\u201d i \u201eKo\u0142o Sprawy Bo\u017cej\u201d. Z Sopotu na Scenie Malarnia zawita \u201eZ mi\u0142o\u015bci\u201d. Zagramy r\u00f3wnie\u017c dobrze przyj\u0119te przez publiczno\u015b\u0107 \u201e\u017bywot i \u015bmier\u0107 pana Hersha Libkina z Sacramento w stanie Kalifornia\u201d, \u201ePi\u0119kn\u0105 Zo\u015bk\u0119\u201d i wiele innych tytu\u0142\u00f3w.\u00a0<\/p>\n<p>Repertuar b\u0119dzie dost\u0119pny na stronie bilety.teatrwybrzeze.pl\u00a0\u00a0<\/p>\n<p>PREMIERY W RAMACH 13. FESTIWALU WYBRZE\u017bE SZTUKI\u00a0<\/p>\n<p>Tegoroczny festiwal to nie tylko spektakle go\u015bcinne. Czekaj\u0105 nas a\u017c dwie premiery \u2013 debiut oraz wielki powr\u00f3t dw\u00f3ch re\u017cyserek.\u00a0\u00a0<\/p>\n<p>\u201eSYN, MATKA I OJCIEC SIEDZ\u0104 PRZY STOLE I D\u0141UGO MILCZ\u0104\u201d\u00a0<\/p>\n<p>Ivor Martini\u0107, re\u017c. Viktoria Dulak, prapremiera 25.09, godz. 19:00 na Scenie Kameralnej w Sopocie\u00a0<\/p>\n<p>Wyobra\u017a sobie, \u017ce pa\u0144stwo pyta ci\u0119, co zrobisz, kiedy nadejdzie katastrofa. A potem wyobra\u017a sobie, \u017ce najwi\u0119ksza katastrofa wydarzy\u0142a si\u0119 znacznie wcze\u015bniej \u2013 przy rodzinnym stole.\u00a0<\/p>\n<p>W dramacie Ivora Martini\u0107a jedno pytanie zawarte w formularzu przygotowanym na wypadek kryzysu wystarcza, by uruchomi\u0107 lawin\u0119 wspomnie\u0144, pretensji i przemilcze\u0144. Bohaterowie wracaj\u0105 do tych samych gest\u00f3w, tych samych historii i rodzinnych r\u00f3l, jakby ich powtarzanie mog\u0142o zatrzyma\u0107 rozpad \u015bwiata, kt\u00f3ry budowali przez lata.\u00a0<\/p>\n<p>Spektakl Viktorii Dulak nie szuka winnych ani prostych odpowiedzi. Pyta raczej o cen\u0119 bezpiecze\u0144stwa i o to, dlaczego tak cz\u0119sto wolimy wierzy\u0107, \u017ce nie mieli\u015bmy wyboru.\u00a0\u00a0<\/p>\n<p>O spektaklu: <a href=\"https:\/\/teatrwybrzeze.pl\/spektakle\/syn-matka-i-ojciec-siedza-przy-stole-i-dlugo-milcza\" target=\"_blank\" rel=\"nofollow noopener\">https:\/\/teatrwybrzeze.pl\/spektakle\/syn-matka-i-ojciec-siedza-przy-stole-i-dlugo-milcza<\/a><\/p>\n<p>            <a data-lightbox=\"article-gallery\" href=\"https:\/\/e-teatr.pl\/files\/multimedias\/182532\/podwojnezyciewer1matdabrowski.jpg\" rel=\"nofollow noopener\" target=\"_blank\">&#13;<br \/>\n        <img loading=\"lazy\" decoding=\"async\" src=\"https:\/\/www.europesays.com\/pl\/wp-content\/uploads\/2026\/09\/thumb_podwojnezyciewer1matdabrowski.jpg\" alt=\"\" title=\"\" width=\"1100\" height=\"1375\"\/>      <\/a><\/p>\n<p>fot. Mateusz D\u0105browski\/mat. teatru<\/p>\n<p>\u201ePODW\u00d3JNE \u017bYCIE WERONIKI\u201d\u00a0\u00a0<\/p>\n<p>Re\u017c. Ewelina Marciniak, premiera 17.09, godz. 19:00 na Du\u017cej Scenie w ramach Epilogu 13. Festiwalu Wybrze\u017ce Sztuki\u00a0<\/p>\n<p>Spektakl Eweliny Marciniak opowiada histori\u0119 bohaterki, kt\u00f3rej Krzysztof Kie\u015blowski nie zd\u0105\u017cy\u0142 pokaza\u0107 \u2013 dojrza\u0142ej Weroniki. Wracaj\u0105c pami\u0119ci\u0105 do najwa\u017cniejszych \u017cyciowych wybor\u00f3w, konfrontuje si\u0119 ona z w\u0142asnymi marzeniami, rolami i wyobra\u017ceniami o kobieco\u015bci, pr\u00f3buj\u0105c odpowiedzie\u0107 na pytanie, kim mog\u0142aby si\u0119 sta\u0107, gdyby jej historia potoczy\u0142a si\u0119 dalej.\u00a0<\/p>\n<p>Punktem wyj\u015bcia spektaklu jest \u201ePodw\u00f3jne \u017cycie Weroniki\u201d Krzysztofa Kie\u015blowskiego i Krzysztofa Piesiewicza po\u0142\u0105czone z \u201ePokojem\u201d Vilhelma Tove Ditlevsen. Filmowa podw\u00f3jno\u015b\u0107 zyskuje tu nowe znaczenia \u2013 spotykaj\u0105 si\u0119 r\u00f3\u017cne etapy \u017cycia bohaterki, niewybrane drogi i alternatywne wersje tej samej biografii. Osobista historia Weroniki rozgrywa si\u0119 na tle Polski czasu transformacji. Rozbudzone nadzieje, fascynacja Zachodem i nowe modele kobieco\u015bci otwieraj\u0105 przed ni\u0105 kolejne mo\u017cliwo\u015bci, ale staj\u0105 si\u0119 tak\u017ce \u017ar\u00f3d\u0142em rozczarowa\u0144 i uwik\u0142a\u0144.\u00a0<\/p>\n<p>To opowie\u015b\u0107 o pami\u0119ci, to\u017csamo\u015bci i wolno\u015bci. O kobiecie, kt\u00f3ra pr\u00f3buje odnale\u017a\u0107 siebie po\u015br\u00f3d \u017cyciowych wybor\u00f3w i odpowiedzie\u0107 na pytanie, czy mo\u017cna sta\u0107 si\u0119 sob\u0105, nie przestaj\u0105c by\u0107 kim\u015b dla innych.\u00a0<\/p>\n<p>O spektaklu: <a href=\"https:\/\/teatrwybrzeze.pl\/spektakle\/podwojne-zycie-weroniki\" target=\"_blank\" rel=\"nofollow noopener\">https:\/\/teatrwybrzeze.pl\/spektakle\/podwojne-zycie-weroniki\u00a0\u00a0<\/a><\/p>\n<p>            <a data-lightbox=\"article-gallery\" href=\"https:\/\/e-teatr.pl\/files\/multimedias\/182533\/Przep__ywy_wybrze__a_sztuki_grafika.jpg\" rel=\"nofollow noopener\" target=\"_blank\">&#13;<br \/>\n        <img loading=\"lazy\" decoding=\"async\" src=\"https:\/\/www.europesays.com\/pl\/wp-content\/uploads\/2026\/09\/thumb_Przep__ywy_wybrze__a_sztuki_grafika.jpg\" alt=\"\" title=\"\" width=\"1100\" height=\"733\"\/>      <\/a><\/p>\n<p>fot. mat. teatru<\/p>\n<p>13. FESTIWAL WYBRZE\u017bE SZTUKI JU\u017b ZA 14 DNI\u00a0<\/p>\n<p>Wielkimi krokami zbli\u017ca si\u0119 13. edycja Festiwalu Wybrze\u017ca Sztuki! Od 16 wrze\u015bnia do 1 pa\u017adziernika b\u0119dziemy spotyka\u0107 si\u0119 na widowniach, w rozmowach i podczas warsztat\u00f3w.\u00a0\u00a0<\/p>\n<p>Przyjad\u0105 do nas jedne z najciekawszych spektakli z ca\u0142ej Polski, a teatralne fotele zamienimy te\u017c na parkiet podczas BUNTU MAS &#8211; choreograficznego rave\u2019u. Nie mo\u017cemy si\u0119 doczeka\u0107, a\u017c festiwal naprawd\u0119 si\u0119 zacznie i zn\u00f3w spotkamy si\u0119 z Wami.\u00a0<\/p>\n<p>PRZEP\u0141YWY WYBRZE\u017bA SZTUKI\u00a0<\/p>\n<p>Przep\u0142ywy Wybrze\u017ca Sztuki to cykl wydarze\u0144 inspirowanych wybrze\u017cem, czyli miejscem pomi\u0119dzy morzem i l\u0105dem. Co kryje si\u0119 w tej przestrzeni?\u00a0<\/p>\n<p>Zapraszamy na warsztaty, kt\u00f3re poszerzaj\u0105 rozumienie spektakli. To znakomita okazja, by do\u015bwiadczy\u0107 teatru aktywnie.\u00a0<\/p>\n<p>15.09 Ruchome punkty widzenia.\u00a0\u00a0<br \/>Warsztat towarzysz\u0105cy spektaklowi \u201eThe Employees\u201d\u00a0<\/p>\n<p>21.09 W poszukiwaniu wsp\u00f3lnoty.\u00a0\u00a0<br \/>Warsztat towarzysz\u0105cy spektaklowi \u201eKobieta samotna\u201d\u00a0<\/p>\n<p>29.09 Wielkie narracje w jednej przestrzeni.\u00a0\u00a0<br \/>Warsztat scenograficzny towarzysz\u0105cy spektaklowi \u201eUlisses\u201d\u00a0<\/p>\n<p>26.09 Bunt mas. Choreograficzny rave (wst\u0119p wolny, obowi\u0105zuj\u0105 zapisy)\u00a0<\/p>\n<p>Ponadto, spotkania z tw\u00f3rcami, Dyskusyjny Klub Teatralny oraz rozmowa Po \u015bladach ran.\u00a0\u00a0<\/p>\n<p>P\u0142yniecie z nami?\u00a0<\/p>\n<p>SPOTKANIA Z TW\u00d3RCAMI I ROZMOWY PO SPEKTAKLACH\u00a0<\/p>\n<p>Przep\u0142ywy to tak\u017ce miejsce spotka\u0144, dlatego wa\u017cnym punktem festiwalu s\u0105 rozmowy z tw\u00f3rcami i tw\u00f3rczyniami. Odbywaj\u0105 si\u0119 zwykle po lub przed spektaklem. Wst\u0119p na rozmowy jest bezp\u0142atny.\u00a0\u00a0<\/p>\n<p>16.09, godz. 20:55 Rozmowa z tw\u00f3rcami po spektaklu \u201eThe Employees\u201d\u00a0<\/p>\n<p>19.09, godz. 16:00 Po \u015bladach ran. O traumie pokoleniowej. Dyskusja (streaming)\u00a0<\/p>\n<p>21.09, godz. 20:45 Rozmowa z tw\u00f3rcami po spektaklu \u201eKobieta samotna\u201d\u00a0<\/p>\n<p>23.09, godz. 22:05 Rozmowa z tw\u00f3rcami po spektaklu \u201eVery Ibsen\u201d\u00a0<\/p>\n<p>26.09, godz. 21:30 (godzina mo\u017ce ulec zmianie) 94. Dyskusyjny Klub Teatralny: \u201eSyn, matka i ojciec siedz\u0105 przy stole i d\u0142ugo milcz\u0105\u201d w re\u017c. Viktorii Dulak\u00a0<\/p>\n<p>27.09, godz. 20:25 Rozmowa z tw\u00f3rcami po spektaklu \u201eTkocze\u201d\u00a0<\/p>\n<p>28.09, godz. 22:45 Rozmowa z tw\u00f3rcami po spektaklu \u201ePu\u0142apka\u201d\u00a0<\/p>\n<p>30.09, godz. 21:30 Rozmowa z tw\u00f3rcami po spektaklu \u201eUlisses\u201d\u00a0<\/p>\n<p>Wi\u0119cej informacji o Przep\u0142ywach Wybrze\u017ca Sztuki: <a href=\"https:\/\/teatrwybrzeze.pl\/wybrzeze-sztuki\/2026\/aktualnosci\/przepywy-13-wybrzea-sztuki\" target=\"_blank\" rel=\"nofollow noopener\">https:\/\/teatrwybrzeze.pl\/wybrzeze-sztuki\/2026\/aktualnosci\/przepywy-13-wybrzea-sztuki\u00a0\u00a0<\/a><\/p>\n","protected":false},"excerpt":{"rendered":"Wielkimi krokami zbli\u017ca si\u0119 13. Festiwal Wybrze\u017ce Sztuki, a z nim: premiery, spotkania, warsztaty, rave\u2026 1 wrze\u015bnia do&hellip;\n","protected":false},"author":2,"featured_media":659711,"comment_status":"","ping_status":"","sticky":false,"template":"","format":"standard","meta":{"footnotes":"","_share_on_mastodon":"0"},"categories":[51610],"tags":[2434,8588,6588,17490,1048,16331,51630,42,38,40,39,41,649,650,11541,51629,8815,51631,8767,51628,800,8816],"class_list":["post-659710","post","type-post","status-publish","format-standard","has-post-thumbnail","category-gdansk","tag-aktor","tag-aktorzy","tag-festiwal","tag-festiwale","tag-gdansk","tag-kariera","tag-kariery","tag-pl","tag-poland","tag-polish","tag-polska","tag-polski","tag-premiera","tag-premiery","tag-realizacja","tag-realizacje","tag-repertuar","tag-ruch-teatralny","tag-sztuka","tag-sztuki","tag-teatr","tag-teatry"],"share_on_mastodon":{"url":"https:\/\/pubeurope.com\/@pl\/117195223835874922","error":""},"_links":{"self":[{"href":"https:\/\/www.europesays.com\/pl\/wp-json\/wp\/v2\/posts\/659710","targetHints":{"allow":["GET"]}}],"collection":[{"href":"https:\/\/www.europesays.com\/pl\/wp-json\/wp\/v2\/posts"}],"about":[{"href":"https:\/\/www.europesays.com\/pl\/wp-json\/wp\/v2\/types\/post"}],"author":[{"embeddable":true,"href":"https:\/\/www.europesays.com\/pl\/wp-json\/wp\/v2\/users\/2"}],"replies":[{"embeddable":true,"href":"https:\/\/www.europesays.com\/pl\/wp-json\/wp\/v2\/comments?post=659710"}],"version-history":[{"count":0,"href":"https:\/\/www.europesays.com\/pl\/wp-json\/wp\/v2\/posts\/659710\/revisions"}],"wp:featuredmedia":[{"embeddable":true,"href":"https:\/\/www.europesays.com\/pl\/wp-json\/wp\/v2\/media\/659711"}],"wp:attachment":[{"href":"https:\/\/www.europesays.com\/pl\/wp-json\/wp\/v2\/media?parent=659710"}],"wp:term":[{"taxonomy":"category","embeddable":true,"href":"https:\/\/www.europesays.com\/pl\/wp-json\/wp\/v2\/categories?post=659710"},{"taxonomy":"post_tag","embeddable":true,"href":"https:\/\/www.europesays.com\/pl\/wp-json\/wp\/v2\/tags?post=659710"}],"curies":[{"name":"wp","href":"https:\/\/api.w.org\/{rel}","templated":true}]}}