{"id":659732,"date":"2026-09-01T10:15:25","date_gmt":"2026-09-01T10:15:25","guid":{"rendered":"https:\/\/www.europesays.com\/pl\/659732\/"},"modified":"2026-09-01T10:15:25","modified_gmt":"2026-09-01T10:15:25","slug":"male-czerwone-kropki-zaskoczyly-astronomow-webb-pokazal-niezwykle-pary","status":"publish","type":"post","link":"https:\/\/www.europesays.com\/pl\/659732\/","title":{"rendered":"&#8222;Ma\u0142e czerwone kropki&#8221; zaskoczy\u0142y astronom\u00f3w. Webb pokaza\u0142 niezwyk\u0142e pary"},"content":{"rendered":"<p><a href=\"https:\/\/www.google.com\/preferences\/source?q=o2.pl\" target=\"_blank\" rel=\"nofollow noopener\" class=\"preferred-source-banner\" id=\"preferred-source-banner\" data-vab-box=\"preferred_source_banner\"><\/p>\n<p class=\"preferred-source-banner-title\">Dodaj o2 &#8211; Blisko Ludzi jako preferowane \u017ar\u00f3d\u0142o w Google<\/p>\n<p class=\"preferred-source-banner-subtitle\">Nasze tre\u015bci b\u0119d\u0105 cz\u0119\u015bciej wy\u015bwietla\u0107 si\u0119 w Twoich wynikach Google<\/p>\n<p><\/a><\/p>\n<p>Najwa\u017cniejsze informacje<\/p>\n<ul>\n<li>Badacze wskazali cztery uk\u0142ady z\u00a0epoki sprzed 12,5-12,8 mld lat.<\/li>\n<li>Nowa metoda analizy obrazu sprawdza\u0142a dane z\u00a0JWST piksel po pikselu.<\/li>\n<li>Wyniki \u0142\u0105cz\u0105 szybki wzrost czarnych dziur z\u00a0\u0142\u0105czeniem si\u0119 galaktyk.<\/li>\n<\/ul>\n<p>Odleg\u0142o\u015b\u0107 mi\u0119dzy sk\u0142adnikami znalezionych par wynosi od kilku tys. do kilkudziesi\u0119ciu tys. lat \u015bwietlnych. To dlatego naukowcy uznali, \u017ce nie patrz\u0105 na pojedyncze punkty \u015bwiat\u0142a, ale na obiekty poruszaj\u0105ce si\u0119 po trajektorii prowadz\u0105cej do zbli\u017cenia i\u00a0mo\u017cliwego zderzenia w\u00a0bardzo m\u0142odym Wszech\u015bwiecie.<\/p>\n<p>Jak podaje PAP, analiza dotyczy tzw. ma\u0142ych czerwonych kropek widocznych na obrazach z\u00a0Kosmicznego Teleskopu Jamesa Webba. Te obiekty od dawna budz\u0105 spory w\u015br\u00f3d badaczy, bo mog\u0105 oznacza\u0107 aktywne j\u0105dra galaktyk, szybko rosn\u0105ce supermasywne czarne dziury albo inne niezwykle jasne \u017ar\u00f3d\u0142a z\u00a0wczesnej epoki kosmosu.<\/p>\n<p> <img role=\"presentation\" class=\"absolute left-1\/2 top-1\/2 max-h-[80%] max-w-[100px] -translate-x-1\/2 -translate-y-1\/2\" src=\"https:\/\/v.wpimg.pl\/ZXJfd3AudTkrBBIAbg54LGhcRlAxHQUrPgJGH2MAeGJoSQ1eIBI_K2UHAEVuBTY5KQMMXC0RPyoVERQdMgM9ejc\" loading=\"lazy\" decoding=\"async\"\/> Czekamy na\u00a0tysi\u0105ce nowych egzoplanet. Teleskop Roman polecia\u0142 w\u00a0kosmos <\/p>\n<p>Jak wykryto tzw. ma\u0142e czerwone kropki?<\/p>\n<p>Zesp\u00f3\u0142 z\u00a0Kavli IPMU na Uniwersytecie Tokijskim w\u00a0Japonii i\u00a0wsp\u00f3\u0142pracuj\u0105cych uczelni nie ograniczy\u0142 si\u0119 do por\u00f3wnywania jasno\u015bci oraz barwy. Naukowcy zastosowali selekcj\u0119 piksel po pikselu, dzi\u0119ki kt\u00f3rej szukali przypadk\u00f3w wygl\u0105daj\u0105cych jak jeden obiekt, cho\u0107 w\u00a0rzeczywisto\u015bci tworz\u0105 je dwa bardzo bliskie \u017ar\u00f3d\u0142a.<\/p>\n<p>W\u00a0ten spos\u00f3b uda\u0142o si\u0119 wy\u0142oni\u0107 cztery podw\u00f3jne uk\u0142ady z\u00a0okresu sprzed 12,5-12,8 mld lat. Sk\u0142adniki tych par s\u0105 od siebie znacznie bli\u017cej ni\u017c wynosi rozmiar Drogi Mlecznej oceniany na ok. 100\u00a0tys. lat \u015bwietlnych, co wzmacnia podejrzenie, \u017ce badacze obserwuj\u0105 etap poprzedzaj\u0105cy \u0142\u0105czenie bardzo masywnych obiekt\u00f3w.<\/p>\n<p> <img role=\"presentation\" class=\"absolute left-1\/2 top-1\/2 max-h-[80%] max-w-[100px] -translate-x-1\/2 -translate-y-1\/2\" src=\"https:\/\/v.wpimg.pl\/ZXJfd3AudTkrBBIAbg54LGhcRlAxHQUrPgJGH2MAeGJoSQ1eIBI_K2UHAEVuBTY5KQMMXC0RPyoVERQdMgM9ejc\" loading=\"lazy\" decoding=\"async\"\/> <a href=\"https:\/\/www.o2.pl\/informacje\/miala-poleciec-na-ksiezyc-chiny-przesuwaja-start-misji-7321836676630720a\" class=\"teaser-inline\" rel=\"nofollow noopener\" target=\"_blank\">  <img decoding=\"async\" src=\"https:\/\/www.europesays.com\/pl\/wp-content\/uploads\/2026\/09\/YmFiNGU5dgwnCzh0ek57GWRTbC48F3VPM0t0ZXoEa1V2EWEhPFk8HyMZIWkyRywdJx4-aSVZdgw2AGExZBo9BDUZIiYsGjwAJAwq.jpeg\" loading=\"lazy\" class=\"wp-media-image cropped\" alt=\"Mia\u0142a polecie\u0107 na Ksi\u0119\u017cyc. Chiny przesuwaj\u0105 start misji\"\/><\/p>\n<p>Mia\u0142a polecie\u0107 na Ksi\u0119\u017cyc. Chiny przesuwaj\u0105 start misji<\/p>\n<p><\/a><\/p>\n<p>Co oznacza odkrycie dla czarnych dziur?<\/p>\n<p>Aby sprawdzi\u0107, czy nie jest to tylko przypadkowe ustawienie obiekt\u00f3w na niebie, naukowcy policzyli prawdopodobie\u0144stwo takiej zbie\u017cno\u015bci na podstawie liczby i\u00a0rozmieszczenia ma\u0142ych czerwonych kropek w\u00a0przegl\u0105dzie COSMOS-Web. Wynik pokaza\u0142, \u017ce scenariusz czysto przypadkowy dla wszystkich czterech par jest ma\u0142o prawdopodobny.<\/p>\n<p> <a href=\"https:\/\/www.o2.pl\/informacje\/to-moze-byc-najwiekszy-egzoksiezyc-krazy-73-lata-swietlne-od-ziemi-7310467801012576a\" class=\"teaser-inline\" rel=\"nofollow noopener\" target=\"_blank\">  <img decoding=\"async\" src=\"https:\/\/www.europesays.com\/pl\/wp-content\/uploads\/2026\/09\/ZjNlMWRjdQsvDjtkfRF4HmxWbz47SHZIO053dX1baFJ-FGIxOwY_GCscInk1GC8aLxs9eSIGdQs-BWIhY0U-Az0cITYrRT8HLAkp.jpeg\" loading=\"lazy\" class=\"wp-media-image cropped\" alt=\"To mo\u017ce by\u0107 najwi\u0119kszy egzoksi\u0119\u017cyc. Kr\u0105\u017cy 73 lata \u015bwietlne od Ziemi\"\/><\/p>\n<p>To mo\u017ce by\u0107 najwi\u0119kszy egzoksi\u0119\u017cyc. Kr\u0105\u017cy 73 lata \u015bwietlne od Ziemi<\/p>\n<p><\/a> <img role=\"presentation\" class=\"absolute left-1\/2 top-1\/2 max-h-[80%] max-w-[100px] -translate-x-1\/2 -translate-y-1\/2\" src=\"https:\/\/v.wpimg.pl\/ZXJfd3AudTkrBBIAbg54LGhcRlAxHQUrPgJGH2MAeGJoSQ1eIBI_K2UHAEVuBTY5KQMMXC0RPyoVERQdMgM9ejc\" loading=\"lazy\" decoding=\"async\"\/> <\/p>\n<p>Badanie sugeruje wi\u0119c zwi\u0105zek mi\u0119dzy \u0142\u0105czeniem galaktyk a\u00a0gwa\u0142townym wzrostem czarnych dziur we wczesnym Wszech\u015bwiecie. Je\u015bli ka\u017cda ma\u0142a czerwona kropka rzeczywi\u015bcie skrywa rosn\u0105c\u0105 czarn\u0105 dziur\u0119, takie uk\u0142ady powinny w\u00a0ko\u0144cu si\u0119 po\u0142\u0105czy\u0107, a\u00a0\u015blad po tym mog\u0142yby kiedy\u015b wykry\u0107 przysz\u0142e obserwatoria fal grawitacyjnych. Wyniki opublikowano w\u00a0&#8222;Publications of the Astronomical Society of Japan&#8221;, a\u00a0pierwszym autorem pracy jest Takumi Tanaka z\u00a0Uniwersytetu Tokijskiego.<\/p>\n","protected":false},"excerpt":{"rendered":"Dodaj o2 &#8211; Blisko Ludzi jako preferowane \u017ar\u00f3d\u0142o w Google Nasze tre\u015bci b\u0119d\u0105 cz\u0119\u015bciej wy\u015bwietla\u0107 si\u0119 w Twoich&hellip;\n","protected":false},"author":2,"featured_media":659733,"comment_status":"","ping_status":"","sticky":false,"template":"","format":"standard","meta":{"footnotes":"","_share_on_mastodon":"0"},"categories":[20],"tags":[120,118,119,42,38,40,39,41,116,114,115,121,117],"class_list":["post-659732","post","type-post","status-publish","format-standard","has-post-thumbnail","category-nauka-i-technika","tag-nauka","tag-nauka-i-technika","tag-naukatechnika","tag-pl","tag-poland","tag-polish","tag-polska","tag-polski","tag-science","tag-science-and-technology","tag-sciencetechnology","tag-technika","tag-technology"],"share_on_mastodon":{"url":"https:\/\/pubeurope.com\/@pl\/117195265310208183","error":""},"_links":{"self":[{"href":"https:\/\/www.europesays.com\/pl\/wp-json\/wp\/v2\/posts\/659732","targetHints":{"allow":["GET"]}}],"collection":[{"href":"https:\/\/www.europesays.com\/pl\/wp-json\/wp\/v2\/posts"}],"about":[{"href":"https:\/\/www.europesays.com\/pl\/wp-json\/wp\/v2\/types\/post"}],"author":[{"embeddable":true,"href":"https:\/\/www.europesays.com\/pl\/wp-json\/wp\/v2\/users\/2"}],"replies":[{"embeddable":true,"href":"https:\/\/www.europesays.com\/pl\/wp-json\/wp\/v2\/comments?post=659732"}],"version-history":[{"count":0,"href":"https:\/\/www.europesays.com\/pl\/wp-json\/wp\/v2\/posts\/659732\/revisions"}],"wp:featuredmedia":[{"embeddable":true,"href":"https:\/\/www.europesays.com\/pl\/wp-json\/wp\/v2\/media\/659733"}],"wp:attachment":[{"href":"https:\/\/www.europesays.com\/pl\/wp-json\/wp\/v2\/media?parent=659732"}],"wp:term":[{"taxonomy":"category","embeddable":true,"href":"https:\/\/www.europesays.com\/pl\/wp-json\/wp\/v2\/categories?post=659732"},{"taxonomy":"post_tag","embeddable":true,"href":"https:\/\/www.europesays.com\/pl\/wp-json\/wp\/v2\/tags?post=659732"}],"curies":[{"name":"wp","href":"https:\/\/api.w.org\/{rel}","templated":true}]}}