{"id":659734,"date":"2026-09-01T10:16:09","date_gmt":"2026-09-01T10:16:09","guid":{"rendered":"https:\/\/www.europesays.com\/pl\/659734\/"},"modified":"2026-09-01T10:16:09","modified_gmt":"2026-09-01T10:16:09","slug":"uokik-wszczal-postepowanie-wobec-danone-mondelez-nestle-i-unilever-ws-downsizingu","status":"publish","type":"post","link":"https:\/\/www.europesays.com\/pl\/659734\/","title":{"rendered":"UOKiK wszcz\u0105\u0142 post\u0119powanie wobec Danone, Mondelez, Nestle i Unilever ws. downsizingu"},"content":{"rendered":"\n<p>&#13;<br \/>\n&#8222;Zmniejszenie ilo\u015bci czy\u00a0gramatury produktu musi by\u0107 uczciwie komunikowane. Je\u017celi wygl\u0105d opakowania nie\u00a0sugeruje zmian, konsumenci mog\u0105 nie\u00a0zauwa\u017cy\u0107 r\u00f3\u017cnicy. Zmniejszenie gramatury bez zmiany ceny oznacza w\u00a0rzeczywisto\u015bci, \u017ce\u00a0za\u00a0produkt p\u0142acimy wi\u0119cej. To\u00a0utrudnia konsumentom por\u00f3wnywanie cen oraz\u00a0os\u0142abia ich zaufanie do\u00a0przedsi\u0119biorc\u00f3w&#8221; \u2013\u00a0powiedzia\u0142 prezes UOKiK Tomasz Chr\u00f3stny, cytowany w\u00a0komunikacie. &#13;\n<\/p>\n<p>Downsizing. TSUE wyda\u0142o orzeczenie<\/p>\n<p>&#13;<br \/>\n&#8222;Downsizing nie\u00a0jest nowym zjawiskiem. Nowe jest natomiast orzeczenie TSUE, kt\u00f3re jednoznacznie potwierdzi\u0142o mo\u017cliwo\u015b\u0107 oceny takich praktyk r\u00f3wnie\u017c z\u00a0perspektywy ochrony konsument\u00f3w. Przedsi\u0119biorcy powinni informowa\u0107 o\u00a0zmianach gramatury produkt\u00f3w w\u00a0spos\u00f3b jasny i\u00a0czytelny. Sprawdzamy, czy\u00a0komunikuj\u0105 takie zmiany rzetelnie, tak by\u00a0konsumenci wiedzieli nie\u00a0tylko, ile p\u0142ac\u0105, ale\u00a0r\u00f3wnie\u017c ile produktu otrzymuj\u0105 po\u00a0zmianie. To\u00a0niezb\u0119dne, by\u00a0mogli podejmowa\u0107 \u015bwiadome decyzje zakupowe&#8221; \u2013\u00a0doda\u0142. &#13;\n<\/p>\n<p>&#13;<br \/>\nIstotne znaczenie dla\u00a0dzia\u0142a\u0144 Urz\u0119du ma\u00a0kwietniowe orzeczenie Trybuna\u0142u Sprawiedliwo\u015bci Unii Europejskiej w\u00a0sprawie C-301\/25. TSUE potwierdzi\u0142, \u017ce\u00a0nawet je\u015bli produkt spe\u0142nia wymagania prawa \u017cywno\u015bciowego, czyli po\u00a0zmniejszeniu gramatury ma\u00a0prawid\u0142owe oznaczenie masy lub\u00a0obj\u0119to\u015bci, nie\u00a0wyklucza to\u00a0oceny tej praktyki pod\u00a0k\u0105tem wprowadzania konsument\u00f3w w\u00a0b\u0142\u0105d na\u00a0gruncie przepis\u00f3w o\u00a0nieuczciwych praktykach rynkowych, przekazano. &#13;\n<\/p>\n<p>&#13;<br \/>\nPrezes UOKiK sprawdzi m.in. czy\u00a0w\u00a0przypadku zmniejszenia gramatury produkt\u00f3w jest to\u00a0wyra\u017anie komunikowane konsumentom oraz\u00a0czy\u00a0wygl\u0105d, rozmiar lub\u00a0szata graficzna opakowa\u0144 nie\u00a0sprawiaj\u0105 mylnego wra\u017cenia, \u017ce\u00a0produkt nie\u00a0uleg\u0142 zmniejszeniu. Je\u017celi jego spos\u00f3b prezentacji lub\u00a0przekazywania informacji o\u00a0zmianach wprowadza konsument\u00f3w w\u00a0b\u0142\u0105d, prezes UOKiK mo\u017ce postawi\u0107 zarzuty. &#13;\n<\/p>\n<p>&#13;<br \/>\n   Czytaj te\u017c:<br \/><a href=\"https:\/\/dorzeczy.pl\/kraj\/927916\/klopoty-kanalu-zero-do-uokik-trafilo-zawiadomienie-od-kapeli.html\" rel=\"follow nofollow noopener\" data-schema=\"DORZECZY\" data-image=\"https:\/\/img.dorzeczy.pl\/_thumb\/6f\/d9\/8a5861b97518be24a7698e261295.jpeg\" target=\"_blank\">K\u0142opoty Kana\u0142u Zero. Do\u00a0UOKiK trafi\u0142o zawiadomienie<\/a>   Czytaj te\u017c:<br \/><a href=\"https:\/\/dorzeczy.pl\/ekonomia\/920599\/uokik-wszczal-postepowanie-ws-columbus-energy-firma-zajmuje-sie-fotowoltaika.html\" rel=\"follow nofollow noopener\" data-schema=\"DORZECZY\" data-image=\"https:\/\/img.dorzeczy.pl\/_thumb\/85\/cf\/ec2487c98f5b8667bc029ef73c76.jpeg\" target=\"_blank\">UOKiK wszczyna post\u0119powanie. Chodzi o\u00a0fotowoltaik\u0119<\/a> &#13;<\/p>\n","protected":false},"excerpt":{"rendered":"&#13; &#8222;Zmniejszenie ilo\u015bci czy\u00a0gramatury produktu musi by\u0107 uczciwie komunikowane. Je\u017celi wygl\u0105d opakowania nie\u00a0sugeruje zmian, konsumenci mog\u0105 nie\u00a0zauwa\u017cy\u0107 r\u00f3\u017cnicy.&hellip;\n","protected":false},"author":2,"featured_media":659735,"comment_status":"","ping_status":"","sticky":false,"template":"","format":"standard","meta":{"footnotes":"","_share_on_mastodon":"0"},"categories":[16],"tags":[113,112,128392,98,105,49,14000,42,38,40,39,41,5158],"class_list":["post-659734","post","type-post","status-publish","format-standard","has-post-thumbnail","category-biznes","tag-biznes","tag-business","tag-danone","tag-dorzeczy","tag-ekonomia","tag-kraj","tag-nestle","tag-pl","tag-poland","tag-polish","tag-polska","tag-polski","tag-uokik"],"share_on_mastodon":{"url":"https:\/\/pubeurope.com\/@pl\/117195269034906432","error":""},"_links":{"self":[{"href":"https:\/\/www.europesays.com\/pl\/wp-json\/wp\/v2\/posts\/659734","targetHints":{"allow":["GET"]}}],"collection":[{"href":"https:\/\/www.europesays.com\/pl\/wp-json\/wp\/v2\/posts"}],"about":[{"href":"https:\/\/www.europesays.com\/pl\/wp-json\/wp\/v2\/types\/post"}],"author":[{"embeddable":true,"href":"https:\/\/www.europesays.com\/pl\/wp-json\/wp\/v2\/users\/2"}],"replies":[{"embeddable":true,"href":"https:\/\/www.europesays.com\/pl\/wp-json\/wp\/v2\/comments?post=659734"}],"version-history":[{"count":0,"href":"https:\/\/www.europesays.com\/pl\/wp-json\/wp\/v2\/posts\/659734\/revisions"}],"wp:featuredmedia":[{"embeddable":true,"href":"https:\/\/www.europesays.com\/pl\/wp-json\/wp\/v2\/media\/659735"}],"wp:attachment":[{"href":"https:\/\/www.europesays.com\/pl\/wp-json\/wp\/v2\/media?parent=659734"}],"wp:term":[{"taxonomy":"category","embeddable":true,"href":"https:\/\/www.europesays.com\/pl\/wp-json\/wp\/v2\/categories?post=659734"},{"taxonomy":"post_tag","embeddable":true,"href":"https:\/\/www.europesays.com\/pl\/wp-json\/wp\/v2\/tags?post=659734"}],"curies":[{"name":"wp","href":"https:\/\/api.w.org\/{rel}","templated":true}]}}