{"id":659736,"date":"2026-09-01T10:17:16","date_gmt":"2026-09-01T10:17:16","guid":{"rendered":"https:\/\/www.europesays.com\/pl\/659736\/"},"modified":"2026-09-01T10:17:16","modified_gmt":"2026-09-01T10:17:16","slug":"anton-siluanow-na-g20-oburzenie-po-zaproszeniu-ministra-finansow-rosji","status":"publish","type":"post","link":"https:\/\/www.europesays.com\/pl\/659736\/","title":{"rendered":"Anton Siluanow na G20. Oburzenie po zaproszeniu ministra finans\u00f3w Rosji"},"content":{"rendered":"<ul data-component-0=\"list-unorder\" class=\"typography ids-typeset-body ids-typeset-body--preset-large list ids-list ids-list--unordered ids-list--size-large \" datatype=\"disc\">\n<li class=\"ids-list-item\">\n<p>Minister finans\u00f3w Rosji Anton Siluanow pojawi\u0142 si\u0119 na spotkaniu G20 po raz pierwszy od pocz\u0105tku pe\u0142noskalowej rosyjskiej ofensywy na Ukrain\u0119.<\/p>\n<\/li>\n<li class=\"ids-list-item\">\n<p>Ameryka\u0144ska administracja, odpowiedzialna za zaproszenie Siluanowa, t\u0142umaczy\u0142a t\u0119 decyzj\u0119 cz\u0142onkostwem Rosji w G20 i potrzeb\u0105 dialogu, mimo protest\u00f3w ze strony europejskich uczestnik\u00f3w.<\/p>\n<\/li>\n<li class=\"ids-list-item\">\n<p>Przedstawiciele Europy wyrazili sprzeciw wobec obecno\u015bci Siluanowa, odmawiaj\u0105c wsp\u00f3lnego zdj\u0119cia i gro\u017c\u0105c bojkotem wydarzenia.<\/p>\n<\/li>\n<li class=\"ids-list-item\">Wi\u0119cej wa\u017cnych informacji znajdziesz na <a class=\"ids-undecorated-link link ids-link link\" href=\"https:\/\/www.interia.pl\/#utm_source=wydarzenia&amp;utm_medium=bullet&amp;utm_campaign=powrot_z_wew&amp;iwa_source=bullet\" target=\"_blank\" rel=\"noopener nofollow\">stronie g\u0142\u00f3wnej Interii, otwiera si\u0119 w nowym oknie<\/a><\/li>\n<\/ul>\n<p class=\"typography ids-typeset-body ids-typeset-body--preset-large link paragraph ids-paragraph ids-paragraph--default\">Minister finans\u00f3w <a href=\"https:\/\/wydarzenia.interia.pl\/tematy-rosja,gsbi,3125\" rel=\"nofollow noopener\" target=\"_blank\">Rosji<\/a> Anton Siluanow\u00a0pojawi\u0142 si\u0119 niespodziewanie na poniedzia\u0142kowym spotkaniu dotycz\u0105cym kwestii gospodarczych G20\u00a0w Asheville. To pierwszy raz od czasu pe\u0142noskalowej rosyjskiej inwazji na <a href=\"https:\/\/wydarzenia.interia.pl\/tematy-ukraina,gsbi,3144\" rel=\"nofollow noopener\" target=\"_blank\">Ukrain\u0119<\/a>.<\/p>\n<p class=\"typography ids-typeset-body ids-typeset-body--preset-large link paragraph ids-paragraph ids-paragraph--default\">Zaproszenie ze strony ameryka\u0144skiej administracji nie zosta\u0142o wcze\u015bniej ujawnione &#8211; informuje &#8222;<a href=\"https:\/\/wydarzenia.interia.pl\/tematy-the-new-york-times,gsbi,55944\" rel=\"nofollow noopener\" target=\"_blank\">The New York Times<\/a>&#8222;. Dziennik zaznacza, \u017ce w niedziel\u0119 przedstawiciele <a href=\"https:\/\/wydarzenia.interia.pl\/tematy-bialy-dom,gsbi,5298\" rel=\"nofollow noopener\" target=\"_blank\">Bia\u0142ego Domu<\/a> nie chcieli wypowiada\u0107 si\u0119 na ten temat.<\/p>\n<p>Siluanow na spotkaniu G20. Trump t\u0142umaczy decyzj\u0119 o zaproszeniu Rosji<\/p>\n<p class=\"typography ids-typeset-body ids-typeset-body--preset-large link paragraph ids-paragraph ids-paragraph--default\">&#8211; Zobaczymy, co si\u0119 wydarzy, ale\u00a0lubimy dogadywa\u0107 si\u0119 ze wszystkimi\u00a0&#8211; m\u00f3wi\u0142 w poniedzia\u0142ek <a href=\"https:\/\/wydarzenia.interia.pl\/tematy-donald-trump,gsbi,16\" rel=\"nofollow noopener\" target=\"_blank\">Donald Trump<\/a>, pytany przez dziennikarzy o zaproszenie Rosjanina.<\/p>\n<p class=\"typography ids-typeset-body ids-typeset-body--preset-large link paragraph ids-paragraph ids-paragraph--default\">&#8211; Jednym z powod\u00f3w, dla kt\u00f3rych\u00a0odnosz\u0119 taki sukces, jest to, \u017ce dogaduj\u0119 si\u0119 ze wszystkimi &#8211; doda\u0142.<\/p>\n<p class=\"typography ids-typeset-body ids-typeset-body--preset-large link paragraph ids-paragraph ids-paragraph--default\">Podsekretarz skarbu USA Erin Browne\u00a0podkre\u015bla\u0142, \u017ce zaproszenie by\u0142o naturalnym krokiem, poniewa\u017c Rosja jest cz\u0142onkiem G20. &#8211; Wa\u017cne jest, aby prowadzi\u0107 dialog nawet w czasach konfliktu. Mieli\u015bmy konstruktywny dialog przy stole podczas sesji plenarnej &#8211; wyja\u015bni\u0142a w rozmowie z &#8222;The Washington Post&#8221;.<\/p>\n<p class=\"typography ids-typeset-body ids-typeset-body--preset-large link paragraph ids-paragraph ids-paragraph--default\">Z kolei sam sekretarz skarbu Scott Bessent\u00a0zapewni\u0142 dziennikarzy, \u017ce podczas spotkania z Siluanowem ponownie naciska\u0142 na wdro\u017cenie planu pokojowego Trumpa i zako\u0144czenie wojny Rosji z Ukrain\u0105.<\/p>\n<p>Oburzenie europejskich ministr\u00f3w. Nie chcieli wsp\u00f3lnego zdj\u0119cia<\/p>\n<p class=\"typography ids-typeset-body ids-typeset-body--preset-large link paragraph ids-paragraph ids-paragraph--default\">Lars Klingbeil, wicekanclerz i minister finans\u00f3w <a href=\"https:\/\/wydarzenia.interia.pl\/tematy-niemcy,gsbi,2629\" rel=\"nofollow noopener\" target=\"_blank\">Niemiec<\/a>, powiedzia\u0142 dziennikarzom, \u017ce &#8222;przyj\u0119cie rosyjskiego ministra finans\u00f3w tutaj wysy\u0142a niepokoj\u0105cy sygna\u0142&#8221;. &#8211; Wola\u0142bym, \u017ceby ameryka\u0144ska strona jasno poinformowa\u0142a, \u017ce nie b\u0119dzie traktowany jak zwyk\u0142y go\u015b\u0107 &#8211; zaznaczy\u0142.<\/p>\n<p class=\"typography ids-typeset-body ids-typeset-body--preset-large link paragraph ids-paragraph ids-paragraph--default\">Polityk wyzna\u0142, \u017ce przedstawiciele <a href=\"https:\/\/wydarzenia.interia.pl\/tematy-europa,gsbi,4992\" rel=\"nofollow noopener\" target=\"_blank\">Europy<\/a> jednog\u0142o\u015bnie za\u017c\u0105dali, aby Siluanow nie pozowa\u0142 do tradycyjnego zdj\u0119cia grupowego ze szczytu. Zagrozili, \u017ce w przypadku niespe\u0142nienia ich oczekiwa\u0144 zbojkotuj\u0105 wydarzenie.<\/p>\n<p class=\"typography ids-typeset-body ids-typeset-body--preset-large link paragraph ids-paragraph ids-paragraph--default\">Departament Skarbu USA w poniedzia\u0142kowy wiecz\u00f3r opublikowa\u0142 zdj\u0119cie, na kt\u00f3rym nie znalaz\u0142 si\u0119 rosyjski urz\u0119dnik.<\/p>\n<p class=\"typography ids-typeset-body ids-typeset-body--preset-large link paragraph ids-paragraph ids-paragraph--default\">\u0179r\u00f3d\u0142a: &#8222;The New York Times&#8221;, &#8222;The Washington Post&#8221;, Politico<\/p>\n<ul class=\"typography ids-typeset-body ids-typeset-body--preset-small list ids-list ids-list--unordered ids-list--size-small \" datatype=\"disc\">\n<li class=\"ids-list-item ids-list-item__content brief-list-item\"><a class=\"ids-undecorated-link link ids-link \" data-spons=\"false\" href=\"https:\/\/wydarzenia.interia.pl\/ukraina-rosja\/news-rozmowy-rosja-ukraina-w-martwym-punkcie-media-kijow-woli-inn,nId,23536789\" rel=\"nofollow noopener\" target=\"_blank\">Rozmowy Rosja-Ukraina w martwym punkcie. Media: Kij\u00f3w woli innego mediatora<\/a><\/li>\n<li class=\"ids-list-item ids-list-item__content brief-list-item\"><a class=\"ids-undecorated-link link ids-link \" data-spons=\"false\" href=\"https:\/\/wydarzenia.interia.pl\/zagranica\/news-rosja-nie-pojdzie-o-krok-dalej-finlandia-dostala-zapewnienie,nId,23536710\" rel=\"nofollow noopener\" target=\"_blank\">Rosja nie p\u00f3jdzie o krok dalej? Finlandia dosta\u0142a zapewnienie, &#8222;\u015brodek odstraszaj\u0105cy&#8221;<\/a><\/li>\n<\/ul>\n<p>&#8222;Polityczny WF&#8221;: Dzi\u015b minister, a jutro prezes Trybuna\u0142u? INTERIA.PL <\/p>\n","protected":false},"excerpt":{"rendered":"Minister finans\u00f3w Rosji Anton Siluanow pojawi\u0142 si\u0119 na spotkaniu G20 po raz pierwszy od pocz\u0105tku pe\u0142noskalowej rosyjskiej ofensywy&hellip;\n","protected":false},"author":2,"featured_media":659737,"comment_status":"","ping_status":"","sticky":false,"template":"","format":"standard","meta":{"footnotes":"","_share_on_mastodon":"0"},"categories":[14],"tags":[32,33,27,34,35,28,31,25,40,41,80,29,30,26,82,83,84],"class_list":["post-659736","post","type-post","status-publish","format-standard","has-post-thumbnail","category-swiat","tag-breaking-news","tag-breakingnews","tag-headlines","tag-latest-news","tag-latestnews","tag-naglowki","tag-najwazniejsze-artykuly","tag-news","tag-polish","tag-polski","tag-swiat","tag-top-stories","tag-topstories","tag-wiadomosci","tag-world","tag-world-news","tag-worldnews"],"share_on_mastodon":{"url":"https:\/\/pubeurope.com\/@pl\/117195273011530935","error":""},"_links":{"self":[{"href":"https:\/\/www.europesays.com\/pl\/wp-json\/wp\/v2\/posts\/659736","targetHints":{"allow":["GET"]}}],"collection":[{"href":"https:\/\/www.europesays.com\/pl\/wp-json\/wp\/v2\/posts"}],"about":[{"href":"https:\/\/www.europesays.com\/pl\/wp-json\/wp\/v2\/types\/post"}],"author":[{"embeddable":true,"href":"https:\/\/www.europesays.com\/pl\/wp-json\/wp\/v2\/users\/2"}],"replies":[{"embeddable":true,"href":"https:\/\/www.europesays.com\/pl\/wp-json\/wp\/v2\/comments?post=659736"}],"version-history":[{"count":0,"href":"https:\/\/www.europesays.com\/pl\/wp-json\/wp\/v2\/posts\/659736\/revisions"}],"wp:featuredmedia":[{"embeddable":true,"href":"https:\/\/www.europesays.com\/pl\/wp-json\/wp\/v2\/media\/659737"}],"wp:attachment":[{"href":"https:\/\/www.europesays.com\/pl\/wp-json\/wp\/v2\/media?parent=659736"}],"wp:term":[{"taxonomy":"category","embeddable":true,"href":"https:\/\/www.europesays.com\/pl\/wp-json\/wp\/v2\/categories?post=659736"},{"taxonomy":"post_tag","embeddable":true,"href":"https:\/\/www.europesays.com\/pl\/wp-json\/wp\/v2\/tags?post=659736"}],"curies":[{"name":"wp","href":"https:\/\/api.w.org\/{rel}","templated":true}]}}