{"id":659786,"date":"2026-09-01T10:44:12","date_gmt":"2026-09-01T10:44:12","guid":{"rendered":"https:\/\/www.europesays.com\/pl\/659786\/"},"modified":"2026-09-01T10:44:12","modified_gmt":"2026-09-01T10:44:12","slug":"tragedia-w-czarnogorze-rosjanin-zabil-trzy-osoby-potem-sie-zastrzelil","status":"publish","type":"post","link":"https:\/\/www.europesays.com\/pl\/659786\/","title":{"rendered":"Tragedia w Czarnog\u00f3rze. Rosjanin zabi\u0142 trzy osoby. Potem si\u0119 zastrzeli\u0142"},"content":{"rendered":"<p class=\"art_paragraph\">Do tragedii dosz\u0142o\u00a0w po\u0142o\u017conym niedaleko stolicy <a href=\"https:\/\/wiadomosci.gazeta.pl\/czarnogora#anchorLink\" rel=\"nofollow noopener\" target=\"_blank\">Czarnog\u00f3ry<\/a>, Podgoricy,\u00a0Danilovgradzie w poniedzia\u0142ek (31 sierpnia). Ofiarami Michai\u0142a Niko\u0142ajewicza Szabunina s\u0105 20-letni Nemanja Kapor z Podgoricy, pochodz\u0105cy ze stolicy Czarnog\u00f3ry 24-letni Petar Globarevi\u0107 oraz 67-letni Momir Radonji\u0107 z Danilovgradu.<\/p>\n<p> Tragedia w Czarnog\u00f3rze. Rosjanin zastrzeli\u0142 trzy osoby<\/p>\n<p class=\"art_paragraph\">Wszyscy byli pracownikami strzelnicy &#8222;\u010cesk\u00e1 zbrojevka&#8221;, w kt\u00f3rej Rosjanin dopu\u015bci\u0142 si\u0119 zbrodni. Wed\u0142ug informacji lokalnego portalu &#8222;Vijesti&#8221; zab\u00f3jca najpierw, tu\u017c przed godz. 17 odda\u0142 kilka strza\u0142\u00f3w do instruktora &#8211; Globarevicia &#8211; a nast\u0119pnie strzeli\u0142 mu w g\u0142ow\u0119. Zaraz potem wr\u00f3ci\u0142 do pomieszczenia, gdzie znajdowa\u0142a si\u0119 wypo\u017cyczalnia broni i zabi\u0142 Radonjicia, a nast\u0119pnie najm\u0142odsz\u0105 ofiar\u0119 &#8211; Kapora.<\/p>\n<p>\n    Zobacz wideo Protesty w Czarnog\u00f3rze. Ludzie \u017c\u0105daj\u0105 dymisji dw\u00f3ch ministr\u00f3w po strzelaninie i \u015bmierci 12 os\u00f3b\n  <\/p>\n<p class=\"art_paragraph\">Po ataku Rosjanin ukrad\u0142 kilka sztuk broni i amunicj\u0119 ze strzelnicy. Uciek\u0142 z miejsca zdarzenia samochodem nale\u017c\u0105cym do jednej z ofiar, a nast\u0119pnie wsiad\u0142 do taks\u00f3wki. Jak podaje portal Szabunin nie mia\u0142 <a href=\"https:\/\/wiadomosci.gazeta.pl\/pieniadze#anchorLink\" rel=\"nofollow noopener\" target=\"_blank\">pieni\u0119dzy<\/a> na przejazd, dlatego taks\u00f3wkarz skonfiskowa\u0142 mu paszport i <a href=\"https:\/\/next.gazeta.pl\/next\/7,168930,29879807,unia-europejska-wprowadza-nowe-przepisy-dotyczace-smartfonow.html#anchorLink\" rel=\"nofollow noopener\" target=\"_blank\">telefon kom\u00f3rkowy<\/a>.\u00a0<\/p>\n<p class=\"art_paragraph\">S\u0142u\u017cby zablokowa\u0142y wszystkie\u00a0przej\u015bcia graniczne i lotniska, ostrzegaj\u0105c mieszka\u0144c\u00f3w przed zagro\u017ceniem ze strony napastnika. W akcj\u0119 zaanga\u017cowani byli funkcjonariusze\u00a0Specjalnej Jednostki Policji, Regionalnego Centrum Bezpiecze\u0144stwa &#8222;Po\u0142udnie&#8221; oraz Sektora Policji Granicznej. S\u0142u\u017cby u\u017cy\u0142y specjalistycznego sprz\u0119tu i helikopter\u00f3w Armii Czarnog\u00f3ry.<\/p>\n<p class=\"art_paragraph\">Nowy dow\u00f3d w sprawie strzelaniny w Bystrzycy K\u0142odzkiej. Wed\u0142ug obrony potwierdza, \u017ce nie dosz\u0142o do morderstwa <a href=\"https:\/\/walbrzych.wyborcza.pl\/walbrzych\/7,178336,32894302,nowy-dowod-w-sprawie-strzelaniny-w-bystrzycy-klodzkiej-wedlug.html?_gl=1*10q7fvg*_gcl_au*MzY5Njg4Mjg1LjE3ODgxNzYxMDkuLS4tLjE3ODgxODY1NTIuMTg1MDc0MjIxOS4xNzg4MTc2MTE2LjE3ODgyMzk0NDc.*_ga*MTY0MTExMTA2OC4xNzg4MTc2MTEw*_ga_6R71ZMJ3KN*czE3ODgyNDY3OTAkbzkkZzEkdDE3ODgyNDY3OTMkajU3JGwwJGgw\" class=\"art_link\" rel=\"dofollow noopener\" target=\"_blank\">&#8211; pisze Wyborcza.pl<\/a><\/p>\n<p> Wielogodzinna ob\u0142awa za Rosjaninem. &#8222;Otworzy\u0142 ogie\u0144 do policjant\u00f3w i si\u0119 zastrzeli\u0142&#8221;<\/p>\n<p class=\"art_paragraph\">Po wielogodzinnej ob\u0142awie s\u0142u\u017cby namierzy\u0142y m\u0119\u017cczyzn\u0119 w lesie nad popularnym nadmorskim kurortem Herceg Novi, po\u0142o\u017conym ponad 120 kilometr\u00f3w od miejsca zbrodni &#8211; podaje agencja AFP.\u00a0<\/p>\n<p class=\"art_paragraph\">&#8222;Po otoczeniu przez policj\u0119 podejrzany nie mia\u0142 ju\u017c mo\u017cliwo\u015bci ucieczki. Otworzy\u0142 ogie\u0144 do funkcjonariuszy, a nast\u0119pnie odebra\u0142 sobie \u017cycie przy u\u017cyciu broni palnej&#8221; &#8211; poinformowa\u0142a policja w o\u015bwiadczeniu cytowanym przez francusk\u0105 agencj\u0119.\u00a0<\/p>\n<p class=\"art_paragraph\">Dyrektor Dyrekcji Policji, Lazar Scepanovi\u0107, zdradzi\u0142,\u00a0w rozmowie z &#8222;Vijesti&#8221;, \u017ce napastnik ju\u017c wcze\u015bniej pojawia\u0142 si\u0119 na strzelnicy.\u00a0W ci\u0105gu sze\u015bciu dni, od 7 do 12 lipca obywatel Rosji przekroczy\u0142 granic\u0119 pa\u0144stwow\u0105 Czarnog\u00f3ry osiem <a href=\"https:\/\/wiadomosci.gazeta.pl\/Razem#anchorLink\" rel=\"nofollow noopener\" target=\"_blank\">razy<\/a>. Za ka\u017cdym razem robi\u0142 to autobusem. Jak przyzna\u0142 Scepanovi\u0107, trwa wyja\u015bnianie okoliczno\u015bci zbrodni oraz motywu, jakim kierowa\u0142 si\u0119 30-latek.<\/p>\n<p class=\"art_paragraph\">Strzelanina w \u017borach podczas akcji CB\u015aP. Podejrzany staranowa\u0142 policyjny radiow\u00f3z <a href=\"https:\/\/rybnik.wyborcza.pl\/rybnik\/7,180134,32987583,strzelanina-w-zorach-podczas-akcji-cbsp-podejrzany-staranowal.html?_gl=1*16rrulv*_gcl_au*MzY5Njg4Mjg1LjE3ODgxNzYxMDkuLS4tLjE3ODgxODY1NTIuMTg1MDc0MjIxOS4xNzg4MTc2MTE2LjE3ODgyMzk0NDc.*_ga*MTY0MTExMTA2OC4xNzg4MTc2MTEw*_ga_6R71ZMJ3KN*czE3ODgyNDY3OTAkbzkkZzEkdDE3ODgyNDY4NzgkajYwJGwwJGgw\" class=\"art_link\" rel=\"dofollow noopener\" target=\"_blank\">&#8211; pisze Marcin Pietraszewski na Wyborcza.pl<\/a><\/p>\n<p class=\"art_paragraph\">W zwi\u0105zku ze strzelanin\u0105 rz\u0105d Czarnog\u00f3ry og\u0142osi\u0142 1 i 2 wrze\u015bnia dniami \u017ca\u0142oby w kraju.\u00a0&#8222;Jestem g\u0142\u0119boko wstrz\u0105\u015bni\u0119ty tragedi\u0105 w Danilovgradzie, w kt\u00f3rej zgin\u0119li pracownicy strzelnicy '\u010ce\u0161ka zbrojevka&#8217; Petar Globarevi\u0107, Momir Radonji\u0107 i Nemanja Kapor. W tym trudnym czasie sk\u0142adam najszczersze kondolencje ich rodzinom i przyjacio\u0142om oraz dziel\u0119 ich b\u00f3l&#8221; &#8211; powiedzia\u0142 premier\u00a0Milojko Spaji\u0107.<\/p>\n","protected":false},"excerpt":{"rendered":"Do tragedii dosz\u0142o\u00a0w po\u0142o\u017conym niedaleko stolicy Czarnog\u00f3ry, Podgoricy,\u00a0Danilovgradzie w poniedzia\u0142ek (31 sierpnia). Ofiarami Michai\u0142a Niko\u0142ajewicza Szabunina s\u0105 20-letni&hellip;\n","protected":false},"author":2,"featured_media":659787,"comment_status":"","ping_status":"","sticky":false,"template":"","format":"standard","meta":{"footnotes":"","_share_on_mastodon":"0"},"categories":[14],"tags":[32,33,27,34,35,28,31,25,40,41,80,29,30,26,82,83,84],"class_list":["post-659786","post","type-post","status-publish","format-standard","has-post-thumbnail","category-swiat","tag-breaking-news","tag-breakingnews","tag-headlines","tag-latest-news","tag-latestnews","tag-naglowki","tag-najwazniejsze-artykuly","tag-news","tag-polish","tag-polski","tag-swiat","tag-top-stories","tag-topstories","tag-wiadomosci","tag-world","tag-world-news","tag-worldnews"],"share_on_mastodon":{"url":"https:\/\/pubeurope.com\/@pl\/117195378747440382","error":""},"_links":{"self":[{"href":"https:\/\/www.europesays.com\/pl\/wp-json\/wp\/v2\/posts\/659786","targetHints":{"allow":["GET"]}}],"collection":[{"href":"https:\/\/www.europesays.com\/pl\/wp-json\/wp\/v2\/posts"}],"about":[{"href":"https:\/\/www.europesays.com\/pl\/wp-json\/wp\/v2\/types\/post"}],"author":[{"embeddable":true,"href":"https:\/\/www.europesays.com\/pl\/wp-json\/wp\/v2\/users\/2"}],"replies":[{"embeddable":true,"href":"https:\/\/www.europesays.com\/pl\/wp-json\/wp\/v2\/comments?post=659786"}],"version-history":[{"count":0,"href":"https:\/\/www.europesays.com\/pl\/wp-json\/wp\/v2\/posts\/659786\/revisions"}],"wp:featuredmedia":[{"embeddable":true,"href":"https:\/\/www.europesays.com\/pl\/wp-json\/wp\/v2\/media\/659787"}],"wp:attachment":[{"href":"https:\/\/www.europesays.com\/pl\/wp-json\/wp\/v2\/media?parent=659786"}],"wp:term":[{"taxonomy":"category","embeddable":true,"href":"https:\/\/www.europesays.com\/pl\/wp-json\/wp\/v2\/categories?post=659786"},{"taxonomy":"post_tag","embeddable":true,"href":"https:\/\/www.europesays.com\/pl\/wp-json\/wp\/v2\/tags?post=659786"}],"curies":[{"name":"wp","href":"https:\/\/api.w.org\/{rel}","templated":true}]}}