{"id":659814,"date":"2026-09-01T11:03:15","date_gmt":"2026-09-01T11:03:15","guid":{"rendered":"https:\/\/www.europesays.com\/pl\/659814\/"},"modified":"2026-09-01T11:03:15","modified_gmt":"2026-09-01T11:03:15","slug":"pielegniarz-z-wroclawia-probowal-udusic-pacjenta-uslyszal-zarzuty","status":"publish","type":"post","link":"https:\/\/www.europesays.com\/pl\/659814\/","title":{"rendered":"Piel\u0119gniarz z Wroc\u0142awia pr\u00f3bowa\u0142 udusi\u0107 pacjenta. Us\u0142ysza\u0142 zarzuty"},"content":{"rendered":"<p>Do zdarzenia dosz\u0142o 18 sierpnia na oddziale neurologii z pododdzia\u0142em udarowym Wojew\u00f3dzkiego Szpitala Specjalistycznego im. T. Marciniaka we Wroc\u0142awiu.<\/p>\n<p>Dalszy ci\u0105g artyku\u0142u pod materia\u0142em wideoPiel\u0119gniarz chcia\u0142 udusi\u0107 pacjenta. Zosta\u0142 z\u0142apany na gor\u0105cym uczynku<a href=\"https:\/\/www.onet.pl\/\" title=\"Strona G\u0142\u00f3wna\" aria-label=\"Strona G\u0142\u00f3wna\" data-astro-prefetch=\"tap\" class=\"ods-a-logo-main-desktop\" rel=\"nofollow noopener\" target=\"_blank\"><img src=\"https:\/\/cdn.wiadomosci.onet.pl\/img\/Logo_desktop_Onet.svg\" class=\"ods-a-logo-main-desktop__image\" alt=\"Logo\" width=\"107\" height=\"60\" fetchpriority=\"high\" decoding=\"sync\" style=\"height:60px\"\/><\/a><\/p>\n<p class=\"ods-m-google-article__text\">Czytaj nas cz\u0119\u015bciej w Google<\/p>\n<p><a href=\"https:\/\/google.com\/preferences\/source?q=wiadomosci.onet.pl\" target=\"_blank\" rel=\"noopener noreferrer nofollow\" aria-label=\"Dodaj w Google\" title=\"Dodaj w Google\" class=\"ods-a-button ods-a-button__primary ods-a-button__default ods-a-button-l\">Dodaj w Google<\/a><\/p>\n<p>Jako pierwsza o sprawie napisa\u0142a &#8222;Gazeta Wroc\u0142awska&#8221;, a dziennikarze nieoficjalnie dowiedzieli si\u0119, \u017ce zatrudniony niedawno w plac\u00f3wce piel\u0119gniarz chcia\u0142 &#8222;ukara\u0107&#8221; pacjenta i dusi\u0142 go poduszk\u0105.<\/p>\n<p>Czytaj tak\u017ce: <a href=\"https:\/\/wiadomosci.onet.pl\/kraj\/psycholozka-alarmuje-kondycja-psychiczna-nauczycieli-w-polsce-jest-zla\/ee9vybt\" id=\"97d7409a-f098-4683-ad1f-6be6cd3c39ae\" rel=\"nofollow noopener\" target=\"_blank\">O tym problemie w szko\u0142ach si\u0119 nie m\u00f3wi. Ekspertka bije na alarm<\/a><\/p>\n<p>Pracownik zosta\u0142 przy\u0142apany przez wsp\u00f3\u0142pracownik\u00f3w na gor\u0105cym uczynku. Cz\u0142onkowie personelu zatrzymali go i wezwali policj\u0119. Dyrekcja plac\u00f3wki poinformowa\u0142a o przest\u0119pstwie prokuratur\u0119. Piotra P. zwolniono z pracy.<\/p>\n<p>W czwartek S\u0105d Okr\u0119gowy we Wroc\u0142awiu uwzgl\u0119dni\u0142 wniosek prokuratury i zdecydowa\u0142 o tymczasowym aresztowaniu m\u0119\u017cczyzny. \u015arodek zapobiegawczy obowi\u0105zuje przez trzy miesi\u0105ce. Prokuratura postawi\u0142a piel\u0119gniarzowi zarzut usi\u0142owania zab\u00f3jstwa na podstawie art. 13 \u00a7 1 k.k. w zwi\u0105zku z art. 148 \u00a7 1 k.k. Informacj\u0119 potwierdza biuro prasowe S\u0105du Okr\u0119gowego we Wroc\u0142awiu.<\/p>\n<p>&#8222;Babcia Jadwiga odchodzi, a u nas w szpitalu jest taki zak\u0142ad\u2026&#8221;. Odkry\u0142 histori\u0119 &#8222;\u0142owc\u00f3w sk\u00f3r&#8221;, teraz ostrzega<img class=\"ods-a-photo ods-a-photo--background\" src=\"https:\/\/www.europesays.com\/pl\/wp-content\/uploads\/2026\/09\/4JPk9lBaHR0cHM6Ly9vY2RuLmV1L3B1bHNjbXMvTURBXy9kYWRmYTllNmVkYzMwYWIwM2ExMDJhMjEzNzVlYzYwNS5wbmeRlQLNA.jpeg\" height=\"253\" width=\"450\" alt=\"Sklejka 20260825 1343\" loading=\"lazy\" fetchpriority=\"low\" decoding=\"async\"\/><\/p>\n<p>Opracowanie:Maciej Zaremba<\/p>\n<p>Data utworzenia:1 wrze\u015bnia 2026, 12:26<\/p>\n","protected":false},"excerpt":{"rendered":"Do zdarzenia dosz\u0142o 18 sierpnia na oddziale neurologii z pododdzia\u0142em udarowym Wojew\u00f3dzkiego Szpitala Specjalistycznego im. T. Marciniaka we&hellip;\n","protected":false},"author":2,"featured_media":659815,"comment_status":"","ping_status":"","sticky":false,"template":"","format":"standard","meta":{"footnotes":"","_share_on_mastodon":"0"},"categories":[51607],"tags":[61195,48,5354,46,42,38,414,40,39,41,1627,47,1853],"class_list":["post-659814","post","type-post","status-publish","format-standard","has-post-thumbnail","category-wroclaw","tag-bottomfeed_styl","tag-nat_styl","tag-ochrona_zdrowia","tag-omp","tag-pl","tag-poland","tag-policja","tag-polish","tag-polska","tag-polski","tag-prokuratura","tag-screening_general","tag-wroclaw"],"share_on_mastodon":{"url":"https:\/\/pubeurope.com\/@pl\/117195454646406499","error":""},"_links":{"self":[{"href":"https:\/\/www.europesays.com\/pl\/wp-json\/wp\/v2\/posts\/659814","targetHints":{"allow":["GET"]}}],"collection":[{"href":"https:\/\/www.europesays.com\/pl\/wp-json\/wp\/v2\/posts"}],"about":[{"href":"https:\/\/www.europesays.com\/pl\/wp-json\/wp\/v2\/types\/post"}],"author":[{"embeddable":true,"href":"https:\/\/www.europesays.com\/pl\/wp-json\/wp\/v2\/users\/2"}],"replies":[{"embeddable":true,"href":"https:\/\/www.europesays.com\/pl\/wp-json\/wp\/v2\/comments?post=659814"}],"version-history":[{"count":0,"href":"https:\/\/www.europesays.com\/pl\/wp-json\/wp\/v2\/posts\/659814\/revisions"}],"wp:featuredmedia":[{"embeddable":true,"href":"https:\/\/www.europesays.com\/pl\/wp-json\/wp\/v2\/media\/659815"}],"wp:attachment":[{"href":"https:\/\/www.europesays.com\/pl\/wp-json\/wp\/v2\/media?parent=659814"}],"wp:term":[{"taxonomy":"category","embeddable":true,"href":"https:\/\/www.europesays.com\/pl\/wp-json\/wp\/v2\/categories?post=659814"},{"taxonomy":"post_tag","embeddable":true,"href":"https:\/\/www.europesays.com\/pl\/wp-json\/wp\/v2\/tags?post=659814"}],"curies":[{"name":"wp","href":"https:\/\/api.w.org\/{rel}","templated":true}]}}