{"id":659822,"date":"2026-09-01T11:07:17","date_gmt":"2026-09-01T11:07:17","guid":{"rendered":"https:\/\/www.europesays.com\/pl\/659822\/"},"modified":"2026-09-01T11:07:17","modified_gmt":"2026-09-01T11:07:17","slug":"znany-lek-wycofany-z-obrotu-jest-decyzja-glownego-inspektoratu-farmaceutycznego-zdrowie-i-uroda","status":"publish","type":"post","link":"https:\/\/www.europesays.com\/pl\/659822\/","title":{"rendered":"Znany lek wycofany z obrotu. Jest decyzja G\u0142\u00f3wnego Inspektoratu Farmaceutycznego &#8211; Zdrowie i Uroda"},"content":{"rendered":"<p>opr. mk 2026-09-01 11:59:00<\/p>\n<p>Dok\u0142adnie 25 sierpnia G\u0142\u00f3wny Inspektorat Farmaceutyczny wyda\u0142 decyzj\u0119 informuj\u0105c\u0105 o wycofaniu z obrotu wszystkich serii leku Dutilox w dawkach 30 mg i 60 mg.<br \/>&#13;<br \/>\n\u00a0<\/p>\n<p>            <a href=\"https:\/\/www.radom24.pl\/uploads\/\/artykuly\/artykuly\/2026\/09\/62305\/63a284e7e71ef96f735a383e6daf8c2e.jpg\" class=\"zoom-photo\" rel=\"galery nofollow noopener\" title=\"Wa\u017cny lek wycofany z aptek (autor: Wa\u017cny lek wycofany z aptek)\" target=\"_blank\"><\/p>\n<p>                    <img decoding=\"async\" src=\"https:\/\/www.europesays.com\/pl\/wp-content\/uploads\/2026\/09\/63a284e7e71ef96f735a383e6daf8c2e.jpg&#038;w=600&#038;h=336.jpg\" alt=\"Wa\u017cny lek wycofany z aptek\" loading=\"lazy\" width=\"600\" height=\"400\"\/><\/p>\n<p>            <\/a><\/p>\n<p class=\"tytul\">Wa\u017cny lek wycofany z aptek<\/p>\n<p class=\"autor\">autor: KtoMaLek.pl <\/p>\n<p>Jest to produkt leczniczy zawieraj\u0105cy duloksetyn\u0119 \u2013 inhibitor zwrotnego wychwytu serotoniny i noradrenaliny, stosowany m.in. w terapii zaburze\u0144 depresyjnych i l\u0119kowych.<\/p>\n<p>Nasze systemy monitoruj\u0105ce sprzeda\u017c lek\u00f3w w aptekach wykaza\u0142y, \u017ce w ci\u0105gu 30 dni przed wydaniem komunikatu w Radomiu sprzedano ponad 400 opakowa\u0144 wycofanego leku.<\/p>\n<p>&#8211; Prosimy o przekazanie tej informacji mieszka\u0144com Radomia. Powinni oni bowiem sprawdzi\u0107, czy nie posiadaj\u0105 tych produkt\u00f3w w swoich apteczkach. &#8211; informuje KtoMaLek.pl (serwis nale\u017c\u0105cy do firmy KAMSOFT S.A.).\u00a0<\/p>\n<p>KtoMaLek.pl jest to serwis nale\u017c\u0105cy do firmy KAMSOFT S.A. monitoruj\u0105cy dost\u0119pno\u015b\u0107 oraz sprzeda\u017c lek\u00f3w w ponad 11 000 aptek w Polsce.<\/p>\n<p>Warto wiedzie\u0107:<\/p>\n<p>Dlaczego wycofano ze sprzeda\u017cy lek Dutilox?<\/p>\n<p>21 sierpnia 2026 r. do G\u0142\u00f3wnego Inspektoratu Farmaceutycznego wp\u0142yn\u0119\u0142o pismo od Prezesa Urz\u0119du Rejestracji Produkt\u00f3w Leczniczych, Wyrob\u00f3w Medycznych i Produkt\u00f3w Biob\u00f3jczych (URPLWMiPB), w kt\u00f3rym poinformowano o tym, \u017ce stosowanie leku Dutilox stanowi zagro\u017cenie dla zdrowia publicznego.<\/p>\n<p>Jako przyczyn\u0119 wskazano:<\/p>\n<p>Powa\u017cne przekroczenia limitu przej\u015bciowego LTL dla zanieczyszczenia N-nitrosoduloxetine, w deklarowanym okresie trwa\u0142o\u015bci ww. leku. Prezes URPLWMiPB zawnioskowa\u0142 o wycofanie z obrotu wszystkich serii produktu leczniczego Dutilox w dawkach 30 mg i 60 mg, a tak\u017ce o wydanie decyzji o czasowym zakazie wprowadzania ich do obrotu.<\/p>\n<p>Zgodnie z decyzj\u0105 numer 49\/WC\/ZW\/2026 z dnia 25 sierpnia 2026 r. wycofano z obrotu na terenie ca\u0142ego kraju produkty lecznicze:<\/p>\n<p>Dutilox (Duloxetinum), 30 mg, Kapsu\u0142ki dojelitowe, twarde, opakowanie 28 kapsu\u0142ek, GTIN 05909991249540, w zakresie wszystkich serii<br \/>&#13;<br \/>\nDutilox (Duloxetinum), 30 mg, Kapsu\u0142ki dojelitowe, twarde, opakowanie 56 kapsu\u0142ek, GTIN 05909991249618, w zakresie wszystkich serii<br \/>&#13;<br \/>\nJednocze\u015bnie czasowo zakazano wprowadzania do obrotu leku Dutilox (Duloxetinum), 30 mg, Kapsu\u0142ki dojelitowe, twarde w wariantach opakowa\u0144: 7 kapsu\u0142ek, 10 kapsu\u0142ek, 14 kapsu\u0142ek, 20 kapsu\u0142ek, 28 kapsu\u0142ek, 30 kapsu\u0142ek, 50 kapsu\u0142ek, 56 kapsu\u0142ek, 60 kapsu\u0142ek, 84 kapsu\u0142ki, 98 kapsu\u0142ek, 500 kapsu\u0142ek, 504 kapsu\u0142ki.<\/p>\n<p class=\"komentarze-info komunikat\">Nikt jeszcze nie skomentowa\u0142 tego artyku\u0142u<\/p>\n","protected":false},"excerpt":{"rendered":"opr. mk 2026-09-01 11:59:00 Dok\u0142adnie 25 sierpnia G\u0142\u00f3wny Inspektorat Farmaceutyczny wyda\u0142 decyzj\u0119 informuj\u0105c\u0105 o wycofaniu z obrotu wszystkich&hellip;\n","protected":false},"author":2,"featured_media":659823,"comment_status":"","ping_status":"","sticky":false,"template":"","format":"standard","meta":{"footnotes":"","_share_on_mastodon":"0"},"categories":[51605],"tags":[1322,42,38,40,39,41,7623,1367,6977,7200,435,29453,128403],"class_list":["post-659822","post","type-post","status-publish","format-standard","has-post-thumbnail","category-warszawa","tag-dieta","tag-pl","tag-poland","tag-polish","tag-polska","tag-polski","tag-pomoc","tag-porady","tag-przychodnie","tag-szpitale","tag-warszawa","tag-zbiorki","tag-zdrowie-w-radomiu"],"share_on_mastodon":{"url":"https:\/\/pubeurope.com\/@pl\/117195470849368389","error":""},"_links":{"self":[{"href":"https:\/\/www.europesays.com\/pl\/wp-json\/wp\/v2\/posts\/659822","targetHints":{"allow":["GET"]}}],"collection":[{"href":"https:\/\/www.europesays.com\/pl\/wp-json\/wp\/v2\/posts"}],"about":[{"href":"https:\/\/www.europesays.com\/pl\/wp-json\/wp\/v2\/types\/post"}],"author":[{"embeddable":true,"href":"https:\/\/www.europesays.com\/pl\/wp-json\/wp\/v2\/users\/2"}],"replies":[{"embeddable":true,"href":"https:\/\/www.europesays.com\/pl\/wp-json\/wp\/v2\/comments?post=659822"}],"version-history":[{"count":0,"href":"https:\/\/www.europesays.com\/pl\/wp-json\/wp\/v2\/posts\/659822\/revisions"}],"wp:featuredmedia":[{"embeddable":true,"href":"https:\/\/www.europesays.com\/pl\/wp-json\/wp\/v2\/media\/659823"}],"wp:attachment":[{"href":"https:\/\/www.europesays.com\/pl\/wp-json\/wp\/v2\/media?parent=659822"}],"wp:term":[{"taxonomy":"category","embeddable":true,"href":"https:\/\/www.europesays.com\/pl\/wp-json\/wp\/v2\/categories?post=659822"},{"taxonomy":"post_tag","embeddable":true,"href":"https:\/\/www.europesays.com\/pl\/wp-json\/wp\/v2\/tags?post=659822"}],"curies":[{"name":"wp","href":"https:\/\/api.w.org\/{rel}","templated":true}]}}