{"id":659866,"date":"2026-09-01T11:32:09","date_gmt":"2026-09-01T11:32:09","guid":{"rendered":"https:\/\/www.europesays.com\/pl\/659866\/"},"modified":"2026-09-01T11:32:09","modified_gmt":"2026-09-01T11:32:09","slug":"w-holdzie-bohaterom-1939-roku","status":"publish","type":"post","link":"https:\/\/www.europesays.com\/pl\/659866\/","title":{"rendered":"W ho\u0142dzie Bohaterom 1939 roku"},"content":{"rendered":"<p>&#13;<br \/>\n        W ho\u0142dzie Bohaterom 1939 roku        W Krakowie, w 87. rocznic\u0119 wybuchu II wojny \u015bwiatowej, odby\u0142y si\u0119 uroczysto\u015bci upami\u0119tniaj\u0105ce Ofiary niemieckiej agresji. W wydarzeniu wzi\u0105\u0142 udzia\u0142 zast\u0119pca prezesa Instytutu Pami\u0119ci Narodowej dr hab. Karol Polejowski.      <\/p>\n<p>&#13;<br \/>\n&#13;<\/p>\n<p>Uroczysto\u015bci\u00a0przy pomniku \u017bo\u0142nierzy Wrze\u015bnia i Armii \u201eKrak\u00f3w\u201d poprzedzi\u0142a Msza \u015bwi\u0119ta w ko\u015bciele Niepokalanego Pocz\u0119cia NMP.<\/p>\n<p>Podczas obchod\u00f3w zast\u0119pca prezesa Instytutu Pami\u0119ci Narodowej dr hab. Karol Polejowski powiedzia\u0142, \u017ce\u00a0naszym obowi\u0105zkiem wobec przysz\u0142ych pokole\u0144 jest to, aby przekaza\u0107 im dziedzictwo, kt\u00f3re my otrzymali\u015bmy od tych, kt\u00f3rzy byli przed nami.<\/p>\n<p>\u2013\u00a0Kiedy dzi\u015b spotykamy si\u0119 tu \u2013 w Krakowie, by odda\u0107 ho\u0142d bohaterom 1939 roku, od tygodnia Instytut Pami\u0119ci Narodowej prowadzi prace ekshumacyjne \u017co\u0142nierzy wrze\u015bnia we lwowskim Ho\u0142osku. Odkrywamy mogi\u0142y pochowanych tam ponad 130 \u017co\u0142nierzy Wojska Polskiego. To nasz obowi\u0105zek, aby ekshumowa\u0107 ich i przenie\u015b\u0107 na kwater\u0119 wojenn\u0105 \u2013 tam, gdzie jest ich miejsce \u2013\u00a0w\u015br\u00f3d towarzyszy broni. Zawsze wracamy po swoich! Nasza pami\u0119\u0107 o tamtych wydarzeniach, o bohaterskiej walce, o ofierze, kt\u00f3r\u0105 z\u0142o\u017cy\u0142 nar\u00f3d polski, jest obowi\u0105zkiem. Powinno\u015bci\u0105 wobec tych, kt\u00f3rzy w\u00f3wczas bronili Polski<\/p>\n<p>\u2013 zaznaczy\u0142.<\/p>\n<p>Po uroczysto\u015bci zast\u0119pca prezesa IPN wraz z I Wicewojewod\u0105 Ma\u0142opolsk\u0105 El\u017cbiet\u0105 Achinger, dyrektorem krakowskiego oddzia\u0142u IPN dr. hab. Filipem Musia\u0142em\u00a0i przedstawicielami Garnizonu Krak\u00f3w zapali znicze na grobach Westerplatczyk\u00f3w: kpt. dr Mieczys\u0142awa S\u0142abego (1909\u20131948, lekarza Wojskowej Sk\u0142adnicy Tranzytowej na Westerplatte; aresztowany przez UB w 1947 r. zmar\u0142 w wi\u0119zieniu przy ul. Montelupich w Krakowie) i\u00a0kpt. Franciszka D\u0105browskiego (1904\u20131962, zast\u0119pcy komendanta Oddzia\u0142u Wartowniczego Wojskowej Sk\u0142adnicy Tranzytowej na Westerplatte).<\/p>\n<p style=\"text-align:center\">* * *<\/p>\n<p>Krak\u00f3w<\/p>\n<p>Pierwsze niemieckie bomby spad\u0142y na Krak\u00f3w ju\u017c o\u00a0\u015bwicie 1\u00a0wrze\u015bnia 1939 r. Miasto sta\u0142o si\u0119 g\u0142\u00f3wnym celem dla samolot\u00f3w niemieckiej 4. Floty Powietrznej (Dornier\u00f3w Do 17, Messerschmitt\u00f3w Bf 110 i\u00a0Junkers\u00f3w Ju 87 \u201eStuka\u201d). Zbombardowane zosta\u0142o lotnisko w\u00a0Rakowicach, b\u0119d\u0105ce w\u00a0okresie przedwojennym baz\u0105 2. Pu\u0142ku Lotnictwa. Zniszczeniom uleg\u0142a g\u0142\u00f3wnie infrastruktura, bo samoloty by\u0142y ju\u017c na lotnisku polowym w\u00a0podkrakowskich Balicach. Trafiono tak\u017ce kilka innych \u201ecel\u00f3w zast\u0119pczych\u201d, g\u0142\u00f3wnie w\u00a0okolicach Dworca PKP i\u00a0\u2013 zapewne przypadkowo \u2013\u00a0 ko\u015bci\u00f3\u0142 \u015bw. Floriana. W\u00a0walkach powietrznych w\u00a0okolicach Krakowa zgin\u0105\u0142 kpt. Mieczys\u0142aw Medwecki. By\u0142 pierwszym polskim pilotem poleg\u0142ym w\u00a0II wojnie \u015bwiatowej.<\/p>\n<p>3 wrze\u015bnia zbombardowany zosta\u0142 Dworzec G\u0142\u00f3wny. Infrastruktura kolejowa uleg\u0142a znacznym zniszczeniom. Powa\u017cnie uszkodzono tak\u017ce co najmniej jeden z\u00a0pobliskich budynk\u00f3w mieszkalnych. Do dzi\u015b na ceglanym murze przy ul. Ogrodowej oraz elewacji budynku na rogu ul. Worcella i\u00a0Pawiej wida\u0107 \u015blady wybuch\u00f3w.<\/p>\n<p>Bombardowania nie omin\u0119\u0142y innych rejon\u00f3w miasta. Jednym z\u00a0cel\u00f3w by\u0142a radiostacja wojskowa, kt\u00f3ra znajdowa\u0142a si\u0119 w\u00a0rejonie skrzy\u017cowania dzisiejszych ul. Monte Cassino, Szwedzkiej i\u00a0Nowaczy\u0144skiego, zbombardowana drugiego dnia wojny. 3\u00a0wrze\u015bnia po po\u0142udniu Niemcy zaatakowali nadajnik Polskiego Radia na po\u0142udniowym stoku wzg\u00f3rza \u015bw. Bronis\u0142awy przy ul. Malczewskiego. Niemiecka bomba spad\u0142a te\u017c na stadion Cracovii. Uszkodzona zosta\u0142a trybuna oraz betonowy tor wok\u00f3\u0142 stadionu.<\/p>\n<p>6 wrze\u015bnia 1939: Wojska niemieckie wkroczy\u0142y do Krakowa od po\u0142udnia, przechodz\u0105c przez Most Pi\u0142sudskiego. Tego samego dnia Niemcy zaj\u0119li Nowy S\u0105cz.<\/p>\n<p>Ma\u0142opolska<\/p>\n<p>1 wrze\u015bnia 1939 roku armie niemieckie (g\u0142\u00f3wnie 14. Armia) uderzy\u0142y z \u015al\u0105ska i S\u0142owacji w kierunku Krakowa i Ma\u0142opolski. Polskie jednostki Armii \u201eKrak\u00f3w\u201d pod dow\u00f3dztwem gen. Antoniego Szyrma-Szyllinga prowadzi\u0142y ci\u0119\u017ckie boje op\u00f3\u017aniaj\u0105ce.<\/p>\n<p>1 wrze\u015bnia\u00a0ze S\u0142owacji w g\u00f3r\u0119 szerokiej doliny Orawy na Chab\u00f3wk\u0119 i Nowy Targ ruszy\u0142o niemieckie zgrupowanie pancerne\u00a014 armii, w sk\u0142adzie 2. Dywizji Pancernej i dywizji lekkiej (XVIII Korpus Pancerny gen. Von Kleista). Na ich drodze stan\u0105\u0142\u00a01 Pu\u0142k Piechoty Korpusu Ochrony Pogranicza, kt\u00f3rym dowodzi\u0142 podpu\u0142kownik\u00a0Wojciech W\u00f3jcik. Obrona tego odcinka nie by\u0142a w stanie d\u0142ugo utrzyma\u0107 wyznaczonych pozycji, a w momencie prze\u0142amania Niemcy mogli wyj\u015b\u0107 na ty\u0142y\u00a0Armii \u201eKrak\u00f3w\u201d\u00a0dowodzonej przez genera\u0142a\u00a0Antoniego Szylinga. W zwi\u0105zku z t\u0105 niebezpieczn\u0105 sytuacj\u0105, 10. Brygada Kawalerii, dowodzona przez pu\u0142kownika\u00a0Stanis\u0142awa Maczka, otrzyma\u0142a rozkaz zamkni\u0119cia kierunku na Jordan\u00f3w i Rabk\u0119. Walki toczone by\u0142y 1-3 wrze\u015bnia \u00a0przez 10. Brygad\u0119 Kawalerii p\u0142k. dypl. Stanis\u0142awa Maczka, 1. pu\u0142k piechoty KOP, poci\u0105g pancerny nr 51 oraz oddzia\u0142y bON z XVIII Niemieckim Korpusem Armijnym. Prowadzone z powodzeniem dzia\u0142ania polskie op\u00f3\u017ani\u0142y niemiecki marsz na p\u00f3\u0142noc i pozwoli\u0142y unikn\u0105\u0107 okr\u0105\u017cenia Armii \u201eKrak\u00f3w\u201d, kt\u00f3ra zdo\u0142a\u0142a wycofa\u0107 si\u0119 na wsch\u00f3d.<\/p>\n<p>W dniach 7\u20138 wrze\u015bnia dosz\u0142o do zaci\u0119tych walk nad Dunajcem, gdzie polscy \u017co\u0142nierze starali si\u0119 zatrzyma\u0107 niemiecki atak (bitwa pod Rad\u0142owem i bitwa o Most w Biskupicach). Polscy \u017co\u0142nierze bronili w\u00f3wczas mostu na Dunajcu, staraj\u0105c si\u0119 umo\u017cliwi\u0107 wycofanie oddzia\u0142\u00f3w. Walki by\u0142y wyj\u0105tkowo zaci\u0119te \u2013 obro\u0144cy stawiali op\u00f3r do ostatnich chwil, a dramatycznym symbolem sta\u0142a si\u0119 obrona szko\u0142y w Rad\u0142owie, gdzie kilkunastu \u017co\u0142nierzy, otoczonych i podpalonych przez Niemc\u00f3w\u00a0miotaczami\u00a0ognia, zgin\u0119\u0142o \u015bpiewaj\u0105c &#8222;Rot\u0119&#8221;. Straty by\u0142y ogromne \u2013 \u017cycie odda\u0142o 243 \u017co\u0142nierzy, kilkuset zosta\u0142o rannych.<\/p>\n<p>Walki w rejonie Tarnowa i Tuchowa \u2013 8 wrze\u015bnia w Tuchowie silne natarcie niemieckie zniszczy\u0142o znaczne cz\u0119\u015bci polskich oddzia\u0142\u00f3w piechoty, zmuszaj\u0105c resztki si\u0142 do odwrotu za Wis\u0142ok\u0119.<\/p>\n<p>\u00a0<\/p>\n<p>Polecamy materia\u0142y Instytutu Pami\u0119ci Narodowej:<\/p>\n<p>        &#13;<br \/>\n        \t        &#13;<br \/>\n        \t        &#13;<br \/>\n        &#13;<\/p>\n","protected":false},"excerpt":{"rendered":"&#13; W ho\u0142dzie Bohaterom 1939 roku W Krakowie, w 87. rocznic\u0119 wybuchu II wojny \u015bwiatowej, odby\u0142y si\u0119 uroczysto\u015bci&hellip;\n","protected":false},"author":2,"featured_media":659867,"comment_status":"","ping_status":"","sticky":false,"template":"","format":"standard","meta":{"footnotes":"","_share_on_mastodon":"0"},"categories":[51606],"tags":[53498,10656,53499,53500,53501,3199,53502,43003,40677,53503,10683,53489,53504,53505,53493,53494,53495,53490,53496,53497,53506,53507,53508,53509,14268,46408,53510,53511,53512,53488,7988,1304,53491,53492,42,38,40,39,41],"class_list":["post-659866","post","type-post","status-publish","format-standard","has-post-thumbnail","category-krakow","tag-17-wrzesnia-1939","tag-agent","tag-ak","tag-akcja-wisla","tag-ako","tag-antysemityzm","tag-aparat-bezpieczenstwa","tag-archiwa","tag-armia-krajowa","tag-armia-krajowa-obywatelska","tag-auschwitz","tag-bep","tag-biuletyn","tag-biuro-edukacji-publicznej","tag-biuro-lustracyjne","tag-biuro-polityczne","tag-biuro-udostepniana-i-archiwizacji-dokumentow","tag-buiad","tag-cyganie","tag-czerwiec-1956","tag-czerwiec-1976","tag-czerwiec56","tag-czerwiec76","tag-delegatura-rzadu-na-kraj","tag-dokumenty","tag-dyskusja","tag-gkszpnp","tag-glowna-komisja-badania-zbrodni-hitlerowskich","tag-glowna-komisja-badania-zbrodni-niemieckich","tag-instytut-pamieci-narodowej","tag-ipn","tag-krakow","tag-kszpnp","tag-lustracja","tag-pl","tag-poland","tag-polish","tag-polska","tag-polski"],"share_on_mastodon":{"url":"","error":"Validation failed: Text character limit of 500 exceeded"},"_links":{"self":[{"href":"https:\/\/www.europesays.com\/pl\/wp-json\/wp\/v2\/posts\/659866","targetHints":{"allow":["GET"]}}],"collection":[{"href":"https:\/\/www.europesays.com\/pl\/wp-json\/wp\/v2\/posts"}],"about":[{"href":"https:\/\/www.europesays.com\/pl\/wp-json\/wp\/v2\/types\/post"}],"author":[{"embeddable":true,"href":"https:\/\/www.europesays.com\/pl\/wp-json\/wp\/v2\/users\/2"}],"replies":[{"embeddable":true,"href":"https:\/\/www.europesays.com\/pl\/wp-json\/wp\/v2\/comments?post=659866"}],"version-history":[{"count":0,"href":"https:\/\/www.europesays.com\/pl\/wp-json\/wp\/v2\/posts\/659866\/revisions"}],"wp:featuredmedia":[{"embeddable":true,"href":"https:\/\/www.europesays.com\/pl\/wp-json\/wp\/v2\/media\/659867"}],"wp:attachment":[{"href":"https:\/\/www.europesays.com\/pl\/wp-json\/wp\/v2\/media?parent=659866"}],"wp:term":[{"taxonomy":"category","embeddable":true,"href":"https:\/\/www.europesays.com\/pl\/wp-json\/wp\/v2\/categories?post=659866"},{"taxonomy":"post_tag","embeddable":true,"href":"https:\/\/www.europesays.com\/pl\/wp-json\/wp\/v2\/tags?post=659866"}],"curies":[{"name":"wp","href":"https:\/\/api.w.org\/{rel}","templated":true}]}}