{"id":659880,"date":"2026-09-01T11:39:12","date_gmt":"2026-09-01T11:39:12","guid":{"rendered":"https:\/\/www.europesays.com\/pl\/659880\/"},"modified":"2026-09-01T11:39:12","modified_gmt":"2026-09-01T11:39:12","slug":"aurygidy-na-nocnym-niebie-1-wrzesnia-deszcz-meteorow","status":"publish","type":"post","link":"https:\/\/www.europesays.com\/pl\/659880\/","title":{"rendered":"Aurygidy na nocnym niebie. 1 wrze\u015bnia deszcz meteor\u00f3w"},"content":{"rendered":"<ol data-component-0=\"list-ordered\" style=\"counter-reset:list-counter\" class=\"typography ids-typeset-body ids-typeset-body--preset-large list ids-list ids-list--ordered ids-list--size-large ids-list--marker-decimalLeadingZero \">\n<li class=\"ids-list-item\">\n<p>1 wrze\u015bnia szykuje si\u0119 pokaz na niebie. Mo\u017cna to zobaczy\u0107 go\u0142ym okiem<\/p>\n<\/li>\n<li class=\"ids-list-item\">\n<p>Jak obserwowa\u0107 r\u00f3j Aurygid\u00f3w?<\/p>\n<\/li>\n<\/ol>\n<p>1 wrze\u015bnia szykuje si\u0119 pokaz na niebie. Mo\u017cna to zobaczy\u0107 go\u0142ym okiem<\/p>\n<p class=\"typography ids-typeset-body ids-typeset-body--preset-large link paragraph ids-paragraph ids-paragraph--default\">Od paru dni nad naszymi g\u0142owami rozgrywa si\u0119 wyj\u0105tkowy spektakl nocny. Zacz\u0119\u0142o si\u0119 28 sierpnia, jednak to dzisiaj, 1 wrze\u015bnia, przypada maksimum aktywnego roju meteor\u00f3w zwanych Aurygidami.<\/p>\n<p class=\"typography ids-typeset-body ids-typeset-body--preset-large link paragraph ids-paragraph ids-paragraph--default\">Meteory, potocznie nazywane spadaj\u0105cymi gwiazdami, to zjawisko widoczne, kiedy skalna drobina z kosmosu (meteoroid) wlatuje w ziemsk\u0105 atmosfer\u0119. Widzimy wtedy \u015bwietlny \u015blad <a href=\"https:\/\/geekweek.interia.pl\/kosmos\/news-siedem-etapow-smierci-meteorytu-opisano-proces-spalania-skal,nId,23533819\" target=\"_blank\" rel=\"nofollow noopener\">podczas spalania takiego meteoru<\/a>. Niekiedy wyst\u0119puj\u0105 one w tzw. rojach, aktywnych w okre\u015blonym czasie w roku i wydaj\u0105cych si\u0119 wybiega\u0107 z jednego obszaru na niebie. W przypadku tego roju radiant znajduje si\u0119 w gwiazdozbiorze Wo\u017anicy, sk\u0105d wzi\u0119\u0142a si\u0119 jego nazwa &#8211; po \u0142acinie brzmi ona Auriga.<\/p>\n<p class=\"typography ids-typeset-body ids-typeset-body--preset-large link paragraph ids-paragraph ids-paragraph--default\">Aurygidy s\u0105 jednym z roj\u00f3w meteor\u00f3w. Ich aktywno\u015b\u0107 przypada od 28 sierpnia do 5 wrze\u015bnia, jednak to dzisiaj b\u0119d\u0105 najlepiej widoczne, poniewa\u017c mo\u017cna spodziewa\u0107 si\u0119 do 10 spadaj\u0105cych gwiazd na godzin\u0119.<\/p>\n<p>Jak obserwowa\u0107 r\u00f3j Aurygid\u00f3w?<\/p>\n<p class=\"typography ids-typeset-body ids-typeset-body--preset-large link paragraph ids-paragraph ids-paragraph--default\">Najlepiej wypatrywa\u0107 ich w drugiej cz\u0119\u015bci nocy. Aurygidy s\u0105 szybkimi meteorami ze \u015bladami, czyli po ich przelocie mo\u017ce zosta\u0107 chwilowy \u015bwietlny \u015blad na niebie. Pr\u0119dko\u015b\u0107 przelotu wynosi oko\u0142o 66 km\/s.<\/p>\n<p class=\"typography ids-typeset-body ids-typeset-body--preset-large link paragraph ids-paragraph ids-paragraph--default\">Zwi\u0119kszona aktywno\u015b\u0107 roju wyst\u0119powa\u0142a w 1935, 1986, 1994 i 2019 roku, wi\u0119c nie jest to zjawisko cz\u0119ste i warto wybra\u0107 si\u0119 na nocny spacer, aby zobaczy\u0107 to na w\u0142asne oczy. R\u00f3j Aurygid\u00f3w zwi\u0105zany jest z komet\u0105 C\/1911 N1 (Kiess) i wyst\u0119puje co roku na prze\u0142omie sierpnia i wrze\u015bnia.<\/p>\n<p class=\"typography ids-typeset-body ids-typeset-body--preset-large link paragraph ids-paragraph ids-paragraph--default\">Minusem przy dzisiejszym ogl\u0105daniu tego zjawiska jest jasno \u015bwiec\u0105cy Ksi\u0119\u017cyc, kt\u00f3ry obecnie jest kr\u00f3tko po pe\u0142ni. Je\u015bli chcesz w pe\u0142ni cieszy\u0107 si\u0119 nocnym spektaklem, wybierz odpowiednie miejsce obserwacji. Zadbaj o to, aby nie przeszkadza\u0142o ci sztuczne \u015bwiat\u0142o miasta &#8211; najlepiej wybra\u0107 si\u0119 na \u0142\u0105k\u0119 lub cho\u0107by do ciemnego parku.<\/p>\n<ul data-component-0=\"list-unorder\" class=\"typography ids-typeset-body ids-typeset-body--preset-small list ids-list ids-list--unordered ids-list--size-small \" datatype=\"disc\">\n<li class=\"ids-list-item ids-list-item__content brief-list-item\"><a class=\"ids-undecorated-link link ids-link \" data-spons=\"false\" href=\"https:\/\/geekweek.interia.pl\/kosmos\/news-miedzygwiezdny-przybysz-ma-sklad-chemiczny-z-obcego-swiata,nId,23494048\" rel=\"nofollow noopener\" target=\"_blank\">Mi\u0119dzygwiezdny przybysz ma sk\u0142ad chemiczny z obcego \u015bwiata<\/a><\/li>\n<\/ul>\n<p>Pogodna noc. Dzi\u015b warto spojrze\u0107 w nieboPolsat NewsPolsat News<\/p>\n","protected":false},"excerpt":{"rendered":"1 wrze\u015bnia szykuje si\u0119 pokaz na niebie. Mo\u017cna to zobaczy\u0107 go\u0142ym okiem Jak obserwowa\u0107 r\u00f3j Aurygid\u00f3w? 1 wrze\u015bnia&hellip;\n","protected":false},"author":2,"featured_media":659881,"comment_status":"","ping_status":"","sticky":false,"template":"","format":"standard","meta":{"footnotes":"","_share_on_mastodon":"0"},"categories":[20],"tags":[120,118,119,42,38,40,39,41,116,114,115,121,117],"class_list":["post-659880","post","type-post","status-publish","format-standard","has-post-thumbnail","category-nauka-i-technika","tag-nauka","tag-nauka-i-technika","tag-naukatechnika","tag-pl","tag-poland","tag-polish","tag-polska","tag-polski","tag-science","tag-science-and-technology","tag-sciencetechnology","tag-technika","tag-technology"],"share_on_mastodon":{"url":"https:\/\/pubeurope.com\/@pl\/117195594981188389","error":""},"_links":{"self":[{"href":"https:\/\/www.europesays.com\/pl\/wp-json\/wp\/v2\/posts\/659880","targetHints":{"allow":["GET"]}}],"collection":[{"href":"https:\/\/www.europesays.com\/pl\/wp-json\/wp\/v2\/posts"}],"about":[{"href":"https:\/\/www.europesays.com\/pl\/wp-json\/wp\/v2\/types\/post"}],"author":[{"embeddable":true,"href":"https:\/\/www.europesays.com\/pl\/wp-json\/wp\/v2\/users\/2"}],"replies":[{"embeddable":true,"href":"https:\/\/www.europesays.com\/pl\/wp-json\/wp\/v2\/comments?post=659880"}],"version-history":[{"count":0,"href":"https:\/\/www.europesays.com\/pl\/wp-json\/wp\/v2\/posts\/659880\/revisions"}],"wp:featuredmedia":[{"embeddable":true,"href":"https:\/\/www.europesays.com\/pl\/wp-json\/wp\/v2\/media\/659881"}],"wp:attachment":[{"href":"https:\/\/www.europesays.com\/pl\/wp-json\/wp\/v2\/media?parent=659880"}],"wp:term":[{"taxonomy":"category","embeddable":true,"href":"https:\/\/www.europesays.com\/pl\/wp-json\/wp\/v2\/categories?post=659880"},{"taxonomy":"post_tag","embeddable":true,"href":"https:\/\/www.europesays.com\/pl\/wp-json\/wp\/v2\/tags?post=659880"}],"curies":[{"name":"wp","href":"https:\/\/api.w.org\/{rel}","templated":true}]}}