{"id":659920,"date":"2026-09-01T12:04:17","date_gmt":"2026-09-01T12:04:17","guid":{"rendered":"https:\/\/www.europesays.com\/pl\/659920\/"},"modified":"2026-09-01T12:04:17","modified_gmt":"2026-09-01T12:04:17","slug":"szybkie-ladowanie-iphone-kosztuje-krocie-polska-cena-nowej-ladowarki-apple","status":"publish","type":"post","link":"https:\/\/www.europesays.com\/pl\/659920\/","title":{"rendered":"Szybkie \u0142adowanie iPhone kosztuje krocie. Polska cena nowej \u0142adowarki Apple"},"content":{"rendered":"<p>Sprawd\u017a aktualn\u0105 cen\u0119 nowej \u0142adowarki AppleWraz z <a href=\"https:\/\/www.komputerswiat.pl\/dom\/rozrywka\/premiera-iphonea-17-czyli-sledzimy-nowosci-apple-w-relacji-na-zywo\/bvmpr02\" id=\"59b7b93e-1421-455f-9bfa-216b8a54c2b8\" rel=\"nofollow noopener\" target=\"_blank\">premier\u0105 iPhone&#8217;a 17<\/a> Apple zaprezentowa\u0142o now\u0105 szybk\u0105 \u0142adowark\u0119 \u2013 zasilacz o mocy 40 W z dynamiczn\u0105 regulacj\u0105 mocy do 60 W. W praktyce oznacza to, \u017ce urz\u0105dzenia \u0142adowane s\u0105 z moc\u0105 40 W, a w kr\u00f3tkich okresach mog\u0105 zwi\u0119kszy\u0107 j\u0105 nawet do 60 W. Pocz\u0105tkowo by\u0142 dost\u0119pny jedynie w wybranych krajach, m.in. w USA, Kanadzie, Chinach, Japonii, Meksyku, Tajwanie i Filipinach. Teraz Apple rozszerza sprzeda\u017c na kolejne rynki \u2013 zasilacz jest ju\u017c dost\u0119pny z wtyczk\u0105 Euro przeznaczon\u0105 na kontynent europejski, w tym r\u00f3wnie\u017c w Polsce.<a href=\"https:\/\/www.komputerswiat.pl\/\" title=\"Strona G\u0142\u00f3wna\" aria-label=\"Strona G\u0142\u00f3wna\" data-astro-prefetch=\"tap\" class=\"ods-a-logo-main-desktop\" rel=\"nofollow noopener\" target=\"_blank\"><img src=\"https:\/\/cdn.komputerswiat.pl\/img\/Logo_desktop_Komputer-Swiat.svg\" class=\"ods-a-logo-main-desktop__image\" alt=\"Logo\" width=\"189\" height=\"60\" fetchpriority=\"high\" decoding=\"sync\" style=\"height:60px\"\/><\/a><\/p>\n<p class=\"ods-m-google-article__text\">Czytaj nas cz\u0119\u015bciej w Google<\/p>\n<p><a href=\"https:\/\/google.com\/preferences\/source?q=komputerswiat.pl\" target=\"_blank\" rel=\"noopener noreferrer nofollow\" aria-label=\"Dodaj w Google\" title=\"Dodaj w Google\" class=\"ods-a-button ods-a-button__primary ods-a-button__default ods-a-button-l\">Dodaj w Google<\/a>Nowa wtyczka i wi\u0119ksza moc dzi\u0119ki USB Power Delivery 3.2Nowa wersja korzysta z tzw. wtyczki Euro z dwoma bolcami, kt\u00f3ra dzia\u0142a praktycznie w ca\u0142ej Europie kontynentalnej. To pierwszy zasilacz Apple obs\u0142uguj\u0105cy najnowszy standard szybkiego \u0142adowania USB Power Delivery 3.2 (PD 3.2). Standard ten pozwala dynamicznie regulowa\u0107 napi\u0119cie, by maksymalnie efektywnie przekazywa\u0107 energi\u0119. Wed\u0142ug Apple dzi\u0119ki temu podstawowy <a href=\"https:\/\/www.komputerswiat.pl\/mobile\/smartfony\/apple-iphone-17-niby-podstawowy-a-przelomowy-recenzja-smartfonu\/b4cr27q\" id=\"0edd6bc9-c377-42d5-bb47-a53c6323954a\" rel=\"nofollow noopener\" target=\"_blank\">iPhone 17<\/a> mo\u017cna na\u0142adowa\u0107 do po\u0142owy w zaledwie 20 min. Model <a href=\"https:\/\/www.komputerswiat.pl\/mobile\/smartfony\/iphone-air-w-tescie-dlugodystansowym-cala-prawda-o-smartfonie-apple-i-jego-wartosci\/np3kbe3\" id=\"a1bfe7ed-2a6b-4084-aed5-5efcc295c83b\" rel=\"nofollow noopener\" target=\"_blank\">iPhone Air<\/a> wspiera jedynie starszy standard PD 2.0 \u2013 w jego przypadku osi\u0105gni\u0119cie po\u0142owy na\u0142adowania zajmuje o oko\u0142o dziesi\u0119\u0107 minut wi\u0119cej, mimo mniejszej baterii.<\/p>\n<p>USB Power Delivery to popularny standard szybkiego \u0142adowania. Najnowsza wersja 3.2 wprowadza funkcj\u0119 &#8222;Adjustable Voltage Supply&#8221; (AVS), dzi\u0119ki kt\u00f3rej napi\u0119cie mo\u017cna regulowa\u0107 nie tylko skokowo, lecz p\u0142ynnie. Pozwala to skr\u00f3ci\u0107 czas \u0142adowania i ograniczy\u0107 nagrzewanie si\u0119 urz\u0105dzenia. Apple po raz pierwszy zastosowa\u0142o ten standard w modelu iPhone 17, a odpowiedni zasilacz powsta\u0142 specjalnie z my\u015bl\u0105 o nim. Dzi\u0119ki funkcji &#8222;Dynamic Power&#8221; iPhone i zasilacz nieustannie wymieniaj\u0105 si\u0119 danymi, by optymalnie dobra\u0107 moc \u0142adowania. Efekt? Bateria \u0142aduje si\u0119 szybciej i wydajniej, a jednocze\u015bnie si\u0119 nie przegrzewa.<\/p>\n<p>Pe\u0142na moc \u0142adowania iPhone&#8217;a 17. Polska cena nowej \u0142adowarki Apple<\/p>\n<p>Rok po premierze w USA zasilacz jest w ko\u0144cu dost\u0119pny tak\u017ce w Polsce. Za \u0142adowark\u0119 z jednym portem USB-C bez kabla USB-C na USB-C w zestawie trzeba zap\u0142aci\u0107 u nas 179,99 z\u0142 \u2013 taka cena dost\u0119pna jest na oficjalnej stronie Apple, w Media Expert i na polskim Amazonie.<\/p>\n<p>Cho\u0107 obecnie na rynku mo\u017cna znale\u017a\u0107 kilka zasilaczy zgodnych z PD 3.2, to dla iPhone\u2019a 17 oferuj\u0105 one maksymalnie 40 W mocy. Mo\u017cliwo\u015b\u0107 chwilowego \u0142adowania z moc\u0105 60 W pozostaje na razie zarezerwowana wy\u0142\u0105cznie dla oryginalnego zasilacza Apple.<\/p>\n<p>Ceny innych \u0142adowarek zgodnych z PD 3.2 z moc\u0105 \u0142adowania przynajmniej 40 W s\u0105 du\u017co ta\u0144sze. Sprawd\u017a oferty kilku polecanych modeli w polskich sklepach:<\/p>\n<p class=\"ods-a-content-commerce-disclaimer__text\">W tek\u015bcie i na zdj\u0119ciach znajduj\u0105 si\u0119 linki reklamowe sponsorowane przez Media Expert, Amazon<\/p>\n","protected":false},"excerpt":{"rendered":"Sprawd\u017a aktualn\u0105 cen\u0119 nowej \u0142adowarki AppleWraz z premier\u0105 iPhone&#8217;a 17 Apple zaprezentowa\u0142o now\u0105 szybk\u0105 \u0142adowark\u0119 \u2013 zasilacz o&hellip;\n","protected":false},"author":2,"featured_media":659921,"comment_status":"","ping_status":"","sticky":false,"template":"","format":"standard","meta":{"footnotes":"","_share_on_mastodon":"0"},"categories":[12],"tags":[489,61195,48591,6203,33241,4943,30246,6204,48,46,42,38,40,39,41,47,128409],"class_list":["post-659920","post","type-post","status-publish","format-standard","has-post-thumbnail","category-polska","tag-apple","tag-bottomfeed_styl","tag-gadzety","tag-iphone","tag-ladowanie_baterii","tag-ladowanie","tag-ladowarki","tag-mobile","tag-nat_styl","tag-omp","tag-pl","tag-poland","tag-polish","tag-polska","tag-polski","tag-screening_general","tag-szybkie_ladowanie"],"share_on_mastodon":{"url":"https:\/\/pubeurope.com\/@pl\/117195694007458770","error":""},"_links":{"self":[{"href":"https:\/\/www.europesays.com\/pl\/wp-json\/wp\/v2\/posts\/659920","targetHints":{"allow":["GET"]}}],"collection":[{"href":"https:\/\/www.europesays.com\/pl\/wp-json\/wp\/v2\/posts"}],"about":[{"href":"https:\/\/www.europesays.com\/pl\/wp-json\/wp\/v2\/types\/post"}],"author":[{"embeddable":true,"href":"https:\/\/www.europesays.com\/pl\/wp-json\/wp\/v2\/users\/2"}],"replies":[{"embeddable":true,"href":"https:\/\/www.europesays.com\/pl\/wp-json\/wp\/v2\/comments?post=659920"}],"version-history":[{"count":0,"href":"https:\/\/www.europesays.com\/pl\/wp-json\/wp\/v2\/posts\/659920\/revisions"}],"wp:featuredmedia":[{"embeddable":true,"href":"https:\/\/www.europesays.com\/pl\/wp-json\/wp\/v2\/media\/659921"}],"wp:attachment":[{"href":"https:\/\/www.europesays.com\/pl\/wp-json\/wp\/v2\/media?parent=659920"}],"wp:term":[{"taxonomy":"category","embeddable":true,"href":"https:\/\/www.europesays.com\/pl\/wp-json\/wp\/v2\/categories?post=659920"},{"taxonomy":"post_tag","embeddable":true,"href":"https:\/\/www.europesays.com\/pl\/wp-json\/wp\/v2\/tags?post=659920"}],"curies":[{"name":"wp","href":"https:\/\/api.w.org\/{rel}","templated":true}]}}