{"id":659922,"date":"2026-09-01T12:05:10","date_gmt":"2026-09-01T12:05:10","guid":{"rendered":"https:\/\/www.europesays.com\/pl\/659922\/"},"modified":"2026-09-01T12:05:10","modified_gmt":"2026-09-01T12:05:10","slug":"warszawa-malgorzata-hajewska-krzysztofik-wyrozniona-nagroda-im-ireny-solskiej","status":"publish","type":"post","link":"https:\/\/www.europesays.com\/pl\/659922\/","title":{"rendered":"Warszawa. Ma\u0142gorzata Hajewska-Krzysztofik wyr\u00f3\u017cniona Nagrod\u0105 im. Ireny Solskiej"},"content":{"rendered":"<p>Polska sekcja Mi\u0119dzynarodowego Stowarzyszenia Krytyk\u00f3w Teatralnych (<a href=\"https:\/\/www.aict.art.pl\/slownik\/aict-iact\/\" rel=\"nofollow noopener\" target=\"_blank\">IACT<\/a>\/IATC)\/ Klub Krytyki Teatralnej SDRP przyzna\u0142 Pani Ma\u0142gorzacie Hajewskiej-Krzysztofik Nagrod\u0119 im. Ireny Solskiej 2026 za osi\u0105gni\u0119cia artystyczne i wk\u0142ad w rozw\u00f3j sztuki aktorskiej. Czytam na stronie AICT Polska.<\/p>\n<p>            <a data-lightbox=\"article-gallery\" href=\"https:\/\/e-teatr.pl\/files\/multimedias\/168752\/Wizyta_starszej_pani__4_.jpg\" rel=\"nofollow noopener\" target=\"_blank\">&#13;<br \/>\n        <img loading=\"lazy\" decoding=\"async\" src=\"https:\/\/www.europesays.com\/pl\/wp-content\/uploads\/2026\/09\/thumb_Wizyta_starszej_pani__4_.jpg\" alt=\"\" title=\"Wizyta starszej pani\" width=\"1100\" height=\"733\"\/>      <\/a><\/p>\n<p>fot. mat. Teatru TV<\/p>\n<p>Nagroda im. Ireny Solskiej, przyznawana przez Klub Krytyki Teatralnej\/polsk\u0105 sekcj\u0119 Mi\u0119dzynarodowego Stowarzyszenia Krytyki Teatralnej (IATC\/AICT), zosta\u0142a ustanowiona w roku 2010 z intencj\u0105 honorowania dorobku wybitnych artystek teatralnych. Jej inicjatork\u0105 by\u0142a red. Justyna Hofman-Wi\u015bniewska. Patronka nagrody \u2013 Irena Solska \u2013 nale\u017cy do legend polskiego teatru, jej osi\u0105gni\u0119cia i oddanie sztuce budzi\u0142y podziw i respekt. Odwo\u0142anie si\u0119 do jej osoby podkre\u015bla wysoki pu\u0142ap artystyczny, jaki towarzyszy wyborom laureatek.<\/p>\n<p>Dotychczas otrzyma\u0142y Nagrod\u0119 im Ireny Solskiej w kolejnych latach: Danuta Szaflarska, Nina\u00a0<a href=\"https:\/\/www.aict.art.pl\/slownik\/andrycz-nina\/\" rel=\"nofollow noopener\" target=\"_blank\">Andrycz<\/a>, Emilia Krakowska, Anna Lutos\u0142awska, Halina \u0141abonarska. Anna Seniuk, Gra\u017cyna Barszczewska, Ewa Wi\u015bniewska, Dorota Kolak, Danuta Stenka, Teresa Budzisz-Krzy\u017canowska, Irena Jun, Stanis\u0142awa Celi\u0144ska, Anna Polony, a w roku ubieg\u0142ym Katarzyna Figura,<\/p>\n<p>Wr\u0119czenie Nagrody zawsze ma uroczysty, unikatowy\u00a0<a href=\"https:\/\/www.aict.art.pl\/slownik\/charakter\/\" rel=\"nofollow noopener\" target=\"_blank\">charakter<\/a>. Po wr\u0119czeniu dyplomu odbywa si\u0119 rozmowa z Laureatk\u0105.<\/p>\n<p>O terminie i miejscu wr\u0119czenia nagrody poinformujemy.<\/p>\n<p>Zarz\u0105d polskiej sekcji\u00a0<a href=\"https:\/\/www.aict.art.pl\/slownik\/aict-iact\/\" rel=\"nofollow noopener\" target=\"_blank\">AICT<\/a>\/IATC<\/p>\n","protected":false},"excerpt":{"rendered":"Polska sekcja Mi\u0119dzynarodowego Stowarzyszenia Krytyk\u00f3w Teatralnych (IACT\/IATC)\/ Klub Krytyki Teatralnej SDRP przyzna\u0142 Pani Ma\u0142gorzacie Hajewskiej-Krzysztofik Nagrod\u0119 im. Ireny&hellip;\n","protected":false},"author":2,"featured_media":659923,"comment_status":"","ping_status":"","sticky":false,"template":"","format":"standard","meta":{"footnotes":"","_share_on_mastodon":"0"},"categories":[51605],"tags":[2434,8588,6588,17490,16331,51630,42,38,40,39,41,649,650,11541,51629,8815,51631,8767,51628,800,8816,435],"class_list":["post-659922","post","type-post","status-publish","format-standard","has-post-thumbnail","category-warszawa","tag-aktor","tag-aktorzy","tag-festiwal","tag-festiwale","tag-kariera","tag-kariery","tag-pl","tag-poland","tag-polish","tag-polska","tag-polski","tag-premiera","tag-premiery","tag-realizacja","tag-realizacje","tag-repertuar","tag-ruch-teatralny","tag-sztuka","tag-sztuki","tag-teatr","tag-teatry","tag-warszawa"],"share_on_mastodon":{"url":"https:\/\/pubeurope.com\/@pl\/117195697683778345","error":""},"_links":{"self":[{"href":"https:\/\/www.europesays.com\/pl\/wp-json\/wp\/v2\/posts\/659922","targetHints":{"allow":["GET"]}}],"collection":[{"href":"https:\/\/www.europesays.com\/pl\/wp-json\/wp\/v2\/posts"}],"about":[{"href":"https:\/\/www.europesays.com\/pl\/wp-json\/wp\/v2\/types\/post"}],"author":[{"embeddable":true,"href":"https:\/\/www.europesays.com\/pl\/wp-json\/wp\/v2\/users\/2"}],"replies":[{"embeddable":true,"href":"https:\/\/www.europesays.com\/pl\/wp-json\/wp\/v2\/comments?post=659922"}],"version-history":[{"count":0,"href":"https:\/\/www.europesays.com\/pl\/wp-json\/wp\/v2\/posts\/659922\/revisions"}],"wp:featuredmedia":[{"embeddable":true,"href":"https:\/\/www.europesays.com\/pl\/wp-json\/wp\/v2\/media\/659923"}],"wp:attachment":[{"href":"https:\/\/www.europesays.com\/pl\/wp-json\/wp\/v2\/media?parent=659922"}],"wp:term":[{"taxonomy":"category","embeddable":true,"href":"https:\/\/www.europesays.com\/pl\/wp-json\/wp\/v2\/categories?post=659922"},{"taxonomy":"post_tag","embeddable":true,"href":"https:\/\/www.europesays.com\/pl\/wp-json\/wp\/v2\/tags?post=659922"}],"curies":[{"name":"wp","href":"https:\/\/api.w.org\/{rel}","templated":true}]}}