{"id":659930,"date":"2026-09-01T12:09:13","date_gmt":"2026-09-01T12:09:13","guid":{"rendered":"https:\/\/www.europesays.com\/pl\/659930\/"},"modified":"2026-09-01T12:09:13","modified_gmt":"2026-09-01T12:09:13","slug":"iphone-18-pro-i-18-pro-max-prawdopodobne-ceny-w-polsce","status":"publish","type":"post","link":"https:\/\/www.europesays.com\/pl\/659930\/","title":{"rendered":"iPhone 18 Pro i 18 Pro Max &#8211; prawdopodobne ceny w Polsce"},"content":{"rendered":"<p>Premiera iPhone\u2019a 18 Pro i 18 Pro Max\u00a0<a href=\"https:\/\/thinkapple.pl\/2026\/08\/25\/apple-kiedy-iphone-18-pro-max-skladany-iphone-ultra-data-premiery\/\" rel=\"nofollow noopener\" target=\"_blank\">odb\u0119dzie si\u0119 ju\u017c zw przysz\u0142\u0105 \u015brod\u0119<\/a>. Nie ma w\u0105tpliwo\u015bci, \u017ce ceny nowych flagowc\u00f3w Apple b\u0119d\u0105 wy\u017csze ni\u017c obecnych modeli. Z nowego przecieku dowiadujemy si\u0119, o ile najprawdopodobniej wzro\u015bnie cena w Stanach Zjednoczonych. Na tej podstawie mo\u017cemy \u0142atwo obliczy\u0107, ile iPhone 18 Pro i 18 Pro Max bed\u0105 kosztowa\u0142y w Polsce.<\/p>\n<p>iPhone 18 Pro i 18 Pro Max \u2013 cena<\/p>\n<p>Jak podaje Mark Gurman w swoim <a href=\"https:\/\/www.bloomberg.com\/news\/newsletters\/2026-08-23\/apple-s-foldable-iphone-details-retail-store-changes-for-new-home-products-mt5vjf61\" rel=\"nofollow noopener\" target=\"_blank\">najnowszym raporcie dla Bloomberga<\/a>, Apple przygotowuje si\u0119 podniesienia cen iPhone\u2019\u00f3w, podobnie jak kilka tygodni temu podnios\u0142o ceny wielu innych produkt\u00f3w, przede wszystkim Mac\u00f3w i iPad\u00f3w.<\/p>\n<p>Dro\u017csze od obecnych modeli b\u0119d\u0105 iPhone 18 Pro i 18 Pro Max, ale wzrosn\u0105 te\u017c ceny pozosta\u0142ych iPhone\u2019\u00f3w, kt\u00f3re s\u0105 w ofercie Apple.<\/p>\n<p>O ile maj\u0105 podro\u017ce\u0107 flagowce z serii \u201cPro\u201d? Gurman pisze, \u017ce Apple \u201cuwa\u017cnie przygl\u0105da si\u0119, jak na wzrosty cen no\u015bnik\u00f3w pami\u0119ci reaguj\u0105 Samsung i Google\u201d. Obaj producenci podnie\u015bli ceny swoich topowych smartfon\u00f3w o 100 dolar\u00f3w. Dziennikarz sugeruje, \u017ce o tak\u0105 sam\u0105 kwot\u0119 ceny swoich telefon\u00f3w podniesie Apple.<\/p>\n<p>Ceny iPhone\u2019a 18 Pro w Stanach Zjednoczonych mia\u0142by si\u0119 zaczyna\u0107 od 1199 dol., a iPhone\u2019a 18 Pro Max od 1299 dol.<\/p>\n<p>iPhone 18 Pro i 18 Pro Max \u2013 cena w Polsce<\/p>\n<p>Je\u015bli ceny iPhone\u2019\u00f3w wzrosn\u0105 w USA o 100 dol., w Polsce nowe modele b\u0119d\u0105 dro\u017csze od poprzednik\u00f3w o 500 z\u0142 (je\u015bli we\u017amiemy pod uwag\u0119 przelicznik USD\/PLN stosowany obecnie przez Apple).<\/p>\n<p>Polskie ceny iPhone\u2019a 18 Pro i 18 Pro Max wygl\u0105da\u0142by wi\u0119c nast\u0119puj\u0105co:<\/p>\n<p>iPhone 18 Pro\u00a0<\/p>\n<ul>\n<li>256 GB: 6299 z\u0142<\/li>\n<li>512 GB: 7299 z\u0142<\/li>\n<li>1 TB: 8299 z\u0142<\/li>\n<\/ul>\n<p>iPhone 18 Pro Max<\/p>\n<ul>\n<li>256 GB: 6799 z\u0142<\/li>\n<li>512 GB: 7799 z\u0142<\/li>\n<li>1 TB: 8799 z\u0142<\/li>\n<li>2 TB: 10799 z\u0142<\/li>\n<\/ul>\n<p>Czy mo\u017ce by\u0107 jeszcze dro\u017cej?<\/p>\n<p>W zgodnej opinii analityk\u00f3w rynku smartfon\u00f3w, je\u015bli ceny nowych iPhone\u2019\u00f3w mia\u0142yby realnie odzwierciedla\u0107 wzrosty cen komponent\u00f3w, Apple musia\u0142oby podnie\u015b\u0107 ceny swoich smartfon\u00f3w o 200 \u2013 300 dolar\u00f3w.<\/p>\n<p>Wed\u0142ug informator\u00f3w Bloomebrga, Apple \u201cwe\u017amie cz\u0119\u015b\u0107 koszt\u00f3w na siebie\u201d i najprawdopodobniej podniesie ceny jedynie o 100 dol., ale \u2013 jak podkre\u015bla Mark Gurman \u2013 ostatecznie nie mo\u017cna wykluczy\u0107, \u017ce wzrosty b\u0119d\u0105 wi\u0119ksze.<\/p>\n<p>Jaka cena iPhone\u2019a Ultra?<\/p>\n<p>Dotychczasowe przecieki m\u00f3wi\u0142y o cenie iPhone\u2019a Ultra w granicach 2-2,5 tys. dolar\u00f3w. Jednak rosn\u0105ce koszty komponent\u00f3w, zw\u0142aszcza no\u015bnik\u00f3w pami\u0119ci, mog\u0105 wywindowa\u0107 cen\u0119 pierwszego sk\u0142adanego iPhone\u2019a jeszcze wy\u017cej, nawet w granice 2700 dolar\u00f3w.<\/p>\n<p>W Polsce powinni\u015bmy spodziewa\u0107 si\u0119 ceny w granicach 10-15 tys. z\u0142, ale raczej bli\u017cej tej g\u00f3rnej granicy.<\/p>\n<p><a href=\"https:\/\/lantre.pl\/hot-deals?utm_source=thinkapple&amp;utm_medium=banner&amp;utm_campaign=ID0306202609\" target=\"_blank\" rel=\"nofollow noopener\"><\/p>\n<p>Ruszy\u0142a kolejna edycja LANTRE DAYS!<\/p>\n<p><\/a><a class=\"size-desktop\" href=\"https:\/\/lantre.pl\/hot-deals?utm_source=thinkapple&amp;utm_medium=banner&amp;utm_campaign=ID0306202609\" target=\"_blank\" rel=\"nofollow noopener\"><img decoding=\"async\" src=\"https:\/\/www.europesays.com\/pl\/wp-content\/uploads\/2026\/09\/800x400-thinkapple-Lantre-Days-22-08-2026.jpg\" \/><\/a><\/p>\n<p>iPhone 18 Pro i 18 Pro Max \u2013 prawdopodobne ceny w Polsce was last modified:  wrzesie\u0144 1st, 2026 by Tomek Czech<\/p>\n","protected":false},"excerpt":{"rendered":"Premiera iPhone\u2019a 18 Pro i 18 Pro Max\u00a0odb\u0119dzie si\u0119 ju\u017c zw przysz\u0142\u0105 \u015brod\u0119. Nie ma w\u0105tpliwo\u015bci, \u017ce ceny&hellip;\n","protected":false},"author":2,"featured_media":659931,"comment_status":"","ping_status":"","sticky":false,"template":"","format":"standard","meta":{"footnotes":"","_share_on_mastodon":"0"},"categories":[20],"tags":[11869,15044,48823,11871,40698,82686,128411,128412,82688,11872,40699,128413,82690,128414,128415,39689,120,118,119,42,38,40,39,41,116,114,115,121,117],"class_list":["post-659930","post","type-post","status-publish","format-standard","has-post-thumbnail","category-nauka-i-technika","tag-iphone-18","tag-iphone-18-kiedy","tag-iphone-18-kiedy-w-polsce","tag-iphone-18-pro","tag-iphone-18-pro-cena","tag-iphone-18-pro-cena-w-polsce","tag-iphone-18-pro-ile-bedzie-kosztowal","tag-iphone-18-pro-jaka-cena","tag-iphone-18-pro-kiedy-premiera","tag-iphone-18-pro-max","tag-iphone-18-pro-max-cena","tag-iphone-18-pro-max-cena-w-polsce","tag-iphone-18-pro-max-data-premiery","tag-iphone-18-pro-max-ile-bedzie-kosztowal","tag-iphone-18-pro-max-jaka-cena","tag-iphone-18-pro-max-kiedy-premiera","tag-nauka","tag-nauka-i-technika","tag-naukatechnika","tag-pl","tag-poland","tag-polish","tag-polska","tag-polski","tag-science","tag-science-and-technology","tag-sciencetechnology","tag-technika","tag-technology"],"share_on_mastodon":{"url":"","error":""},"_links":{"self":[{"href":"https:\/\/www.europesays.com\/pl\/wp-json\/wp\/v2\/posts\/659930","targetHints":{"allow":["GET"]}}],"collection":[{"href":"https:\/\/www.europesays.com\/pl\/wp-json\/wp\/v2\/posts"}],"about":[{"href":"https:\/\/www.europesays.com\/pl\/wp-json\/wp\/v2\/types\/post"}],"author":[{"embeddable":true,"href":"https:\/\/www.europesays.com\/pl\/wp-json\/wp\/v2\/users\/2"}],"replies":[{"embeddable":true,"href":"https:\/\/www.europesays.com\/pl\/wp-json\/wp\/v2\/comments?post=659930"}],"version-history":[{"count":0,"href":"https:\/\/www.europesays.com\/pl\/wp-json\/wp\/v2\/posts\/659930\/revisions"}],"wp:featuredmedia":[{"embeddable":true,"href":"https:\/\/www.europesays.com\/pl\/wp-json\/wp\/v2\/media\/659931"}],"wp:attachment":[{"href":"https:\/\/www.europesays.com\/pl\/wp-json\/wp\/v2\/media?parent=659930"}],"wp:term":[{"taxonomy":"category","embeddable":true,"href":"https:\/\/www.europesays.com\/pl\/wp-json\/wp\/v2\/categories?post=659930"},{"taxonomy":"post_tag","embeddable":true,"href":"https:\/\/www.europesays.com\/pl\/wp-json\/wp\/v2\/tags?post=659930"}],"curies":[{"name":"wp","href":"https:\/\/api.w.org\/{rel}","templated":true}]}}