{"id":659978,"date":"2026-09-01T12:37:15","date_gmt":"2026-09-01T12:37:15","guid":{"rendered":"https:\/\/www.europesays.com\/pl\/659978\/"},"modified":"2026-09-01T12:37:15","modified_gmt":"2026-09-01T12:37:15","slug":"szalenstwo-przed-zacmieniem-slonca-za-jedna-noc-chca-ponad-33-tys-euro","status":"publish","type":"post","link":"https:\/\/www.europesays.com\/pl\/659978\/","title":{"rendered":"Szale\u0144stwo przed za\u0107mieniem S\u0142o\u0144ca. Za jedn\u0105 noc chc\u0105 ponad 33 tys. euro"},"content":{"rendered":"<p>Za\u0107mienie S\u0142o\u0144ca z 12 sierpnia 2026 roku mocno o\u017cywi\u0142o turystyk\u0119 w Hiszpanii. Wed\u0142ug danych bran\u017cowych wydatki turyst\u00f3w na obszarach wiejskich wzros\u0142y \u015brednio o 25,7 proc., a w Le\u00f3n, Palencii i Sorii ob\u0142o\u017cenie nocleg\u00f3w si\u0119gn\u0119\u0142o 100 proc. Obecne zainteresowanie rezerwacjami wskazuje, \u017ce w przysz\u0142ym roku mo\u017ce by\u0107 podobnie.<\/p>\n<p>Gdzie b\u0119dzie mo\u017cna zobaczy\u0107 za\u0107mienie w 2027 roku?<\/p>\n<p>Ca\u0142kowite za\u0107mienie S\u0142o\u0144ca 2 sierpnia 2027 roku b\u0119dzie widoczne mi\u0119dzy innymi w Hiszpanii, Afryce P\u00f3\u0142nocnej, Arabii Saudyjskiej i Jemenie. W Europie najlepiej b\u0119dzie mo\u017cna je obserwowa\u0107 na po\u0142udniu Hiszpanii.<\/p>\n<p>\u00a0<\/p>\n<p>Przyk\u0142adowo, w Marbelli faza ca\u0142kowita potrwa oko\u0142o 3 minut i 21 sekund, w Kadyksie oko\u0142o 2 minut i 56 sekund, a na Gibraltarze oko\u0142o 4 minut i 28 sekund. D\u0142u\u017cej b\u0119dzie mo\u017cna j\u0105 obserwowa\u0107 w Tarifie i Ceucie. Tam Ksi\u0119\u017cyc ca\u0142kowicie zas\u0142oni tarcz\u0119 S\u0142o\u0144ca odpowiednio na 4 minuty i 38 sekund oraz 4 minuty i 48 sekund.<\/p>\n<p>\u00a0<\/p>\n<p>W Tangerze w Maroku faza ca\u0142kowita b\u0119dzie trwa\u0107 oko\u0142o 4 minut i 51 sekund. Jeszcze d\u0142u\u017cej zjawisko b\u0119dzie widoczne w Egipcie. W oazie Siwa ca\u0142kowite za\u0107mienie potrwa oko\u0142o 5 minut i 31 sekund, w Asjut oko\u0142o 6 minut i 8 sekund, a w Luksorze oko\u0142o 6 minut i 22 sekund. Maksymalnie faza ca\u0142kowita osi\u0105gnie 6 minut i 23 sekundy.<\/p>\n<p>\u00a0<\/p>\n<p>ZOBACZ: <a href=\"https:\/\/www.polsatnews.pl\/ciekawostki\/2026-08-22\/zacmienie-slonca-dziesiatki-osob-w-szpitalu-z-uszkodzeniem-wzroku-we-wloszech-i-niemczech\/\" rel=\"nofollow noopener\" target=\"_blank\">Dziesi\u0105tki os\u00f3b z uszkodzeniem wzroku. To konsekwencja za\u0107mienia S\u0142o\u0144ca<\/a><\/p>\n<p>Za\u0107mienie S\u0142o\u0144ca, za kt\u00f3re trzeba b\u0119dzie s\u0142ono zap\u0142aci\u0107<\/p>\n<p>Nic wi\u0119c dziwnego, \u017ce miejscowo\u015bci po\u0142o\u017cone na trasie za\u0107mienia ju\u017c przyci\u0105gaj\u0105 turyst\u00f3w. Rezerwacji przybywa, a wraz z popytem rosn\u0105 te\u017c ceny nocleg\u00f3w.\u00a0<\/p>\n<p>\u00a0<\/p>\n<p>Jak podaje Euronews, w El Palmar willa dla sze\u015bciu os\u00f3b, po\u0142o\u017cona oko\u0142o 600 metr\u00f3w od pla\u017cy, kosztuje 33 129 euro za noc (143,8 tys. z\u0142). To oko\u0142o 5522 euro na osob\u0119 (24 tys. z\u0142). Rezerwacji przybywa m.in. w Kadyksie, Maladze, Grenadzie i Almer\u00edi. <\/p>\n<p>\u00a0<\/p>\n<p>Drogo jest r\u00f3wnie\u017c w Tarifie. W jednym z wyszukiwa\u0144 nocleg\u00f3w na noc z 1 na 2 sierpnia pojawi\u0142y si\u0119 oferty za 13 260 (57,5 tys. z\u0142), 12 500 (54,2 tys. z\u0142) i 11 090 euro (48 tys. z\u0142). Zainteresowanie jest na tyle du\u017ce, \u017ce cz\u0119\u015b\u0107 hoteli w Kadyksie czasowo wstrzyma\u0142a przyjmowanie rezerwacji na sierpie\u0144 2027 roku z powodu liczby zapyta\u0144.<\/p>\n<p>\u00a0<\/p>\n<p>ZOBACZ: <a href=\"https:\/\/www.polsatnews.pl\/ciekawostki\/2026-08-29\/to-bedzie-najdluzsze-calkowite-zacmienie-slonca-w-historii-ziemie-spowije-mrok\/\" target=\"_blank\" rel=\"noopener noreferrer nofollow\">To b\u0119dzie najd\u0142u\u017csze ca\u0142kowite za\u0107mienie S\u0142o\u0144ca w historii. Ziemi\u0119 spowije mrok<\/a><\/p>\n<p>\u00a0<\/p>\n<p>Wzrasta te\u017c popyt na rezerwacje lotnicze w tym okresie. W Afryce P\u00f3\u0142nocnej rezerwacje do Tunezji, w tym Enfidhy i Djerby, wzros\u0142y o 189 proc. Coraz wi\u0119kszym zainteresowaniem ciesz\u0105 si\u0119 tak\u017ce Rabat i Marrakesz w Maroku, gdzie liczba rezerwacji zwi\u0119kszy\u0142a si\u0119 o 27 proc., poda\u0142 easyJet w komunikacie prasowym.<\/p>\n<p>\u00a0<\/p>\n<p>Tury\u015bci planuj\u0105 wyjazdy z du\u017cym wyprzedzeniem. Wed\u0142ug Ruralidays w\u015br\u00f3d os\u00f3b rezerwuj\u0105cych noclegi na pocz\u0105tek sierpnia 2027 roku najwi\u0119cej jest Brytyjczyk\u00f3w, odpowiadaj\u0105 za 27 proc. rezerwacji. Niemcy stanowi\u0105 18 proc., a Hiszpanie 13 proc. W El Gastor w prowincji Kadyks zarezerwowanych jest ju\u017c 22 proc. obiekt\u00f3w dost\u0119pnych na platformie.<\/p>\n<p>&#13;<br \/>\n                    \t\t\t\t\t\t\t\t\t\t\t\t\tred.&#13;<br \/>\n\t\t\t\t\/\t\t\t\t\t\tpolsatnews.pl&#13;<br \/>\n\t\t\t\t\t&#13;\n                \t<\/p>\n<p>                <a class=\"news__read-more-button\" href=\"https:\/\/www.polsatnews.pl\/\" rel=\"nofollow noopener\" target=\"_blank\">Czytaj wi\u0119cej<\/a><\/p>\n","protected":false},"excerpt":{"rendered":"Za\u0107mienie S\u0142o\u0144ca z 12 sierpnia 2026 roku mocno o\u017cywi\u0142o turystyk\u0119 w Hiszpanii. Wed\u0142ug danych bran\u017cowych wydatki turyst\u00f3w na&hellip;\n","protected":false},"author":2,"featured_media":659979,"comment_status":"","ping_status":"","sticky":false,"template":"","format":"standard","meta":{"footnotes":"","_share_on_mastodon":"0"},"categories":[20],"tags":[120,118,119,42,38,40,39,41,116,114,115,121,117],"class_list":["post-659978","post","type-post","status-publish","format-standard","has-post-thumbnail","category-nauka-i-technika","tag-nauka","tag-nauka-i-technika","tag-naukatechnika","tag-pl","tag-poland","tag-polish","tag-polska","tag-polski","tag-science","tag-science-and-technology","tag-sciencetechnology","tag-technika","tag-technology"],"share_on_mastodon":{"url":"","error":""},"_links":{"self":[{"href":"https:\/\/www.europesays.com\/pl\/wp-json\/wp\/v2\/posts\/659978","targetHints":{"allow":["GET"]}}],"collection":[{"href":"https:\/\/www.europesays.com\/pl\/wp-json\/wp\/v2\/posts"}],"about":[{"href":"https:\/\/www.europesays.com\/pl\/wp-json\/wp\/v2\/types\/post"}],"author":[{"embeddable":true,"href":"https:\/\/www.europesays.com\/pl\/wp-json\/wp\/v2\/users\/2"}],"replies":[{"embeddable":true,"href":"https:\/\/www.europesays.com\/pl\/wp-json\/wp\/v2\/comments?post=659978"}],"version-history":[{"count":0,"href":"https:\/\/www.europesays.com\/pl\/wp-json\/wp\/v2\/posts\/659978\/revisions"}],"wp:featuredmedia":[{"embeddable":true,"href":"https:\/\/www.europesays.com\/pl\/wp-json\/wp\/v2\/media\/659979"}],"wp:attachment":[{"href":"https:\/\/www.europesays.com\/pl\/wp-json\/wp\/v2\/media?parent=659978"}],"wp:term":[{"taxonomy":"category","embeddable":true,"href":"https:\/\/www.europesays.com\/pl\/wp-json\/wp\/v2\/categories?post=659978"},{"taxonomy":"post_tag","embeddable":true,"href":"https:\/\/www.europesays.com\/pl\/wp-json\/wp\/v2\/tags?post=659978"}],"curies":[{"name":"wp","href":"https:\/\/api.w.org\/{rel}","templated":true}]}}