{"id":660068,"date":"2026-09-01T13:28:14","date_gmt":"2026-09-01T13:28:14","guid":{"rendered":"https:\/\/www.europesays.com\/pl\/660068\/"},"modified":"2026-09-01T13:28:14","modified_gmt":"2026-09-01T13:28:14","slug":"warszawa-podsumowuje-remonty-torow-i-zapowiada-kolejne","status":"publish","type":"post","link":"https:\/\/www.europesays.com\/pl\/660068\/","title":{"rendered":"Warszawa podsumowuje remonty tor\u00f3w i zapowiada kolejne"},"content":{"rendered":"<p>Ko\u0144cz\u0105 si\u0119 wakacje, a wraz z nimi najwi\u0119ksze prace na warszawskich drogach i torach. Dzi\u015b, tj. w poniedzia\u0142ek, 31 sierpnia, tramwaje wr\u00f3ci\u0142y na Most Poniatowskiego, p\u0119tl\u0119 Winnica i w\u0119ze\u0142 przy Feminie. Drogowcy sko\u0144czyli asfaltowanie ulicy Zakole, u\u0142o\u017cyli now\u0105 nawierzchni\u0119 na kolejnym odcinku Gr\u00f3jeckiej oraz Wis\u0142ostrady. Cz\u0119\u015b\u0107 remont\u00f3w b\u0119dzie kontynuowana jesieni\u0105. <\/p>\n<p>Wakacje to tradycyjnie czas najintensywniejszych prac remontowych. Wiele os\u00f3b wyje\u017cd\u017ca i ruch na ulicach jest wyra\u017anie mniejszy. Dzi\u0119ki temu remonty i objazdy nie powoduj\u0105 tak du\u017cych utrudnie\u0144. Nowy asfalt jest mi\u0119dzy innymi na Egejskiej, Po\u0142czy\u0144skiej (mi\u0119dzy Lazurow\u0105 a Gierdziejewskiego) czy w Alejach Jerozolimskich (od Placu Zawiszy do Grzyma\u0142y \u201eSoko\u0142owskiego\u201d). W miniony weekend zako\u0144czy\u0142y si\u0119 remonty na Krajewskiego i Zaj\u0105czka, asfaltowanie przy Feminie, a tak\u017ce uk\u0142adanie nowej nawierzchni na biela\u0144skim odcinku Wis\u0142ostrady.<\/p>\n<p>Ciep\u0142ownicy, kt\u00f3rzy pracuj\u0105 na ul. Leszno zapowiadaj\u0105, \u017ce otworz\u0105 jezdni\u0119 w sobot\u0119, 5 wrze\u015bnia. Do po\u0142owy wrze\u015bnia drogowcy planuj\u0105 otworzy\u0107 przejazd wyremontowan\u0105 \u015arodkow\u0105.<\/p>\n<p>Sko\u0144czy\u0142y si\u0119 te\u017c najwi\u0119ksze utrudnienia drogowe w Alei Niepodleg\u0142o\u015bci przy Filtrowej zwi\u0105zane z przebudow\u0105 ciep\u0142oci\u0105gu: kierowcy w kierunku Mokotowa je\u017cd\u017c\u0105 swoj\u0105 jezdni\u0105 \u2013 tramwaje wr\u00f3c\u0105 w Aleje Niepodleg\u0142o\u015bci za dwa tygodnie. W miejscu prac przy odtwarzaniu torowiska jezdnie pozostaj\u0105 zw\u0119\u017cone.<\/p>\n<p>Tramwaje wr\u00f3ci\u0142y na wyremontowane torowiska<br \/>Ekipy Tramwaj\u00f3w Warszawskich r\u00f3wnie\u017c sko\u0144czy\u0142y wiele wakacyjnych remont\u00f3w. Tramwaje je\u017cd\u017c\u0105 ju\u017c:<\/p>\n<p>Gr\u00f3jeck\u0105, od Placu Zawiszy do Placu Narutowicza;Alejami Jerozolimskimi i Mostem Poniatowskiego, od Placu Starynkiewicza do Ronda Waszyngtona (bez zatrzymania na przystanku Most Poniatowskiego); \u015awiatowida, od Nowodwor\u00f3w do p\u0119tli Winnica;przez skrzy\u017cowanie przy Feminie \u2013 we wszystkich kierunkach.W Alei \u201eSolidarno\u015bci\u201d b\u0119d\u0105 zamkni\u0119te jeszcze pasy jezdni przy torowisku.<\/p>\n<p>Niekt\u00f3re remonty b\u0119d\u0105 jeszcze we wrze\u015bniu<br \/>Chocia\u017c sko\u0144czy\u0142y si\u0119 najbardziej uci\u0105\u017cliwe remonty nie oznacza to jednak ko\u0144ca wszystkich rob\u00f3t. W kolejnych tygodniach drogowcy b\u0119d\u0105 ko\u0144czyli mi\u0119dzy innymi remonty na:<\/p>\n<p>Koszykowej, od Lindleya do Alei Niepodleg\u0142o\u015bci;Alei Sztandar\u00f3w, od Czwartak\u00f3w do Alei Chru\u015bciela \u201eMontera\u201d;Szaser\u00f3w, od Ch\u0142opickiego do Makowskiej;Rondzie Wiatraczna.<br \/>W planach na wrzesie\u0144 s\u0105 te\u017c kolejne frezowania ulic. Drogowcy wr\u00f3c\u0105 jeszcze na Wis\u0142ostrad\u0119: zaplanowali asfaltowanie jezdni w kierunku Gda\u0144ska \u2013 od tunelu do Grodzkiej i od Trasy Armii Krajowej do Pergamin\u00f3w. Now\u0105 nawierzchni\u0119 u\u0142o\u017c\u0105 te\u017c na ulicy Ko\u015bciuszki \u2013 od Dzieci Warszawy do Spisaka, Madali\u0144skiego \u2013 od Alei Niepodleg\u0142o\u015bci do Pu\u0142awskiej oraz w Alei Stan\u00f3w Zjednoczonych \u2013 od Ronda Wiatraczna do Grenadier\u00f3w.<\/p>\n<p>W drugiej po\u0142owie wrze\u015bnia zako\u0144cz\u0105 si\u0119 prace ciep\u0142ownik\u00f3w na Powsi\u0144skiej. Z kolei wodoci\u0105gowcy b\u0119d\u0105 kontynuowali roboty na Przycz\u00f3\u0142kowej. Plac budowy b\u0119dzie przesuwa\u0142 si\u0119 od Ptysiowej w stron\u0119 Waflowej. Roboty mog\u0105 tu jeszcze potrwa\u0107 do pa\u017adziernika.<br \/>Ko\u0144czy si\u0119 tak\u017ce remont balustrad i gzyms\u00f3w Mostu Gda\u0144skiego przy jezdni w stron\u0119 \u015ar\u00f3dmie\u015bcia. Do p\u00f3\u017anej jesieni potrwaj\u0105 jeszcze prace na ci\u0105gu pieszo-rowerowym Mostu Siekierkowskiego, przy jezdni w stron\u0119 Mokotowa. Prace na obu mostach b\u0119d\u0105 kontynuowane w przysz\u0142ym roku.<\/p>\n<p>Jesienne prace na torach<br \/>Tramwajarze na pocz\u0105tku wrze\u015bnia przebuduj\u0105 rozjazdy na Kaw\u0119czy\u0144skiej. Od dzi\u015b przez trzy tygodnie tramwaje nie doje\u017cd\u017caj\u0105 do p\u0119tli przy praskiej bazylice. W trzecim tygodniu wrze\u015bnia sko\u0144czy si\u0119 tak\u017ce remont tor\u00f3w w Alei Niepodleg\u0142o\u015bci.<br \/>Zgodnie z harmonogramem nieco d\u0142u\u017cej, bo do listopada, potrwaj\u0105 roboty torowe na Pu\u0142awskiej, od Metra Wilanowska do p\u0119tli Wy\u015bcigi, ale ju\u017c w niedziel\u0119, 6 wrze\u015bnia zako\u0144cz\u0105 si\u0119 prace na przeje\u017adzie przez tory przy Alei Wilanowskiej.<\/p>\n<p>Gdzie sprawdzi\u0107 informacje o zmianach w ruchu i kursowaniu WTP?<\/p>\n<p>Aktualne informacje o zmianach w organizacji ruchu i objazdach mo\u017cna znale\u017a\u0107 w miejskim serwisie infoulice.um.warszawa.pl.Szczeg\u00f3\u0142owe informacje o zmianach w rozk\u0142adach jazdy komunikacji miejskiej mo\u017cna znale\u017a\u0107 na stronie Warszawskiego Transportu Publicznego.<\/p>\n","protected":false},"excerpt":{"rendered":"Ko\u0144cz\u0105 si\u0119 wakacje, a wraz z nimi najwi\u0119ksze prace na warszawskich drogach i torach. Dzi\u015b, tj. w poniedzia\u0142ek,&hellip;\n","protected":false},"author":2,"featured_media":660069,"comment_status":"","ping_status":"","sticky":false,"template":"","format":"standard","meta":{"footnotes":"","_share_on_mastodon":"0"},"categories":[51605],"tags":[7648,7650,2624,88100,7651,2995,7649,7653,2801,42,38,40,39,41,6228,7647,3813,7646,7652,66414,56758,13188,435],"class_list":["post-660068","post","type-post","status-publish","format-standard","has-post-thumbnail","category-warszawa","tag-autostrada","tag-cieplownictwo","tag-energetyka","tag-komunikacja-miejska-w-warszawie","tag-linie-kolejowe","tag-lotnisko","tag-obwodnica","tag-operatorzy","tag-pkp-plk","tag-pl","tag-poland","tag-polish","tag-polska","tag-polski","tag-porty","tag-porty-lotnicze","tag-remont","tag-stocznie","tag-telekomunikacja","tag-tramwaje-w-warszawie","tag-tramwaje-warszawskie","tag-um-warszawa","tag-warszawa"],"share_on_mastodon":{"url":"https:\/\/pubeurope.com\/@pl\/117196023671032612","error":""},"_links":{"self":[{"href":"https:\/\/www.europesays.com\/pl\/wp-json\/wp\/v2\/posts\/660068","targetHints":{"allow":["GET"]}}],"collection":[{"href":"https:\/\/www.europesays.com\/pl\/wp-json\/wp\/v2\/posts"}],"about":[{"href":"https:\/\/www.europesays.com\/pl\/wp-json\/wp\/v2\/types\/post"}],"author":[{"embeddable":true,"href":"https:\/\/www.europesays.com\/pl\/wp-json\/wp\/v2\/users\/2"}],"replies":[{"embeddable":true,"href":"https:\/\/www.europesays.com\/pl\/wp-json\/wp\/v2\/comments?post=660068"}],"version-history":[{"count":0,"href":"https:\/\/www.europesays.com\/pl\/wp-json\/wp\/v2\/posts\/660068\/revisions"}],"wp:featuredmedia":[{"embeddable":true,"href":"https:\/\/www.europesays.com\/pl\/wp-json\/wp\/v2\/media\/660069"}],"wp:attachment":[{"href":"https:\/\/www.europesays.com\/pl\/wp-json\/wp\/v2\/media?parent=660068"}],"wp:term":[{"taxonomy":"category","embeddable":true,"href":"https:\/\/www.europesays.com\/pl\/wp-json\/wp\/v2\/categories?post=660068"},{"taxonomy":"post_tag","embeddable":true,"href":"https:\/\/www.europesays.com\/pl\/wp-json\/wp\/v2\/tags?post=660068"}],"curies":[{"name":"wp","href":"https:\/\/api.w.org\/{rel}","templated":true}]}}