{"id":660104,"date":"2026-09-01T13:48:15","date_gmt":"2026-09-01T13:48:15","guid":{"rendered":"https:\/\/www.europesays.com\/pl\/660104\/"},"modified":"2026-09-01T13:48:15","modified_gmt":"2026-09-01T13:48:15","slug":"poznan-adam-banaszak-nowym-dyrektorem-teatru-wielkiego-im-stanislawa-moniuszki-2","status":"publish","type":"post","link":"https:\/\/www.europesays.com\/pl\/660104\/","title":{"rendered":"Pozna\u0144. Adam Banaszak nowym dyrektorem Teatru Wielkiego im. Stanis\u0142awa Moniuszki"},"content":{"rendered":"<p>Z dniem 1 wrze\u015bnia stanowisko dyrektora Teatru Wielkiego im. Stanis\u0142awa Moniuszki w Poznaniu obejmie Adam Banaszak \u2013 ceniony dyrygent, pedagog i mened\u017cer kultury, od lat zwi\u0105zany z najwa\u017cniejszymi instytucjami muzycznymi w Polsce, kt\u00f3ry w swojej karierze poprowadzi\u0142 ponad 600 koncert\u00f3w i spektakli oraz sprawowa\u0142 kierownictwo muzyczne lub wsp\u00f3\u0142pracowa\u0142 przy przygotowaniu przesz\u0142o 50 premier.\u00a0<\/p>\n<p>            <a data-lightbox=\"article-gallery\" href=\"https:\/\/e-teatr.pl\/files\/multimedias\/159946\/Adam_Banaszak_-_portret.jpeg\" rel=\"nofollow noopener\" target=\"_blank\">&#13;<br \/>\n        <img loading=\"lazy\" decoding=\"async\" src=\"https:\/\/www.europesays.com\/pl\/wp-content\/uploads\/2026\/09\/thumb_Adam_Banaszak_-_portret.jpeg\" alt=\"\" title=\"Adam Banaszak\" width=\"457\" height=\"640\"\/>      <\/a><\/p>\n<p>fot. Joanna Miklaszewska\/mat. teatru<\/p>\n<p>Adam Banaszak jest doktorem habilitowanym sztuk muzycznych i adiunktem Akademii Muzycznej im. Karola Lipi\u0144skiego we Wroc\u0142awiu. Pe\u0142ni\u0142 funkcj\u0119 dyrektora artystycznego Teatru Wielkiego w \u0141odzi, kierownika muzycznego Opery Wroc\u0142awskiej oraz kierownika muzycznego Musicae Antiquae Collegium Varsoviense \u2013 orkiestry instrument\u00f3w dawnych Warszawskiej Opery Kameralnej. Wsp\u00f3\u0142pracowa\u0142 tak\u017ce z Oper\u0105 Ba\u0142tyck\u0105 w Gda\u0144sku, Oper\u0105 Krakowsk\u0105, Oper\u0105 \u015al\u0105sk\u0105 w Bytomiu, Oper\u0105 i Filharmoni\u0105 Podlask\u0105 w Bia\u0142ymstoku oraz Oper\u0105 Nova w Bydgoszczy.<\/p>\n<p>Jego repertuar obejmuje zar\u00f3wno klasyk\u0119 operow\u0105 i baletow\u0105, jak i muzyk\u0119 wsp\u00f3\u0142czesn\u0105. Szczeg\u00f3lne miejsce zajmuje w nim opera w\u0142oska \u2013 od Rossiniego i Donizettiego, po Verdiego i Pucciniego. Adam Banaszak dyrygowa\u0142 tak\u017ce prawykonaniami oper Paw\u0142a Mykietyna i Zygmunta Krauzego oraz si\u0119ga\u0142 po rzadziej wystawiane dzie\u0142a m.in. Bernsteina, Poulenca i Brittena.<\/p>\n<p>Artysta prowadzi r\u00f3wnie\u017c koncerty symfoniczne, wsp\u00f3\u0142pracuj\u0105c z czo\u0142owymi polskimi orkiestrami. Jego spektakle i koncerty by\u0142y transmitowane przez TVP Kultura, Polskie Radio i niemieck\u0105 stacj\u0119 Rundfunk Berlin-Brandenburg. Wyst\u0119powa\u0142 m.in. podczas festiwali Malta, Nostalgia, Warszawska Jesie\u0144 i Sacrum Profanum.<\/p>\n<p>Obj\u0119cie przez Adama Banaszaka stanowiska dyrektora Teatru Wielkiego im. Stanis\u0142awa Moniuszki w Poznaniu otwiera nowy etap w dzia\u0142alno\u015bci jednej z najwa\u017cniejszych scen operowych w Polsce.<\/p>\n","protected":false},"excerpt":{"rendered":"Z dniem 1 wrze\u015bnia stanowisko dyrektora Teatru Wielkiego im. Stanis\u0142awa Moniuszki w Poznaniu obejmie Adam Banaszak \u2013 ceniony&hellip;\n","protected":false},"author":2,"featured_media":660105,"comment_status":"","ping_status":"","sticky":false,"template":"","format":"standard","meta":{"footnotes":"","_share_on_mastodon":"0"},"categories":[51609],"tags":[2434,8588,6588,17490,16331,51630,42,38,40,39,41,1817,649,650,11541,51629,8815,51631,8767,51628,800,8816],"class_list":["post-660104","post","type-post","status-publish","format-standard","has-post-thumbnail","category-poznan","tag-aktor","tag-aktorzy","tag-festiwal","tag-festiwale","tag-kariera","tag-kariery","tag-pl","tag-poland","tag-polish","tag-polska","tag-polski","tag-poznan","tag-premiera","tag-premiery","tag-realizacja","tag-realizacje","tag-repertuar","tag-ruch-teatralny","tag-sztuka","tag-sztuki","tag-teatr","tag-teatry"],"share_on_mastodon":{"url":"https:\/\/pubeurope.com\/@pl\/117196103862440813","error":""},"_links":{"self":[{"href":"https:\/\/www.europesays.com\/pl\/wp-json\/wp\/v2\/posts\/660104","targetHints":{"allow":["GET"]}}],"collection":[{"href":"https:\/\/www.europesays.com\/pl\/wp-json\/wp\/v2\/posts"}],"about":[{"href":"https:\/\/www.europesays.com\/pl\/wp-json\/wp\/v2\/types\/post"}],"author":[{"embeddable":true,"href":"https:\/\/www.europesays.com\/pl\/wp-json\/wp\/v2\/users\/2"}],"replies":[{"embeddable":true,"href":"https:\/\/www.europesays.com\/pl\/wp-json\/wp\/v2\/comments?post=660104"}],"version-history":[{"count":0,"href":"https:\/\/www.europesays.com\/pl\/wp-json\/wp\/v2\/posts\/660104\/revisions"}],"wp:featuredmedia":[{"embeddable":true,"href":"https:\/\/www.europesays.com\/pl\/wp-json\/wp\/v2\/media\/660105"}],"wp:attachment":[{"href":"https:\/\/www.europesays.com\/pl\/wp-json\/wp\/v2\/media?parent=660104"}],"wp:term":[{"taxonomy":"category","embeddable":true,"href":"https:\/\/www.europesays.com\/pl\/wp-json\/wp\/v2\/categories?post=660104"},{"taxonomy":"post_tag","embeddable":true,"href":"https:\/\/www.europesays.com\/pl\/wp-json\/wp\/v2\/tags?post=660104"}],"curies":[{"name":"wp","href":"https:\/\/api.w.org\/{rel}","templated":true}]}}