{"id":660144,"date":"2026-09-01T14:10:14","date_gmt":"2026-09-01T14:10:14","guid":{"rendered":"https:\/\/www.europesays.com\/pl\/660144\/"},"modified":"2026-09-01T14:10:14","modified_gmt":"2026-09-01T14:10:14","slug":"bialystok-cztery-kandydatury-zgloszone-przez-oifp-w-gronie-nominowanych-do-xx-teatralnych-nagrod-mu","status":"publish","type":"post","link":"https:\/\/www.europesays.com\/pl\/660144\/","title":{"rendered":"Bia\u0142ystok. Cztery kandydatury zg\u0142oszone przez OiFP w gronie nominowanych do XX Teatralnych Nagr\u00f3d Mu"},"content":{"rendered":"<p>Cztery kandydatury zg\u0142oszone przez Oper\u0119 i Filharmoni\u0119 Podlask\u0105 znalaz\u0142y si\u0119 w gronie nominowanych do XX Teatralnych Nagr\u00f3d Muzycznych im. Jana Kiepury. W tegorocznej edycji konkursu wp\u0142yn\u0119\u0142a rekordowa liczba 257 zg\u0142osze\u0144 w 18 kategoriach.<\/p>\n<p>            <a data-lightbox=\"article-gallery\" href=\"https:\/\/e-teatr.pl\/files\/multimedias\/182551\/A._Banaszak__zdj__cie_z_premiery__fot._Micha___Heller.jpg\" rel=\"nofollow noopener\" target=\"_blank\">&#13;<br \/>\n        <img loading=\"lazy\" decoding=\"async\" src=\"https:\/\/www.europesays.com\/pl\/wp-content\/uploads\/2026\/09\/thumb_A._Banaszak__zdj__cie_z_premiery__fot._Micha___Heller.jpg\" alt=\"\" title=\"Adam Banaszek\" width=\"1100\" height=\"733\"\/>      <\/a><\/p>\n<p>fot. Micha\u0142 Heller \/ mat. OiFP<\/p>\n<p>Nominacj\u0119 w kategorii NAJLEPSZY DYRYGENT otrzyma\u0142 Adam Banaszak za oper\u0119\u00a0Kopciuszek albo tryumf dobroci, kt\u00f3rej premiera w Operze i Filharmonii Podlaskiej odby\u0142a si\u0119 w pa\u017adzierniku 2025 r. Nominacje za role w tym spektaklu uzyska\u0142o jeszcze dwoje artyst\u00f3w: w kategorii NAJLEPSZA \u015aPIEWACZKA OPEROWA nominowana zosta\u0142a Zuzanna Nalewajek za rol\u0119 Angeliny (Kopciuszka) a w kategorii NAJLEPSZY \u015aPIEWAK OPEROWY &#8211; Dariusz Machej, za rol\u0119 Don Magnifico. NAJLEPSZYM WOKALIST\u0104 MUSICALOWYM mo\u017ce z kolei zosta\u0107 Rafa\u0142 Szatan za rol\u0119 Andrew w musicalu\u00a0Vesper. Ta produkcja, inspirowana \u017cyciem Krystyny Skarbek, mia\u0142a swoj\u0105 \u015bwiatow\u0105 premier\u0119 na Du\u017cej Scenie OiFP w marcu 2025 r.<\/p>\n<p>Zwyci\u0119zc\u00f3w konkursu Teatralne Nagrody Muzyczne im. Jana Kiepury poznamy 29 wrze\u015bnia, podczas uroczystej gali w Mazowieckim Teatrze Muzycznym.<\/p>\n","protected":false},"excerpt":{"rendered":"Cztery kandydatury zg\u0142oszone przez Oper\u0119 i Filharmoni\u0119 Podlask\u0105 znalaz\u0142y si\u0119 w gronie nominowanych do XX Teatralnych Nagr\u00f3d Muzycznych&hellip;\n","protected":false},"author":2,"featured_media":660145,"comment_status":"","ping_status":"","sticky":false,"template":"","format":"standard","meta":{"footnotes":"","_share_on_mastodon":"0"},"categories":[51614],"tags":[2434,8588,2151,6588,17490,16331,51630,42,38,40,39,41,649,650,11541,51629,8815,51631,8767,51628,800,8816],"class_list":["post-660144","post","type-post","status-publish","format-standard","has-post-thumbnail","category-bialystok","tag-aktor","tag-aktorzy","tag-bialystok","tag-festiwal","tag-festiwale","tag-kariera","tag-kariery","tag-pl","tag-poland","tag-polish","tag-polska","tag-polski","tag-premiera","tag-premiery","tag-realizacja","tag-realizacje","tag-repertuar","tag-ruch-teatralny","tag-sztuka","tag-sztuki","tag-teatr","tag-teatry"],"share_on_mastodon":{"url":"https:\/\/pubeurope.com\/@pl\/117196190130362377","error":""},"_links":{"self":[{"href":"https:\/\/www.europesays.com\/pl\/wp-json\/wp\/v2\/posts\/660144","targetHints":{"allow":["GET"]}}],"collection":[{"href":"https:\/\/www.europesays.com\/pl\/wp-json\/wp\/v2\/posts"}],"about":[{"href":"https:\/\/www.europesays.com\/pl\/wp-json\/wp\/v2\/types\/post"}],"author":[{"embeddable":true,"href":"https:\/\/www.europesays.com\/pl\/wp-json\/wp\/v2\/users\/2"}],"replies":[{"embeddable":true,"href":"https:\/\/www.europesays.com\/pl\/wp-json\/wp\/v2\/comments?post=660144"}],"version-history":[{"count":0,"href":"https:\/\/www.europesays.com\/pl\/wp-json\/wp\/v2\/posts\/660144\/revisions"}],"wp:featuredmedia":[{"embeddable":true,"href":"https:\/\/www.europesays.com\/pl\/wp-json\/wp\/v2\/media\/660145"}],"wp:attachment":[{"href":"https:\/\/www.europesays.com\/pl\/wp-json\/wp\/v2\/media?parent=660144"}],"wp:term":[{"taxonomy":"category","embeddable":true,"href":"https:\/\/www.europesays.com\/pl\/wp-json\/wp\/v2\/categories?post=660144"},{"taxonomy":"post_tag","embeddable":true,"href":"https:\/\/www.europesays.com\/pl\/wp-json\/wp\/v2\/tags?post=660144"}],"curies":[{"name":"wp","href":"https:\/\/api.w.org\/{rel}","templated":true}]}}