{"id":660214,"date":"2026-09-01T14:48:09","date_gmt":"2026-09-01T14:48:09","guid":{"rendered":"https:\/\/www.europesays.com\/pl\/660214\/"},"modified":"2026-09-01T14:48:09","modified_gmt":"2026-09-01T14:48:09","slug":"proba-ataku-na-elektrownie-tuz-przy-granicy-z-polska-pilny-komunikat-sluzb","status":"publish","type":"post","link":"https:\/\/www.europesays.com\/pl\/660214\/","title":{"rendered":"Pr\u00f3ba ataku na elektrowni\u0119 tu\u017c przy granicy z Polsk\u0105. Pilny komunikat s\u0142u\u017cb"},"content":{"rendered":"<p>Pr\u00f3ba ataku na stacj\u0119 transformatorow\u0105 blisko elektrowni w\u0119glowej Jaenschwalde w Brandenburgii.<\/p>\n<p>Niemiecka rzeczniczka policji potwierdzi\u0142a znalezienie niekonwencjonalnego urz\u0105dzenia wybuchowo-podpalaj\u0105cego.<\/p>\n<p>S\u0142u\u017cby traktuj\u0105 incydent powa\u017cnie, ale nie ma ofiar ani przerw w dostawach pr\u0105du.<\/p>\n<p>    <a name=\"eztoc42715530_0_3\" id=\"eztoc42715530_0_3\"\/>Niemcy. Pr\u00f3ba ataku na elektrowni\u0119 tu\u017c przy granicy z Polsk\u0105<\/p>\n<p>Jak przekaza\u0142 niemiecki \u201eBild\u201d, w Brandenburgii dosz\u0142o do pr\u00f3by zamachu na stacj\u0119 transformatorow\u0105 po\u0142o\u017conej niedaleko elektrowni w\u0119glowej Jaenschwalde. Na miejscu trwa akcja s\u0142u\u017cb, w tym saper\u00f3w.<\/p>\n<p>Pocz\u0105tkowo media za nasz\u0105 zachodni\u0105 granic\u0105 sugerowa\u0142y, \u017ce dosz\u0142o do ataku rakietowego, jednak rzeczniczka policji nie potwierdzi\u0142a tych doniesie\u0144. Przekaza\u0142a jedynie, \u017ce dosz\u0142o do znalezienia \u201eniekonwencjonalnego urz\u0105dzenia wybuchowo-podpalaj\u0105cego&#8221;.<\/p>\n<p>Zdarzenie traktowane jest przez niemieckie s\u0142u\u017cby jako bardzo powa\u017cne, cho\u0107 nie ma ofiar ani te\u017c nie dosz\u0142o do przerwy w dostawach pr\u0105du. Jednak Jaenschwalde to najwi\u0119ksza elektrownia w\u0119glowa w kraju.<\/p>\n<p>\u0179r\u00f3d\u0142o: Radio ZET\/Bild<\/p>\n<p>By\u0142e\u015b \u015bwiadkiem czego\u015b niespodziewanego? Masz temat, kt\u00f3rym powinni\u015bmy si\u0119 zaj\u0105\u0107?<\/p>\n<p>Zg\u0142o\u015b spraw\u0119 przez <a href=\"https:\/\/wiadomosci.radiozet.pl\/czerwony-telefon\" target=\"_blank\" title=\"Czerwony telefon Radia Zet\" rel=\"nofollow noopener\">Czerwony telefon Radia ZET<\/a><\/p>\n","protected":false},"excerpt":{"rendered":"Pr\u00f3ba ataku na stacj\u0119 transformatorow\u0105 blisko elektrowni w\u0119glowej Jaenschwalde w Brandenburgii. Niemiecka rzeczniczka policji potwierdzi\u0142a znalezienie niekonwencjonalnego urz\u0105dzenia&hellip;\n","protected":false},"author":2,"featured_media":660215,"comment_status":"","ping_status":"","sticky":false,"template":"","format":"standard","meta":{"footnotes":"","_share_on_mastodon":"0"},"categories":[12],"tags":[744,295,42,38,414,40,39,41,1389,952],"class_list":["post-660214","post","type-post","status-publish","format-standard","has-post-thumbnail","category-polska","tag-atak","tag-niemcy","tag-pl","tag-poland","tag-policja","tag-polish","tag-polska","tag-polski","tag-sledztwo","tag-terroryzm"],"share_on_mastodon":{"url":"https:\/\/pubeurope.com\/@pl\/117196338458094991","error":""},"_links":{"self":[{"href":"https:\/\/www.europesays.com\/pl\/wp-json\/wp\/v2\/posts\/660214","targetHints":{"allow":["GET"]}}],"collection":[{"href":"https:\/\/www.europesays.com\/pl\/wp-json\/wp\/v2\/posts"}],"about":[{"href":"https:\/\/www.europesays.com\/pl\/wp-json\/wp\/v2\/types\/post"}],"author":[{"embeddable":true,"href":"https:\/\/www.europesays.com\/pl\/wp-json\/wp\/v2\/users\/2"}],"replies":[{"embeddable":true,"href":"https:\/\/www.europesays.com\/pl\/wp-json\/wp\/v2\/comments?post=660214"}],"version-history":[{"count":0,"href":"https:\/\/www.europesays.com\/pl\/wp-json\/wp\/v2\/posts\/660214\/revisions"}],"wp:featuredmedia":[{"embeddable":true,"href":"https:\/\/www.europesays.com\/pl\/wp-json\/wp\/v2\/media\/660215"}],"wp:attachment":[{"href":"https:\/\/www.europesays.com\/pl\/wp-json\/wp\/v2\/media?parent=660214"}],"wp:term":[{"taxonomy":"category","embeddable":true,"href":"https:\/\/www.europesays.com\/pl\/wp-json\/wp\/v2\/categories?post=660214"},{"taxonomy":"post_tag","embeddable":true,"href":"https:\/\/www.europesays.com\/pl\/wp-json\/wp\/v2\/tags?post=660214"}],"curies":[{"name":"wp","href":"https:\/\/api.w.org\/{rel}","templated":true}]}}