{"id":660234,"date":"2026-09-01T14:58:12","date_gmt":"2026-09-01T14:58:12","guid":{"rendered":"https:\/\/www.europesays.com\/pl\/660234\/"},"modified":"2026-09-01T14:58:12","modified_gmt":"2026-09-01T14:58:12","slug":"kaczynski-nie-zostawil-suchej-nitki-na-tusku-poszlo-o-ceny-paliw","status":"publish","type":"post","link":"https:\/\/www.europesays.com\/pl\/660234\/","title":{"rendered":"Kaczy\u0144ski nie zostawi\u0142 suchej nitki na Tusku. Posz\u0142o o ceny paliw"},"content":{"rendered":"\n<p>&#13;<br \/>\nPrezes PiS por\u00f3wna\u0142 obecn\u0105 sytuacj\u0119 z\u00a0cenami z\u00a0okresu rz\u0105d\u00f3w jego partii. \u2013\u00a0Donald Tusk \u0142upi Polak\u00f3w i\u00a0b\u0119dzie \u0142upi\u0142, p\u00f3ki b\u0119dzie rz\u0105dzi\u0142 \u2013\u00a0powiedzia\u0142. &#13;\n<\/p>\n<p>Kaczy\u0144ski: Prosz\u0119 spojrze\u0107 na\u00a0fakty<\/p>\n<p>&#13;<br \/>\nJaros\u0142aw Kaczy\u0144ski odni\u00f3s\u0142 si\u0119 do\u00a0cen paliw w\u00a0nagraniu opublikowanym w\u00a0serwisie X. Prezes PiS por\u00f3wna\u0142 obecn\u0105 sytuacj\u0119 na\u00a0rynku z\u00a0ko\u0144cowym okresem rz\u0105d\u00f3w Prawa i\u00a0Sprawiedliwo\u015bci. \u2013\u00a0Prosz\u0119 pa\u0144stwa, \u017ceby spojrze\u0107 na\u00a0fakty. Ko\u0144c\u00f3wki naszych rz\u0105d\u00f3w i\u00a0te dzisiejsze w\u00a0sprawie cen paliw przedstawiaj\u0105 si\u0119 tak. Wtedy bary\u0142ka ropy kosztowa\u0142a 110\u2013115 dolar\u00f3w. Dzisiaj kosztuje 90 \u2013\u00a0powiedzia\u0142 Kaczy\u0144ski. &#13;\n<\/p>\n<p>&#13;<br \/>\nPrezes PiS wskaza\u0142 r\u00f3wnie\u017c na\u00a0r\u00f3\u017cnic\u0119 w\u00a0kursie dolara. \u2013\u00a0Dolar jest dzisiaj znacznie ta\u0144szy ni\u017c\u00a0by\u0142 wtedy. Te\u017c jest to\u00a0r\u00f3\u017cnica przynajmniej dwudziestu procent. No to\u00a0z\u00a0tego by\u00a0wynika\u0142o, \u017ce\u00a0benzyna powinna by\u0107 znacznie ta\u0144sza ni\u017c\u00a0za\u00a0naszych czas\u00f3w \u2013\u00a0m\u00f3wi\u0142. &#13;\n<\/p>\n<p>&#8222;Mo\u017ce nie\u00a0by\u0142oby to\u00a05,19, ale\u00a0bardzo blisko&#8221;<\/p>\n<p>&#13;<br \/>\nKaczy\u0144ski odni\u00f3s\u0142 si\u0119 nast\u0119pnie do\u00a0ceny 5,19 z\u0142 za\u00a0litr paliwa. \u2013\u00a0Kiedy by\u0142a, no, przesz\u0142o 6\u00a0z\u0142otych, no to\u00a0mo\u017ce nie\u00a0by\u0142oby to\u00a05,19, ale\u00a0bardzo blisko \u2013\u00a0stwierdzi\u0142. Nast\u0119pnie zaatakowa\u0142 rz\u0105d Donalda Tuska. \u2013\u00a0Czyli rzeczywi\u015bcie Tusk realnie to\u00a0zapowiada\u0142, tylko zapomnia\u0142 o\u00a0tym, \u017ce\u00a0ani on, ani jego wsp\u00f3\u0142pracownicy nie\u00a0potrafi\u0105 rz\u0105dzi\u0107 i\u00a0jeszcze do\u00a0tego realizuj\u0105 r\u00f3\u017cne niepolskie interesy \u2013\u00a0powiedzia\u0142 prezes PiS. &#13;\n<\/p>\n<p>&#13;<br \/>\n\u2013 Dlatego Donald Tusk \u0142upi Polak\u00f3w i\u00a0b\u0119dzie \u0142upi\u0142, p\u00f3ki b\u0119dzie rz\u0105dzi\u0142. Tak\u017ce jedna rada: \u017ceby jak najkr\u00f3cej rz\u0105dzi\u0142, bo\u00a0to od\u00a0pa\u0144stwa zale\u017cy \u2013\u00a0doda\u0142 Kaczy\u0144ski. &#13;\n<\/p>\n<p>Koniec programu CPN. Ceny paliw w\u00a0g\u00f3r\u0119<\/p>\n<p>&#13;<br \/>\nZako\u0144czony w\u0142a\u015bnie pakiet Ceny Paliwa Ni\u017cej obowi\u0105zywa\u0142 do\u00a0p\u00f3\u0142nocy 31 sierpnia. W\u00a0jego ramach VAT na\u00a0benzyn\u0119 i\u00a0olej nap\u0119dowy wynosi\u0142 8\u00a0proc. Obowi\u0105zywa\u0142y r\u00f3wnie\u017c maksymalne ceny paliw. Litr benzyny Pb95 m\u00f3g\u0142 kosztowa\u0107 najwy\u017cej 6,64 z\u0142, Pb98 \u2013\u00a07,46 z\u0142, a\u00a0oleju nap\u0119dowego \u2013\u00a07,31 z\u0142. Od\u00a01 wrze\u015bnia VAT na\u00a0paliwa wr\u00f3ci\u0142 do\u00a0podstawowej stawki 23 proc. Przesta\u0142y te\u017c obowi\u0105zywa\u0107 ceny maksymalne. &#13;\n<\/p>\n<p>&#13;<br \/>\nOstatniego dnia obowi\u0105zywania programu kierowcy ustawiali si\u0119 w\u00a0kolejkach, \u017ceby zatankowa\u0107 przed podwy\u017ckami. Problemy pojawi\u0142y si\u0119 m.in. na\u00a0po\u0142udniu Polski. W\u00a0Zakopanem i\u00a0okolicznych miejscowo\u015bciach na\u00a0cz\u0119\u015bci stacji <a href=\"https:\/\/dorzeczy.pl\/ekonomia\/936547\/koniec-programu-cpn-na-stacjach-zabraklo-paliwa.html\" rel=\"nofollow noopener\" target=\"_blank\">zabrak\u0142o paliwa<\/a>. Niekt\u00f3re plac\u00f3wki zosta\u0142y zamkni\u0119te. &#13;\n<\/p>\n<p>&#13;<br \/>\n   Czytaj te\u017c:<br \/><a href=\"https:\/\/dorzeczy.pl\/opinie\/936700\/chcieli-zdazyc-przed-podwyzka-cen-paliw-zukowska-patusy-same-sie-upodlily.html\" rel=\"follow nofollow noopener\" data-schema=\"DORZECZY\" data-image=\"https:\/\/img.dorzeczy.pl\/_thumb\/ff\/26\/6f089de0e3d0d6b6ceeb79eef519.jpeg\" target=\"_blank\">Chcieli zd\u0105\u017cy\u0107 przed podwy\u017ck\u0105 cen paliw. \u017bukowska: Patusy same si\u0119 upodli\u0142y<\/a>   Czytaj te\u017c:<br \/><a href=\"https:\/\/dorzeczy.pl\/kraj\/936655\/bojka-na-stacji-paliw-w-ruch-poszla-palka-teleskopowa.html\" rel=\"follow nofollow noopener\" data-schema=\"DORZECZY\" data-image=\"https:\/\/img.dorzeczy.pl\/_thumb\/77\/02\/c1978e8300c9b10fe49ae73f3b82.jpeg\" target=\"_blank\">Pobili si\u0119 w\u00a0kolejce po\u00a0paliwo. W\u00a0ruch posz\u0142a pa\u0142ka teleskopowa<\/a>&#13;<\/p>\n","protected":false},"excerpt":{"rendered":"&#13; Prezes PiS por\u00f3wna\u0142 obecn\u0105 sytuacj\u0119 z\u00a0cenami z\u00a0okresu rz\u0105d\u00f3w jego partii. \u2013\u00a0Donald Tusk \u0142upi Polak\u00f3w i\u00a0b\u0119dzie \u0142upi\u0142, p\u00f3ki&hellip;\n","protected":false},"author":2,"featured_media":660235,"comment_status":"","ping_status":"","sticky":false,"template":"","format":"standard","meta":{"footnotes":"","_share_on_mastodon":"0"},"categories":[62713],"tags":[497,9039,35593,5022,1345,98,105,8526,49,102,529,17666,9040,10810],"class_list":["post-660234","post","type-post","status-publish","format-standard","has-post-thumbnail","category-donald-tusk","tag-benzyna","tag-ceny-paliw","tag-cpn","tag-diesel","tag-donald-tusk","tag-dorzeczy","tag-ekonomia","tag-jaroslaw-kaczynski","tag-kraj","tag-opinie","tag-pis","tag-podwyzki","tag-stacje-paliw","tag-vat"],"share_on_mastodon":{"url":"https:\/\/pubeurope.com\/@pl\/117196377602862731","error":""},"_links":{"self":[{"href":"https:\/\/www.europesays.com\/pl\/wp-json\/wp\/v2\/posts\/660234","targetHints":{"allow":["GET"]}}],"collection":[{"href":"https:\/\/www.europesays.com\/pl\/wp-json\/wp\/v2\/posts"}],"about":[{"href":"https:\/\/www.europesays.com\/pl\/wp-json\/wp\/v2\/types\/post"}],"author":[{"embeddable":true,"href":"https:\/\/www.europesays.com\/pl\/wp-json\/wp\/v2\/users\/2"}],"replies":[{"embeddable":true,"href":"https:\/\/www.europesays.com\/pl\/wp-json\/wp\/v2\/comments?post=660234"}],"version-history":[{"count":0,"href":"https:\/\/www.europesays.com\/pl\/wp-json\/wp\/v2\/posts\/660234\/revisions"}],"wp:featuredmedia":[{"embeddable":true,"href":"https:\/\/www.europesays.com\/pl\/wp-json\/wp\/v2\/media\/660235"}],"wp:attachment":[{"href":"https:\/\/www.europesays.com\/pl\/wp-json\/wp\/v2\/media?parent=660234"}],"wp:term":[{"taxonomy":"category","embeddable":true,"href":"https:\/\/www.europesays.com\/pl\/wp-json\/wp\/v2\/categories?post=660234"},{"taxonomy":"post_tag","embeddable":true,"href":"https:\/\/www.europesays.com\/pl\/wp-json\/wp\/v2\/tags?post=660234"}],"curies":[{"name":"wp","href":"https:\/\/api.w.org\/{rel}","templated":true}]}}