{"id":66026,"date":"2025-10-24T11:34:11","date_gmt":"2025-10-24T11:34:11","guid":{"rendered":"https:\/\/www.europesays.com\/pl\/66026\/"},"modified":"2025-10-24T11:34:11","modified_gmt":"2025-10-24T11:34:11","slug":"stworzyli-ekran-jak-z-filmu-tak-realistyczny-ze-mozg-nie-odrozni-go-od-rzeczywistosci","status":"publish","type":"post","link":"https:\/\/www.europesays.com\/pl\/66026\/","title":{"rendered":"Stworzyli ekran jak z filmu. Tak realistyczny, \u017ce m\u00f3zg nie odr\u00f3\u017cni go od rzeczywisto\u015bci"},"content":{"rendered":"\n<p class=\"text-lg md:text-xl mb-6 leading-8 md:leading-9 font-inter px-4 md:px-0 relative z-1\" data-v-a2b6660a=\"\">Ekran o rozdzielczo\u015bci tak wysokiej, \u017ce ludzki wzrok nie jest w stanie odr\u00f3\u017cni\u0107 go od rzeczywisto\u015bci \u2013 to mo\u017ce by\u0107 prze\u0142om dla rozszerzonej rzeczywisto\u015bci.<\/p>\n<p class=\"p1\">Urz\u0105dzenia takie jak Apple Vision Pro, Vivo Vision czy Galaxy XR to dzi\u015b jeszcze technologiczne ciekawostki, ale w niedalekiej przysz\u0142o\u015bci wi\u0119kszo\u015b\u0107 du\u017cych producent\u00f3w b\u0119dzie mia\u0142a swoje gogle do rozszerzonej rzeczywisto\u015bci, kt\u00f3re w szerszej perspektywie postrzegane s\u0105 jako potencjalni nast\u0119pcy smartfona. Zanim jednak zi\u015bci si\u0119 scenariusz rodem z film\u00f3w science fiction, w kt\u00f3rym urz\u0105dzenia AR staj\u0105 si\u0119 nieod\u0142\u0105cznym elementem naszej codzienno\u015bci, musi zmieni\u0107 si\u0119 wiele czynnik\u00f3w ograniczaj\u0105cych t\u0119 technologi\u0119. Jednym z nich jest brak ekran\u00f3w zachowuj\u0105cych perfekcyjn\u0105 ostro\u015b\u0107 po umieszczeniu ich tu\u017c przed ludzkim okiem. Badacze s\u0105 jednak ju\u017c o krok od rozwi\u0105zania tego problemu.<\/p>\n<p> Ekran o rozdzielczo\u015bci oka <\/p>\n<p class=\"p1\">Kluczem do stworzenia ekran\u00f3w przysz\u0142o\u015bci ma by\u0107 technologia zwana retinal e-paper. To nic innego jak wy\u015bwietlacz o rozdzielczo\u015bci przewy\u017cszaj\u0105cej 25 tys. pikseli na cal \u2013 g\u0119sto\u015b\u0107 odpowiadaj\u0105c\u0105 ludzkiemu oku. Zosta\u0142a opracowana przez zesp\u00f3\u0142 badaczy z Chalmers University of Technology, Uniwersytetu w G\u00f6teborgu oraz Uniwersytetu w Uppsali. Autorzy twierdz\u0105, \u017ce ich dokonania mog\u0105 ca\u0142kowicie odmieni\u0107 spos\u00f3b, w jaki widzimy obrazy w wirtualnej i rozszerzonej rzeczywisto\u015bci.\n<\/p>\n<p>   \u0179r\u00f3d\u0142o: Depositphotos <\/p>\n<p class=\"p1\">Tradycyjne wy\u015bwietlacze \u2013 od tych w smartfonach po mikroskopijne ekrany w goglach VR \u2013 maj\u0105 swoje granice. Im bli\u017cej oka znajduje si\u0119 ekran, tym mniejsze musz\u0105 by\u0107 piksele, a gdy ich rozmiar schodzi poni\u017cej jednego mikrometra, zaczynaj\u0105 pojawia\u0107 si\u0119 problemy z kolorem, jasno\u015bci\u0105 i jednorodno\u015bci\u0105 obrazu \u2013 to mi\u0119dzy innymi przez rozmazane kraw\u0119dzie pojawia\u0142 si\u0119 u mnie b\u00f3l g\u0142owy w trakcie u\u017cytkowania Apple Vision Pro. Badacze ze Szwecji postanowili wi\u0119c odej\u015b\u0107 od klasycznej koncepcji pikseli i stworzyli metapiksele \u2013 struktury z tlenku wolframu (WO\u2083), kt\u00f3re potrafi\u0105 zmienia\u0107 w\u0142a\u015bciwo\u015bci optyczne pod wp\u0142ywem pr\u0105du elektrycznego.<\/p>\n<p class=\"p1\">Jak to dzia\u0142a? C\u00f3\u017c, ka\u017cdy taki metapiksel odbija \u015bwiat\u0142o w inny spos\u00f3b, a jego barwa i kontrast mog\u0105 by\u0107 dynamicznie modyfikowane bez potrzeby stosowania pod\u015bwietlenia. W efekcie powstaje ekran, kt\u00f3ry nie tylko jest bardzo szczeg\u00f3\u0142owy, ale te\u017c energooszcz\u0119dny i pozbawiony typowych problem\u00f3w wsp\u00f3\u0142czesnych wy\u015bwietlaczy, takich jak przenikanie kolor\u00f3w.<\/p>\n<p>Czytaj dalej poni\u017cej <a href=\"https:\/\/antyweb.pl\/jest-powod-do-niepokoju-delfiny-zyja-coraz-krocej\" aria-label=\"Jest pow\u00f3d do niepokoju. Delfiny \u017cyj\u0105 coraz kr\u00f3cej\" data-v-34dfeb02=\"\" rel=\"nofollow noopener\" target=\"_blank\"> <img src=\"https:\/\/www.europesays.com\/pl\/wp-content\/uploads\/2025\/10\/1761305650_430_delfin-butlonosy.jpg\" alt=\"Jest pow\u00f3d do niepokoju. Delfiny \u017cyj\u0105 coraz kr\u00f3cej\" width=\"294\" height=\"166\" loading=\"lazy\" decoding=\"async\" class=\"placeholder__image\" data-v-7665aa9d=\"\"\/><\/a> <a href=\"https:\/\/antyweb.pl\/droga-mleczna-ciemna-materia\" aria-label=\"Co tak \u015bwieci w kosmosie? Naukowcy odkrywaj\u0105 tajemnic\u0119 Wszech\u015bwiata\" data-v-34dfeb02=\"\" rel=\"nofollow noopener\" target=\"_blank\"> <img src=\"https:\/\/www.europesays.com\/pl\/wp-content\/uploads\/2025\/10\/dns-dgn-9wH624ALFQA-unsplash-2.jpg\" alt=\"Co tak \u015bwieci w kosmosie? Naukowcy odkrywaj\u0105 tajemnic\u0119 Wszech\u015bwiata\" width=\"294\" height=\"166\" loading=\"lazy\" decoding=\"async\" class=\"placeholder__image\" data-v-7665aa9d=\"\"\/><\/a>    \u0179r\u00f3d\u0142o: Depositphotos <\/p>\n<p class=\"p1\">Naukowcy uwa\u017caj\u0105, \u017ce gdy taki ekran osi\u0105ga rozmiar \u017arenicy cz\u0142owieka, jego rozdzielczo\u015b\u0107 odpowiada fizjologicznym granicom percepcji wzrokowej. Innymi s\u0142owy \u2013 cz\u0142owiek nie by\u0142by w stanie odr\u00f3\u017cni\u0107 obrazu generowanego przez urz\u0105dzenie od tego, co widzi w \u015bwiecie rzeczywistym. I to ju\u017c pewnie by\u0142oby co\u015b, co mog\u0142oby przekona\u0107 niezdecydowanych do zakupu tych absurdalnie drogich urz\u0105dze\u0144.\n<\/p>\n<p>Miniaturowy prototyp zwiastuje przysz\u0142o\u015b\u0107 ekran\u00f3w do VR <\/p>\n<p class=\"p1\">Badacze informuj\u0105, \u017ce na ten moment technologia retinal e-paper wci\u0105\u017c znajduje si\u0119 na etapie bada\u0144, ale jej potencja\u0142 jest ogromny. Pozwala bowiem na wy\u015bwietlanie obrazu w pe\u0142nym kolorze, z cz\u0119stotliwo\u015bci\u0105 od\u015bwie\u017cania przekraczaj\u0105c\u0105 25 Hz, wysokim kontrastem i odbiciem \u015bwiat\u0142a si\u0119gaj\u0105cym 80%. Dodatkowym plusem jest to, \u017ce zu\u017cywa u\u0142amek energii typowych wy\u015bwietlaczy OLED czy LCD \u2013 od 0,5 do 1,7 mW na centymetr kwadratowy. By\u0107 mo\u017ce dzi\u0119ki takiemu rozwi\u0105zaniu posiadacze gogli nie musia\u0142yby ju\u017c taszczy\u0107 za sob\u0105 niepor\u0119cznych powerbank\u00f3w.\n<\/p>\n<blockquote>\n<p class=\"p1\">To ogromny krok naprz\u00f3d w rozwoju ekran\u00f3w, kt\u00f3re mo\u017cna zmniejsza\u0107 do mikroskopijnych rozmiar\u00f3w przy jednoczesnym zwi\u0119kszeniu jako\u015bci i zmniejszeniu zu\u017cycia energii \u2013 m\u00f3wi Giovanni Volpe z Uniwersytetu w G\u00f6teborgu.\n<\/p>\n<\/blockquote>\n<p class=\"p1\">Badacze zademonstrowali ju\u017c dzia\u0142aj\u0105cy prototyp, na kt\u00f3rym uda\u0142o si\u0119 odwzorowa\u0107 w idealnej jako\u015bci obraz \u201ePoca\u0142unku\u201d Gustava Klimta. Ca\u0142y ekran mia\u0142 wymiary zaledwie 1,4 \u00d7 1,9 mm \u2013 czyli oko\u0142o cztery tysi\u0105ce razy mniej ni\u017c standardowy wy\u015bwietlacz w smartfonie. Autorzy <a href=\"https:\/\/www.nature.com\/articles\/s41586-025-09642-3\" rel=\"nofollow noopener\" target=\"_blank\">badania<\/a> przekonuj\u0105, \u017ce taki poziom miniaturyzacji otwiera drog\u0119 nie tylko dla nowych urz\u0105dze\u0144 konsumenckich, ale te\u017c dla zastosowa\u0144 naukowych, medycznych i przemys\u0142owych.<\/p>\n<p>Stock image from Depositphotos<\/p>\n","protected":false},"excerpt":{"rendered":"Ekran o rozdzielczo\u015bci tak wysokiej, \u017ce ludzki wzrok nie jest w stanie odr\u00f3\u017cni\u0107 go od rzeczywisto\u015bci \u2013 to&hellip;\n","protected":false},"author":2,"featured_media":66027,"comment_status":"","ping_status":"","sticky":false,"template":"","format":"standard","meta":{"footnotes":""},"categories":[20],"tags":[120,118,119,42,38,40,39,41,116,114,115,121,117],"class_list":{"0":"post-66026","1":"post","2":"type-post","3":"status-publish","4":"format-standard","5":"has-post-thumbnail","7":"category-nauka-i-technika","8":"tag-nauka","9":"tag-nauka-i-technika","10":"tag-naukatechnika","11":"tag-pl","12":"tag-poland","13":"tag-polish","14":"tag-polska","15":"tag-polski","16":"tag-science","17":"tag-science-and-technology","18":"tag-sciencetechnology","19":"tag-technika","20":"tag-technology"},"share_on_mastodon":{"url":"https:\/\/pubeurope.com\/@pl\/115428934827528592","error":""},"_links":{"self":[{"href":"https:\/\/www.europesays.com\/pl\/wp-json\/wp\/v2\/posts\/66026","targetHints":{"allow":["GET"]}}],"collection":[{"href":"https:\/\/www.europesays.com\/pl\/wp-json\/wp\/v2\/posts"}],"about":[{"href":"https:\/\/www.europesays.com\/pl\/wp-json\/wp\/v2\/types\/post"}],"author":[{"embeddable":true,"href":"https:\/\/www.europesays.com\/pl\/wp-json\/wp\/v2\/users\/2"}],"replies":[{"embeddable":true,"href":"https:\/\/www.europesays.com\/pl\/wp-json\/wp\/v2\/comments?post=66026"}],"version-history":[{"count":0,"href":"https:\/\/www.europesays.com\/pl\/wp-json\/wp\/v2\/posts\/66026\/revisions"}],"wp:featuredmedia":[{"embeddable":true,"href":"https:\/\/www.europesays.com\/pl\/wp-json\/wp\/v2\/media\/66027"}],"wp:attachment":[{"href":"https:\/\/www.europesays.com\/pl\/wp-json\/wp\/v2\/media?parent=66026"}],"wp:term":[{"taxonomy":"category","embeddable":true,"href":"https:\/\/www.europesays.com\/pl\/wp-json\/wp\/v2\/categories?post=66026"},{"taxonomy":"post_tag","embeddable":true,"href":"https:\/\/www.europesays.com\/pl\/wp-json\/wp\/v2\/tags?post=66026"}],"curies":[{"name":"wp","href":"https:\/\/api.w.org\/{rel}","templated":true}]}}