{"id":660280,"date":"2026-09-01T15:23:22","date_gmt":"2026-09-01T15:23:22","guid":{"rendered":"https:\/\/www.europesays.com\/pl\/660280\/"},"modified":"2026-09-01T15:23:22","modified_gmt":"2026-09-01T15:23:22","slug":"przychodza-zalamania-krzyki-i-wycie-po-nocach-katarzyna-surmiak-domanska-o-traumie-wojennej","status":"publish","type":"post","link":"https:\/\/www.europesays.com\/pl\/660280\/","title":{"rendered":"&#8222;Przychodz\u0105 za\u0142amania, krzyki i wycie po nocach&#8221;. Katarzyna Surmiak-Doma\u0144ska o traumie wojennej"},"content":{"rendered":"<p>Katarzyna Surmiak-Doma\u0144ska: Uku\u0142a j\u0105 Wanda Likiernik, c\u00f3rka s\u0142ynnego powsta\u0144ca warszawskiego Stanis\u0142awa Likiernika.<\/p>\n<p>On opowiada\u0142 o swoich wojennych prze\u017cyciach tak, jakby to by\u0142a awanturnicza przygoda. Mo\u017cna by\u0142o odnie\u015b\u0107 wra\u017cenie, jakby podczas walki nie odczuwa\u0142 strachu \u2014 a przecie\u017c trudno o bardziej oczywist\u0105 emocj\u0119, gdy mowa o tamtej rzeczywisto\u015bci.<\/p>\n<p>Wanda ma poczucie, \u017ce ojciec &#8222;wydmuchiwa\u0142&#8221; strach ze swoich opowie\u015bci tak, jakby to by\u0142 dym z papierosa. Ona sama czu\u0142a si\u0119 w\u0142a\u015bnie jak bibu\u0142ka, na kt\u00f3rej ten niewyra\u017cony strach si\u0119 osadza\u0142.<\/p>\n<p>Twierdzi, \u017ce jest osob\u0105 boja\u017aliw\u0105. Jako dziecko ba\u0142a si\u0119 wsi\u0105\u015b\u0107 na konia czy skoczy\u0107 przez koz\u0142a na WF-ie. By\u0107 c\u00f3rk\u0105 bohatera wojennego i odziedziczy\u0107 po nim akurat strach \u2014 troch\u0119 g\u0142upia sprawa, prawda?<\/p>\n<p>Ona nam pokazuje, w jaki nieoczywisty spos\u00f3b mo\u017ce zosta\u0107 przekazana trauma wojenna. Co\u015b podobnego wynika\u0142o z bada\u0144, kt\u00f3re przeprowadzano w\u015br\u00f3d dzieci ludzi ocala\u0142ych z Zag\u0142ady. Ta &#8222;second generation&#8221; wychowywa\u0142a si\u0119 ju\u017c we wzgl\u0119dnie normalnych czy nawet komfortowych warunkach w por\u00f3wnaniu z warunkami, w jakich \u017cyli jej rodzice \u2014 a jednak do\u015bwiadcza\u0142a trudno\u015bci psychicznych, nieraz wi\u0119kszych ni\u017c u nich.<\/p>\n<p>Pani zna\u0142a te mechanizmy, prawda?<\/p>\n<p>Do pewnego stopnia. R\u00f3\u017cne podsk\u00f3rne napi\u0119cia, przemilczenia czy udawan\u0105 nonszalancj\u0119 rodzic\u00f3w w m\u00f3wieniu o wojnie \u2014 to zna\u0142am doskonale. Ale dopiero zag\u0142\u0119bienie si\u0119 w histori\u0119 rodzinn\u0105, w tym w prze\u017cycia mojego ojca, pozwoli\u0142o mi zobaczy\u0107, jak wojenna przesz\u0142o\u015b\u0107 oddzia\u0142ywa\u0142a na nas wszystkich.<\/p>\n<p>&#8222;Mo\u017ce to dusze pomordowanych?&#8221; Pani Szura dba o pami\u0119\u0107 ofiar rzezi wo\u0142y\u0144skiej<img class=\"ods-a-photo ods-a-photo--background\" src=\"https:\/\/www.europesays.com\/pl\/wp-content\/uploads\/2026\/09\/e44k9lBaHR0cHM6Ly9vY2RuLmV1L3B1bHNjbXMvTURBXy81MzkzNWQ0NGI5ZjMyOWJlNDU1NWQ2ZmY1MjM2MzBiZi5qcGeRlQLNA.jpeg\" height=\"255\" width=\"450\" alt=\"Pani Szura i Magdalena Rigamonti \" loading=\"lazy\" fetchpriority=\"low\" decoding=\"async\"\/><\/p>\n<p>M\u00f3wi pani o pracy nad &#8222;Czystk\u0105&#8221;, czyli poprzedni\u0105 ksi\u0105\u017ck\u0105?<\/p>\n<p>Pisa\u0142am j\u0105, \u017ceby zrekonstruowa\u0107 histori\u0119 mojej babci Franciszki Surmiak. Usz\u0142a z \u017cyciem z rzezi wo\u0142y\u0144sko-galicyjskiej \u2014 jednak wysz\u0142a z niej jako osoba ob\u0142\u0105kana. Ostatecznie zmar\u0142a w szpitalu psychiatrycznym na Opolszczy\u017anie 20 lat po zako\u0144czeniu wojny.<\/p>\n<p>Cz\u0119sto jeste\u015bmy przekonani, \u017ce nasze do\u015bwiadczenia domowe s\u0105 wyj\u0105tkowe, niepowtarzalne. Ja te\u017c d\u0142ugo my\u015bla\u0142am tak o sobie i swojej rodzinie. Po &#8222;Czystce&#8221; zacz\u0119li si\u0119 do mnie odzywa\u0107 czytelnicy. S\u0142ysza\u0142am od nich: u mnie w domu by\u0142o tak samo. Ich liczba mnie zaskoczy\u0142a. Okaza\u0142o si\u0119, \u017ce bezwiednie dotkn\u0119\u0142am jakiego\u015b zjawiska psychospo\u0142ecznego.<\/p>\n<p><img class=\"ods-a-photo ods-a-photo--background\" src=\"https:\/\/www.europesays.com\/pl\/wp-content\/uploads\/2026\/09\/_qWk9lMaHR0cDovL29jZG4uZXUvaW1hZ2VzL3B1bHNjbXMvTXpjN01EQV8vYWVjYTM4ZTI0MmQzMDlhYTYyMGYzNzQ2ZTI4NTVkN.jpeg\" height=\"800\" width=\"535\" alt=\"Katarzyna Surmiak-Doma\u0144ska\" loading=\"lazy\" fetchpriority=\"auto\" decoding=\"auto\" url=\"http:\/\/ocdn.eu\/images\/pulscms\/Mzc7MDA_\/aeca38e242d309aa620f3746e2855d7c.jpeg\" description=\"Katarzyna Surmiak-Doma\u0144ska\" author=\"Maciej Zienkiewicz \/ mat. prasowe\" source=\"\" link=\"\"\/><\/p>\n<p>Maciej Zienkiewicz \/ mat. prasowe<\/p>\n<p>Katarzyna Surmiak-Doma\u0144ska<\/p>\n<p>Moja nowa ksi\u0105\u017cka powsta\u0142a w du\u017cej mierze w\u0142a\u015bnie dzi\u0119ki rozmowom z czytelnikami &#8222;Czystki&#8221;. By\u0142a w\u015br\u00f3d nich np. Joanna Bulska, kt\u00f3ra prowadzi zak\u0142ad kosmetyczny na Ursynowie. To od niej us\u0142ysza\u0142am zdanie, kt\u00f3re sta\u0142o si\u0119 tytu\u0142em: &#8222;\u015awiat przed nami nie istnia\u0142&#8221;. Tak opisa\u0142a spos\u00f3b, w jaki opowiadali o przesz\u0142o\u015bci jej rodzice. Ich pami\u0119\u0107, poza drobnymi wzmiankami, niemal nie si\u0119ga\u0142a wojny, jakby &#8222;zaczyna\u0142a si\u0119&#8221; w momencie, kiedy rodzi\u0142y im si\u0119 dzieci.<\/p>\n<p>S\u0105 tu te\u017c rozm\u00f3wcy, do kt\u00f3rych pani sama dociera\u0142a.<\/p>\n<p>Cho\u0107by re\u017cyser Marcin Krzyszta\u0142owicz \u2014 jego &#8222;Ob\u0142awa&#8221; opowiada o partyzancie, kt\u00f3ry likwiduje niemieckich konfident\u00f3w. Zobaczy\u0142am ten film przypadkiem i uderzy\u0142o mnie jego napi\u0119cie emocjonalne.<\/p>\n<p>Od razu wyczu\u0142am, \u017ce to wszystko jest zakotwiczone w osobistej historii.<\/p>\n<p>Film jest dedykowany kapralowi &#8222;Wydrze&#8221; z AK. By\u0142 ojcem re\u017cysera.<\/p>\n<p>By\u0142am przekonana, \u017ce Krzyszta\u0142owicz zd\u0105\u017cy\u0142 od premiery filmu w 2012 r. opowiedzie\u0107 o ojcu dziesi\u0105tki razy. Tymczasem okaza\u0142o si\u0119, \u017ce nikt go o to publicznie szerzej nie pyta\u0142. Nie ukrywam, \u017ce bardzo mnie to ucieszy\u0142o.<\/p>\n<p>&#8222;Wydra&#8221;, tak jak bohater grany przez Marcina Doroci\u0144skiego, wykonywa\u0142 wyroki na kolaborantach. Syn przez wiele lat nie mia\u0142 poj\u0119cia, na czym polega\u0142y szczeg\u00f3lne zadania ojca w oddziale. Raz tylko ojciec wspomnia\u0142 o tym zdawkowo podczas wycieczki w g\u00f3ry, gdy Marcin mia\u0142 12 lat.<\/p>\n<p>Przesz\u0142o\u015b\u0107 dopad\u0142a Adama Krzyszta\u0142owicza dopiero na staro\u015b\u0107 \u2014 wy\u0142 po nocach przez sen, zapada\u0142 si\u0119 w sobie. Psychiatrka powiedzia\u0142a: &#8222;odroczony stres wojenny&#8221;.<\/p>\n<p>Skoro jeste\u015bmy przy &#8222;Ob\u0142awie&#8221; \u2014 w pani ksi\u0105\u017cce jest du\u017co odniesie\u0144 kulturowych, od Szekspira przez piosenk\u0119 &#8222;Wojenka&#8221; Lao Che po oscarowe filmy. One maj\u0105 nam co\u015b wa\u017cnego powiedzie\u0107.<\/p>\n<p>Nie wpad\u0142am sama na ten trop. Podrzuci\u0142a mi go prof. Maja Lis-Turlejska \u2014 psycholo\u017cka kliniczna, kt\u00f3ra od dekad bada zjawisko stresu pourazowego. Na zaj\u0119ciach ze studentami bierze np. fragment &#8222;Henryka IV&#8221; i poleca im znale\u017a\u0107 objawy PTSD w tym, o czym opowiadaj\u0105 szekspirowscy bohaterowie.<\/p>\n<p>Bodaj nawet w &#8222;Iliadzie&#8221; s\u0105 wzmianki o tym, \u017ce cz\u0142owiekowi potrafi\u0105 si\u0119 \u015bni\u0107 sceny z dawno minionych bitew. Pisarze, poeci, a potem tak\u017ce filmowcy dostrzegali PTSD znacznie szybciej ni\u017c mogli je dostrzec przez swoje &#8222;szkie\u0142ko i oko&#8221; naukowcy.<\/p>\n<p>Prof. Norman Davies o kulcie UPA: ta afera b\u0119dzie kosztowa\u0107 Polsk\u0119 w przysz\u0142o\u015bci<\/p>\n<p class=\"ods-o-frame-in-text__paragraph\"><a href=\"https:\/\/wiadomosci.onet.pl\/kraj\/prof-norman-davies-o-kulcie-upa-ta-afera-bedzie-kosztowac-polske-w-przyszlosci\/f99qm8y?tpcc=202608_bloczek_P&amp;S\u200b\" id=\"481f0869-26b9-4d64-b982-8a56e09d6250\" rel=\"nofollow noopener\" target=\"_blank\">Przeczytaj ca\u0142o\u015b\u0107 artyku\u0142u!<\/a><\/p>\n<p><img class=\"ods-a-photo ods-a-photo--background\" src=\"https:\/\/www.europesays.com\/pl\/wp-content\/uploads\/2026\/09\/Ag3k9lBaHR0cHM6Ly9vY2RuLmV1L3B1bHNjbXMvTURBXy8wYzhlOWRjOWZkOWQ3MDljZTRkMzFiM2U2NDlhZGQ2ZC5qcGeRlQLNA.jpeg\" height=\"300\" width=\"450\" alt=\"Norman Davies \" loading=\"lazy\" fetchpriority=\"low\" decoding=\"async\"\/><\/p>\n<p>W Stanach odkryto i zdefiniowano PTSD dopiero w 1980 r. W klinikach dla weteran\u00f3w z Wietnamu leczono ludzi, kt\u00f3rzy mieli typowe objawy \u2014 ale latami nikt nie by\u0142 w stanie po\u0142\u0105czy\u0107 ich cierpienia z prze\u017cyt\u0105 wojn\u0105. Tymczasem ju\u017c w latach 70. wchodzi\u0142y na ekrany kin filmy takie jak &#8222;Taks\u00f3wkarz&#8221; czy &#8222;\u0141owca jeleni&#8221;, w kt\u00f3rych pokazywano ludzi, kt\u00f3rych wojna zniszczy\u0142a psychicznie.<\/p>\n<p>Na filmowym przyk\u0142adzie pokazuje te\u017c pani, jak sobie w Polsce &#8222;radzono&#8221; z traum\u0105 wojny kr\u00f3tko po jej zako\u0144czeniu.<\/p>\n<p>Wie pan, jaki by\u0142 pierwszy pe\u0142nometra\u017cowy film w powojennej Polsce?<\/p>\n<p>&#8222;Zakazane piosenki&#8221;? To znaczy: tak odpowiedzia\u0142bym odruchowo, gdybym nie przeczyta\u0142 pani ksi\u0105\u017cki.<\/p>\n<p>No w\u0142a\u015bnie. Tak naprawd\u0119 tym pierwszym filmem by\u0142y &#8222;Dwie godziny&#8221; Stanis\u0142awa Wohla i J\u00f3zefa Wyszomirskiego.<\/p>\n<p>Jesieni\u0105 1946 r. zapowiadano, \u017ce ten film lada moment wejdzie do kin \u2014 czyta\u0142am zapowiedzi w archiwalnych numerach &#8222;Filmu&#8221;. Tu\u017c przed premier\u0105 produkcja niespodziewanie znikn\u0119\u0142a. Przele\u017ca\u0142a na p\u00f3\u0142ce do odwil\u017cy w latach 50. Zamiast tego w 1947 r. na ekrany wesz\u0142y &#8222;Zakazane piosenki&#8221;. Kiedy zobaczy\u0142am niedawno &#8222;Dwie godziny&#8221; w Internecie, zrozumia\u0142am, dlaczego.<\/p>\n<p>Jest jak studnia \u2014 tak pani o nim pisze.<\/p>\n<p>Lubi\u0119 &#8222;Zakazane piosenki&#8221;. Ten film zostawia nas z optymistyczn\u0105 point\u0105 zgodnie z zasad\u0105: co nas nie zabije, to nas wzmocni. Tw\u00f3rcy &#8222;Dw\u00f3ch godzin&#8221; pokazali jednak co\u015b, co chyba by\u0142o bli\u017csze prawdzie. To, co w istocie dominowa\u0142o w \u00f3wczesnym klimacie spo\u0142ecznym, to apatia, ot\u0119pienie i ludzka psychika zrujnowana przez wojn\u0119. W tym filmie nie ma nadziei.<\/p>\n<p>W\u0142adza ludowa uzna\u0142a, \u017ce nie czas na takie filmy. Cieszcie si\u0119 \u2014 wojna si\u0119 sko\u0144czy\u0142a, Polska kapitalist\u00f3w i obszarnik\u00f3w upad\u0142a, a ta socjalistyczna podnosi si\u0119 z gruz\u00f3w, oczywi\u015bcie przy pomocy bratniego narodu radzieckiego.<\/p>\n<p><img class=\"ods-a-photo ods-a-photo--background\" src=\"https:\/\/www.europesays.com\/pl\/wp-content\/uploads\/2026\/09\/bolk9lBaHR0cHM6Ly9vY2RuLmV1L3B1bHNjbXMvTURBXy82YzY4ODg1YzU2MDYzMDdlNDg0OGEyZmYzMDdiYTYzNi5qcGeRkwXNB.jpeg\" height=\"800\" width=\"515\" alt=\"Ok\u0142adka ksi\u0105\u017cki &quot;\u015awiat przed nami nie istnia\u0142. Jak wojna zosta\u0142a w naszych domach&quot;\" loading=\"lazy\" fetchpriority=\"auto\" decoding=\"auto\" url=\"https:\/\/ocdn.eu\/pulscms\/MDA_\/6c68885c5606307e4848a2ff307ba636.jpg\" description=\"Ok\u0142adka ksi\u0105\u017cki &quot;\u015awiat przed nami nie istnia\u0142. Jak wojna zosta\u0142a w naszych domach&quot;\" author=\"Wydawnictwo Agora\" source=\"\" link=\"\"\/><\/p>\n<p>Wydawnictwo Agora<\/p>\n<p>Ok\u0142adka ksi\u0105\u017cki &#8222;\u015awiat przed nami nie istnia\u0142. Jak wojna zosta\u0142a w naszych domach&#8221;<\/p>\n<p>Komuni\u015bci byli wrodzy takim badaniom<\/p>\n<p>Jest w tym jednak co\u015b dwoistego \u2014 ten optymizm nie by\u0142 chyba tylko dekretowany; odwo\u0142ywa\u0142 si\u0119 do jakiej\u015b spo\u0142ecznej potrzeby.<\/p>\n<p>Jasne. Ona by\u0142a autentyczna. Mn\u00f3stwo ludzi mia\u0142o poczucie, \u017ce wojna ukrad\u0142a im sze\u015b\u0107 lat, cz\u0119sto zabra\u0142a im bliskich. Chcieli zostawi\u0107 ten koszmar za sob\u0105, cieszy\u0107 si\u0119 \u017cyciem. Niekt\u00f3rzy mogli szczerze wierzy\u0107, \u017ce lekarstwem na psychiczne urazy z okresu wojny b\u0119dzie po prostu czas. Nieraz dopiero kilkadziesi\u0105t lat p\u00f3\u017aniej dowiadywali si\u0119, \u017ce to nie zawsze dzia\u0142a.<\/p>\n<p>Chyba te\u017c nie bardzo mieli sk\u0105d si\u0119 tego dowiedzie\u0107. Tak\u017ce naukowcom kazano trzyma\u0107 si\u0119 z daleka od wojennych traum Polak\u00f3w.<\/p>\n<p>W pierwszych latach po wojnie badacze prowadzili bardzo ciekawe badania. M\u00f3wi\u0119 przede wszystkim o Stefanie Baleyu, pierwszym polskim psychologu spo\u0142ecznym. Psycholo\u017cka Maria Kaczy\u0144ska pr\u00f3bowa\u0142a z kolei bada\u0107, jak wojna odcisn\u0119\u0142a si\u0119 na kondycji moralnej polskiej m\u0142odzie\u017cy.<\/p>\n<p>Ale to si\u0119 szybko sko\u0144czy\u0142o. Komuni\u015bci byli wrodzy takim badaniom. L\u0119kali si\u0119 psychologii, odrzucali psychoanaliz\u0119 jako kojarz\u0105c\u0105 si\u0119 z Zachodem, kapitalizmem i imperializmem. W przestrzeni publicznej nie by\u0142o miejsca nawet na przypominanie wielu wojennych do\u015bwiadcze\u0144, cho\u0107by i powszechnych. Mam na my\u015bli przede wszystkim krzywdy doznane z r\u0105k Sowiet\u00f3w.<\/p>\n<p>Opowiada pani histori\u0119 o konkursie Ministerstwa O\u015bwiaty z 1946 r. Dzieci mia\u0142y rysowa\u0107 swoje do\u015bwiadczenia z okresu wojny i okupacji.<\/p>\n<p>Te rysunki pojawia\u0142y si\u0119 w r\u00f3\u017cnych publikacjach. Tylko \u017ce najcz\u0119\u015bciej towarzyszy\u0142 im komentarz typu: wow, wstrz\u0105saj\u0105ce, \u017ce dzieci to wszystko prze\u017cy\u0142y i zapami\u0119ta\u0142y.<\/p>\n<p>K\u0142opot polega na tym, \u017ce na tych rysunkach rzadziej znajdowa\u0142o si\u0119 to, co dzieci pami\u0119ta\u0142y naprawd\u0119 i co szczerze chcia\u0142y rysowa\u0107. Cz\u0119\u015bciej to, co kazano im narysowa\u0107. Instrukcje dla szk\u00f3\u0142 wyra\u017anie m\u00f3wi\u0142y, \u017ce chodzi o pokazanie tego, jak Polacy byli krzywdzeni przez Niemc\u00f3w \u2014 i tylko przez Niemc\u00f3w.<\/p>\n<p>Nauczycielka opowiada\u0142a, jak hitlerowcy spalili fabryk\u0119, np. w Bi\u0142goraju \u2014 i dzieci siada\u0142y do pracy. Potem te rysunki mia\u0142y by\u0107 pokazywane na Zachodzie.<\/p>\n<p>To w gruncie rzeczy opowie\u015b\u0107 o tym, jak w\u0142adza lubi manipulowa\u0107 pami\u0119ci\u0105. T\u0119 o krzywdzie tak\u017ce. <\/p>\n<p>Jedna z autorek rysunk\u00f3w wyzna\u0142a po latach, \u017ce gdyby mia\u0142a rysowa\u0107 swoje prawdziwe wspomnienia, wybra\u0142aby t\u0119 noc, kiedy NKWD przysz\u0142o po jej ojca, akowca. Albo t\u0119 noc, gdy ubecy katowali jej brata w kamienicy, kt\u00f3ra s\u0105siadowa\u0142a z ich domem. Obie z matk\u0105 s\u0142ysza\u0142y jego krzyki.<\/p>\n<p>Takich rzeczy jednak nie wolno by\u0142o rysowa\u0107. Taka praca, nawet gdyby powsta\u0142a, na pewno nie trafi\u0142aby na \u017caden konkurs. Armia Czerwona czy NKWD to byli bohaterowie.<\/p>\n<p>Cyniczne manipulowanie pami\u0119ci\u0105 uderzy\u0142o mnie tym bardziej, \u017ce wykorzystywano do tego dzieci. Motyw dzieci \u015bwietnie nadaje si\u0119 do emocjonalnego szanta\u017cu. Kojarzy pan pomnik &#8222;Rze\u017a Wo\u0142y\u0144ska&#8221; w Domostawie?<\/p>\n<p>Przygl\u0105da\u0142em mu si\u0119 niedawno bli\u017cej, jeszcze nie wiedz\u0105c, \u017ce po\u015bwi\u0119ci mu pani fragment swojej ksi\u0105\u017cki. Jest to rzecz straszna, nie tylko w sensie estetycznym.<\/p>\n<p>Mamy tam dziecko nadziane na wid\u0142y, dzieci\u0119ce g\u0142\u00f3wki nadziane na sztachety, matk\u0119 z dzieckiem wychodz\u0105c\u0105 z p\u0142omieni\u2026 Naprawd\u0119 nie trzeba mi t\u0142umaczy\u0107, jak wygl\u0105da\u0142a rze\u017a na Wo\u0142yniu czy w Galicji Wschodniej \u2014 ale to epatowanie cierpieniem w\u0142a\u015bnie dzieci\u0119cym to nadu\u017cycie.<\/p>\n<p><img class=\"ods-a-photo ods-a-photo--background\" src=\"https:\/\/www.europesays.com\/pl\/wp-content\/uploads\/2026\/09\/uqqk9lBaHR0cHM6Ly9vY2RuLmV1L3B1bHNjbXMvTURBXy8yZTJmNzk5MzdlYzc4ZDIyODE1OTdmMWM5NTQzNjYyZi5qcGeRkwXNB.jpeg\" height=\"627\" width=\"940\" alt=\"Pomnik ofiar Rzezi Wo\u0142y\u0144skiej w Domostawie na Podkarpaciu \" loading=\"lazy\" fetchpriority=\"auto\" decoding=\"auto\" url=\"https:\/\/ocdn.eu\/pulscms\/MDA_\/2e2f79937ec78d2281597f1c9543662f.jpg\" description=\"Pomnik ofiar Rzezi Wo\u0142y\u0144skiej w Domostawie na Podkarpaciu \" author=\"Zdzislaw Surowaniec\/REPORTER \/ East News\" source=\"\" link=\"\"\/><\/p>\n<p>Zdzislaw Surowaniec\/REPORTER \/ East News<\/p>\n<p>Pomnik ofiar Rzezi Wo\u0142y\u0144skiej w Domostawie na Podkarpaciu <\/p>\n<p>Wymiary \u017ca\u0142oby<\/p>\n<p>I zarazem punkt wyj\u015bcia do rozmowy o tym, jak na prawdziwych sk\u0105din\u0105d krzywdach mo\u017cna hodowa\u0107 bardzo toksyczne emocje \u2014 osobiste i zbiorowe. Tu dochodzimy do w\u0105tku tzw. z\u0142ej \u017ca\u0142oby.<\/p>\n<p>Z\u0142ej, a dos\u0142ownie: nieprawdziwej \u017ca\u0142oby \u2014 &#8222;non-authentic mourning&#8221;. Tak to sformu\u0142owa\u0142 brytyjski psychoanalityk Earl Hopper.<\/p>\n<p>Chodzi o \u017ca\u0142ob\u0119, kt\u00f3ra nie spe\u0142nia swego psychologicznego zadania. W \u017ca\u0142obie chodzi nie tylko o to, by odda\u0107 ho\u0142d umar\u0142emu. Chodzi tak\u017ce o to, by op\u0142akuj\u0105cy go cz\u0142owiek m\u00f3g\u0142 uleczy\u0107 b\u00f3l po stracie i p\u00f3j\u015b\u0107 dalej ze swoim \u017cyciem.<\/p>\n<p>Hopper nie pisa\u0142 o Polsce i Polakach \u2014 ale s\u0105dz\u0119, \u017ce w jego obserwacjach \u015bwietnie mo\u017cemy si\u0119 przejrze\u0107.<\/p>\n<p>Pierwszy wymiar tej \u017ca\u0142oby jest sentymentalny. Co to znaczy?<\/p>\n<p>Chodzi tu o celebrowanie swojej roli ofiary i swojej wyj\u0105tkowo\u015bci w tej roli. To ci\u0105g\u0142e podbijanie polega na przywo\u0142ywaniu obraz\u00f3w z przesz\u0142o\u015bci: ach, jaka krzywda nas spotka\u0142a \u2014 od losu, od wrog\u00f3w, od ca\u0142ego \u015bwiata \u2014 ach, jak my cierpieli\u015bmy; nikt tak nie cierpia\u0142!<\/p>\n<p>Drugi wymiar jest odwetowy: za wszystko, co nas z\u0142ego spotka\u0142o, trzeba si\u0119 zem\u015bci\u0107. Najlepiej by\u0142oby oczywi\u015bcie zem\u015bci\u0107 si\u0119 na sprawcy \u2014 ale jak si\u0119 nie da, bo sprawca na przyk\u0142ad nie \u017cyje \u2014 mo\u017cna to przenie\u015b\u0107 na jak\u0105\u015b jednostk\u0119 czy grup\u0119 w ramach odpowiedzialno\u015bci zbiorowej. To te\u017c znamy.<\/p>\n<p>Ten wymiar jest chyba najbardziej z\u0142owrogi \u2014 historia ludzko\u015bci naznaczona jest w\u0142a\u015bnie odwetami narod\u00f3w za prawdziwe i wyimaginowane krzywdy. &#8222;Jak oni nam tak, to my im tak&#8221;. To recepta na spiral\u0119 nieszcz\u0119\u015b\u0107.<\/p>\n<p>Trzecia twarz tej nieprawdziwej \u017ca\u0142oby jest zwyci\u0119ska.<\/p>\n<p>Najbardziej intryguj\u0105ca \u2014 bo niby jak mo\u017cna traktowa\u0107 krzywd\u0119 czy strat\u0119 jako triumf? Ale polskie zakorzenienie w zdefiniowanej niedawno \u2014 przez przypadek, cho\u0107 bardzo trafnie \u2014 &#8222;kulturze sufferingu&#8221; pokazuje, \u017ce mo\u017cna. Moje cierpienie jest wi\u0119ksze ni\u017c twoje. Wi\u0119cej cierpia\u0142em, wi\u0119c jestem lepszy. I nie dam sobie odebra\u0107 mojego cierpienia ani go umniejszy\u0107. Ono mnie nobilituje.<\/p>\n<p>Kto wymy\u015bli\u0142 &#8222;tradycyjn\u0105 chlebowo\u015b\u0107&#8221;? Tak powstawa\u0142 tragikomiczny raport pe\u0142nomocniczki rz\u0105du<img class=\"ods-a-photo ods-a-photo--background\" src=\"https:\/\/www.europesays.com\/pl\/wp-content\/uploads\/2026\/09\/Fxuk9lBaHR0cHM6Ly9vY2RuLmV1L3B1bHNjbXMvTURBXy8yNmY5OTg4NDk0ZDYwZjdhZTZkYzhhYTg2MjVjOGQxOS5wbmeRlQLNA.jpeg\" height=\"253\" width=\"450\" alt=\"Donald Tusk mianowa\u0142 prof. Barbara Mr\u00f3z-Gorgo\u0144 na rz\u0105dow\u0105 pe\u0142nomocniczk\u0119 29 lipca\" loading=\"lazy\" fetchpriority=\"low\" decoding=\"async\"\/><\/p>\n<p>Podczas uroczysto\u015bci ods\u0142oni\u0119cia pomnika w Domostawie ujrza\u0142am wszystkie te trzy rodzaje nieprawdziwej \u017ca\u0142oby. Co ciekawe, wybra\u0142am si\u0119 tam, licz\u0105c na spotkanie ludzi, potomk\u00f3w ofiar, kt\u00f3rym po\u015bwi\u0119cono pomnik. Tymczasem spotka\u0142am g\u0142\u00f3wnie dzia\u0142aczy partii Konfederacja oraz motocyklist\u00f3w w sk\u00f3rach \u2014 oni, z tego, co si\u0119 zorientowa\u0142am, te\u017c bynajmniej nie mieli rodzinnych zwi\u0105zk\u00f3w z Kresami.<\/p>\n<p>Edukowani przez traumatyzacj\u0119<\/p>\n<p>Pani ksi\u0105\u017cka podsuwa trop, \u017ce PRL z jednej strony zakneblowa\u0142 Polakom mo\u017cliwo\u015b\u0107 rozmowy o traumie wojennej, a z drugiej wychowywa\u0142 do &#8222;kultury sufferingu&#8221;.<\/p>\n<p>Wr\u0119cz etosu. Spora cz\u0119\u015b\u0107 mojej edukacji szkolnej kojarzy mi si\u0119 z tym. W mojej warszawskiej podstaw\u00f3wce w latach 70. codziennie na pocz\u0105tku pierwszej lekcji od\u015bpiewywali\u015bmy hymn harcerski: &#8222;wszystko, co nasze, Polsce oddamy&#8221;, &#8222;na jej zew, w b\u00f3j czy trud&#8221; i tak dalej.<\/p>\n<p>Rany boskie, jaki b\u00f3j, jaki trud? Mia\u0142am sze\u015b\u0107 czy siedem lat i uczy\u0142am si\u0119 tych wers\u00f3w w zasadzie fonetycznie. Niewiele z nich rozumia\u0142am. Pami\u0119tam te\u017c szkoln\u0105 izb\u0119 pami\u0119ci, a w niej gablotk\u0119 z myd\u0142em \u2014 powiedziano nam, \u017ce to myd\u0142o produkowane przez Niemc\u00f3w z ludzi wi\u0119zionych w obozach.<\/p>\n<p>Wielu moich r\u00f3wie\u015bnik\u00f3w pami\u0119ta obowi\u0105zkowe wycieczki do oboz\u00f3w koncentracyjnych. Byli\u015bmy edukowani przez traumatyzacj\u0119!<\/p>\n<p>Opowie\u015bci pani bohater\u00f3w zderzaj\u0105 czytelnika z emocjonalnym wyzwaniem: wsp\u00f3\u0142czujemy ich rodzicom, kt\u00f3rzy podczas wojny tyle wycierpieli, \u017cyczymy im szansy na to, by doszli do siebie \u2014 a jednocze\u015bnie okazuje si\u0119, \u017ce oni te\u017c potrafi\u0105 by\u0107 dla swoich dzieci trudni do zniesienia. Rani\u0105 je, podcinaj\u0105 im skrzyd\u0142a. <\/p>\n<p>Ludzie g\u0142\u0119boko skrzywdzeni cz\u0119sto sami krzywdz\u0105 \u2014 to zjawisko szeroko opisane. Nie mo\u017cna tych w\u0105tk\u00f3w pomija\u0107. One tworz\u0105 bardziej z\u0142o\u017cony, a zarazem prawdziwszy obraz mapy transmisji traum.<\/p>\n<p>Motyw ofiary, kt\u00f3ra krzywdzi, bardzo mnie uderza w tej opowie\u015bci, wyrastaj\u0105cej z tragedii kobiet z Zieleniaka.<\/p>\n<p>Kiedy matka Anny przesz\u0142a podczas powstania przez Zieleniak, mia\u0142a 13 lat. Nie wiemy, czego konkretnie do\u015bwiadczy\u0142a ani czy na pewno unikn\u0119\u0142a gwa\u0142tu, kt\u00f3rego ofiar\u0105 pada\u0142y tam kobiety i dzieci. W najlepszym razie ogl\u0105da\u0142a rzeczy, kt\u00f3rych absolutnie nie powinna ogl\u0105da\u0107 13-latka.<\/p>\n<p>Jej c\u00f3rka wspomina mam\u0119 jako osob\u0119 z jednej strony dobr\u0105, troskliw\u0105 i wspaniale zorganizowan\u0105. Czasem jednak przebija\u0142a przez ni\u0105 jakby druga osobowo\u015b\u0107: rozedrgana, nadmiernie kontroluj\u0105ca, szorstka. Czy powinni\u015bmy to ocenia\u0107? Wola\u0142abym raczej pozwoli\u0107 czytelnikom, by zbli\u017cyli si\u0119 do do\u015bwiadczenia ka\u017cdej z uczestniczek tej historii.<\/p>\n<p>We wszystkich tych opowie\u015bciach wa\u017cnym czynnikiem jest przemilczenie \u2014 a w tej jest go najwi\u0119cej.<\/p>\n<p>Nie bez znaczenia jest to, \u017ce w przypadku Zieleniaka chodzi o przemoc seksualn\u0105.<\/p>\n<p>Psychoterapeutka i badaczka historii m\u00f3wionej Lidia Ujazdowska od lat 80. zbiera\u0142a relacje kobiet, kt\u00f3re przesz\u0142y przez piek\u0142o Zieleniaka. Tych \u015bwiadectw uzbiera\u0142o si\u0119 ponad 30. Mo\u017cna je przeczyta\u0107 w ksi\u0105\u017cce &#8222;Zag\u0142ada Ochoty&#8221;. Ka\u017cda z tych kobiet m\u00f3wi\u0142a, \u017ce widzia\u0142a tam gwa\u0142ty i \u017ce by\u0142y one powszechne \u2014 ale \u017cadna nie przyzna\u0142a, \u017ce j\u0105 sam\u0105 to spotka\u0142o.<\/p>\n<p>Witold Szab\u0142owski o rzezi wo\u0142y\u0144skiej. &#8222;Ukrai\u0144cy przerazili si\u0119 tym, co okaza\u0142o si\u0119 w czasie ekshumacji&#8221;<\/p>\n<p class=\"ods-o-frame-in-text__paragraph\"><a href=\"https:\/\/wiadomosci.onet.pl\/swiat\/szablowski-ukraincy-przerazili-sie-tym-co-okazalo-sie-w-czasie-ekshumacji\/3brdd3k?tpcc=202608_bloczek_P&amp;S\u200b\" id=\"17b588de-bc4a-4258-a385-6c3f8668ee85\" rel=\"nofollow noopener\" target=\"_blank\">Przeczytaj ca\u0142o\u015b\u0107 artyku\u0142u!<\/a><\/p>\n<p><img class=\"ods-a-photo ods-a-photo--background\" src=\"https:\/\/www.europesays.com\/pl\/wp-content\/uploads\/2026\/09\/uP5k9lBaHR0cHM6Ly9vY2RuLmV1L3B1bHNjbXMvTURBXy8zOWYxNWQ1MDMzMWM2NWVjZWJiZTljNDA2NmQ5N2RkYy5qcGeRlQLNA.jpeg\" height=\"300\" width=\"450\" alt=\"Witold Szab\u0142owski\" loading=\"lazy\" fetchpriority=\"low\" decoding=\"async\"\/><\/p>\n<p>O czym nam to m\u00f3wi?<\/p>\n<p>O sile tabu. O l\u0119ku przed stygmatyzacj\u0105. Kobiety, wspominaj\u0105c gwa\u0142ty na Zieleniaku, by\u0142y w swoich relacjach zawsze tylko \u015bwiadkiniami, nigdy ofiarami. W Niemczech, o ile mi wiadomo, gwa\u0142ty dokonywane masowo przez czerwonoarmist\u00f3w nie by\u0142y i nie s\u0105 \u017cadn\u0105 tajemnic\u0105. Niemki nie mia\u0142y oporu, \u017ceby przyznawa\u0107, \u017ce zosta\u0142y zgwa\u0142cone. To sprawcy mieli czu\u0107 si\u0119 winni, nie one.<\/p>\n<p>Inna sprawa, \u017ce w Polsce z powod\u00f3w politycznych w og\u00f3le trudno by\u0142o m\u00f3wi\u0107 o tym, \u017ce opr\u00f3cz Niemek radzieccy \u017co\u0142nierze gwa\u0142cili tak\u017ce Polki. Radziecki \u017co\u0142nierz by\u0142 przecie\u017c wyzwolicielem.<\/p>\n<p>Ale mechanizm, kt\u00f3ry dzisiaj nazywamy &#8222;victim blamingiem&#8221;, te\u017c dzia\u0142a\u0142.<\/p>\n<p>W ksi\u0105\u017cce &#8222;Kasz\u00ebb\u00eb&#8221; Tomasz S\u0142omczy\u0144ski pisze m.in. o gwa\u0142tach, kt\u00f3rych pod koniec wojny do\u015bwiadcza\u0142y Kaszubki. Zapisuje czyje\u015b straszne s\u0142owa, \u017ce Sowieci gwa\u0142cili Kaszubki, ale tylko &#8222;puszczalskie&#8221;. To stwierdzenie jest nie tyle absurdalne, co niezwykle perfidne.<\/p>\n<p>Kiedy si\u0119 chwil\u0119 zastanowi\u0107, ma ono swoj\u0105 funkcj\u0119 psychologiczn\u0105. Te zbrodnie mia\u0142y swoich naocznych \u015bwiadk\u00f3w, kt\u00f3rzy nie byli w stanie ofiarom pom\u00f3c. Trudno sobie z tak\u0105 \u015bwiadomo\u015bci\u0105 poradzi\u0107 \u2014 ale \u0142atwiej, kiedy si\u0119 obci\u0105\u017cy skrzywdzon\u0105 kobiet\u0119 zarzutem, \u017ce si\u0119 jako\u015b do gwa\u0142tu sama przyczyni\u0142a.<\/p>\n<p>Poza tym to pozwala odsun\u0105\u0107 od siebie pytania o to, co spotka\u0142o bliskie nam kobiety: matki, babcie, siostry. &#8222;Babcia nie by\u0142a puszczalska, wi\u0119c jej na pewno nie zgwa\u0142cili&#8221;. To bardzo uspokajaj\u0105ce wyja\u015bnienie, prawda?<\/p>\n<p>Wybitny ukrai\u0144ski historyk m\u00f3wi wprost: na Wo\u0142yniu dosz\u0142o do ludob\u00f3jstwa. G\u0142\u00f3wna odpowiedzialno\u015b\u0107 le\u017cy po naszej stronie<\/p>\n<p class=\"ods-o-frame-in-text__paragraph\"><a href=\"https:\/\/wiadomosci.onet.pl\/kraj\/jaroslaw-hrycak-wybitny-ukrainski-historyk-mowi-wprost-na-wolyniu-doszlo-do\/kqlkw6h?tpcc=202608_bloczek_P&amp;S\u200b\" id=\"b95d045d-a5c0-4861-8279-b143606c8624\" rel=\"nofollow noopener\" target=\"_blank\">Przeczytaj ca\u0142o\u015b\u0107 artyku\u0142u!<\/a><\/p>\n<p><img class=\"ods-a-photo ods-a-photo--background\" src=\"https:\/\/www.europesays.com\/pl\/wp-content\/uploads\/2026\/09\/a7Tk9lBaHR0cHM6Ly9vY2RuLmV1L3B1bHNjbXMvTURBXy85YjBlMjY2YjU3ZGRjMDg3MWUzYmQwMzM2MDZhYjBjZi5qcGeRlQLNA.jpeg\" height=\"300\" width=\"450\" alt=\"Jaros\u0142aw Hrycak\" loading=\"lazy\" fetchpriority=\"low\" decoding=\"async\"\/>&#8222;Tamto&#8221; wraca<\/p>\n<p>Po &#8222;Czystce&#8221; mia\u0142a ju\u017c pani pewn\u0105 wiedz\u0119 o tym, jak si\u0119 wojenna trauma odciska na kolejnych pokoleniach \u2014 przez to niekt\u00f3re z mechanizm\u00f3w opisanych tutaj nie musia\u0142y by\u0107 a\u017c tak uderzaj\u0105ce. A co pani\u0105 jednak zaskoczy\u0142o?<\/p>\n<p>Powiem o dw\u00f3ch rzeczach \u2014 obie w jaki\u015b spos\u00f3b \u0142\u0105cz\u0105 si\u0119 z do\u015bwiadczeniami mojej rodziny.<\/p>\n<p>Uderzy\u0142o mnie to, \u017ce trauma potrafi z tak\u0105 moc\u0105 powr\u00f3ci\u0107 po wielu latach. Cz\u0142owiek mo\u017ce s\u0105dzi\u0107, \u017ce &#8222;by\u0142o, min\u0119\u0142o&#8221;, \u017ce ju\u017c si\u0119 z tym upora\u0142. I to nie musi si\u0119 wydawa\u0107 nieprawd\u0105, tak\u017ce jego bliskim: kto\u015b potrafi si\u0119 cieszy\u0107 \u017cyciem, okazywa\u0107 rado\u015b\u0107 i wigor, by\u0107 dusz\u0105 towarzystwa \u2014 i tak przez 40 lat.<\/p>\n<p>A potem w 41. roku &#8222;tamto&#8221; wraca \u2014 i przychodz\u0105 za\u0142amania, krzyki i wycie po nocach, a nawet pr\u00f3by samob\u00f3jcze.<\/p>\n<p>I to jest co\u015b innego ni\u017c staro\u015b\u0107?<\/p>\n<p>Psychologowie t\u0142umacz\u0105 to tym, \u017ce z wiekiem s\u0142abnie tak\u017ce nasz aparat samokontroli psychicznej. Je\u015bli skrzywdzony cz\u0142owiek wykszta\u0142ci\u0142 sobie jakie\u015b lepsze lub gorsze mechanizmy obronne i my\u015bla\u0142, \u017ce zamkn\u0105\u0142 swoj\u0105 traum\u0119 na amen w kuferku i wyrzuci\u0142 klucz \u2014 to te mechanizmy na staro\u015b\u0107 tak\u017ce s\u0142abn\u0105.<\/p>\n<p>M\u00f3j ojciec r\u00f3wnie\u017c w pewnym momencie \u017cycia jakby &#8222;zapad\u0142 si\u0119&#8221; w fotel. My\u015bl\u0119, \u017ce to by\u0142o co\u015b wi\u0119cej ni\u017c wp\u0142yw staro\u015bci.<\/p>\n<p>To ta pierwsza rzecz. A druga?<\/p>\n<p>Zdumiewa mnie, jak cz\u0119sto ludzie s\u0105 gotowi odmawia\u0107 uznania, \u017ce wojna ma moc niszczenia psychiki \u2014 indywidualnej i zbiorowej. A je\u015bli ju\u017c s\u0105 gotowi to dostrzec, to te\u017c na zasadzie: &#8222;to nie o nas&#8221;. Jacy\u015b Niemcy, jacy\u015b Sowieci czy jacy\u015b upowcy robili okropne rzeczy \u2014 ale nas i naszych bliskich na pewno to psychicznie nie poturbowa\u0142o.<\/p>\n<p>Pisarka Sylwia Zientek, kt\u00f3rej matka prze\u017cy\u0142a jako dziecko rze\u017a wo\u0142y\u0144sk\u0105, opowiedzia\u0142a mi o swoim wujku Wacku. W 1943 r. na jego oczach torturowano jego siostr\u0119 i zabijano jej dzieci. Po tamtym do\u015bwiadczeniu straci\u0142 mow\u0119, &#8222;zwariowa\u0142&#8221;, jak to si\u0119 m\u00f3wi\u0142o. Nie wyszed\u0142 z tego do ko\u0144ca \u017cycia.<\/p>\n<p>Ca\u0142a rodzina wiedzia\u0142a o tym, co go spotka\u0142o. Wiedzia\u0142a, w kt\u00f3rym momencie \u017cycia jego psychika nieodwracalnie si\u0119 posypa\u0142a. Ale ca\u0142y czas twierdzono, \u017ce to skutek nieszcz\u0119\u015bliwej mi\u0142o\u015bci, kt\u00f3r\u0105 mia\u0142 prze\u017cy\u0107 jeszcze przed wojn\u0105.<\/p>\n<p>To zupe\u0142nie absurdalne. Jakby kto\u015b dodawa\u0142 dwa do dw\u00f3ch i upiera\u0142 si\u0119, \u017ce wychodzi wszystko, tylko nie cztery.<\/p>\n<p>W ksi\u0105\u017cce jest wi\u0119cej takich przypadk\u00f3w. Dla mnie najwa\u017cniejsza jest historia mojej babci Frani, od kt\u00f3rej przecie\u017c wychodzi\u0142am.<\/p>\n<p>W trakcie czystki partyzanci z UPA zarekwirowali dom mojej babci. Urz\u0105dzali w nim swoje zebrania, a tak\u017ce libacje. Pili, grali w karty, \u015bpiewali antypolskie piosenki \u2014 i przechwalali si\u0119, kogo ju\u017c zamordowali i zgwa\u0142cili. Frania by\u0142a tam ca\u0142y czas za \u015bcian\u0105.<\/p>\n<p>I nie wiadomo, co dok\u0142adnie j\u0105 spotka\u0142o \u2014 ale wiadomo, \u017ce sko\u0144czy\u0142o si\u0119 ob\u0142\u0119dem?<\/p>\n<p>W mojej rodzinie m\u00f3wi si\u0119, \u017ce Frania nie mog\u0142a podnie\u015b\u0107 si\u0119 z \u017calu po tym, jak upowcy zastrzelili jej siostr\u0119. Nikt nie dopuszcza tego, \u017ce mog\u0142y jej si\u0119 przytrafi\u0107 jeszcze gorsze rzeczy.<\/p>\n<p>Katarzyna Surmiak-Doma\u0144ska \u2014 reporterka zwi\u0105zana od lat z &#8222;Gazet\u0105 Wyborcz\u0105&#8221;. Wsp\u00f3\u0142pracuje jako tutor z Polsk\u0105 Szko\u0142\u0105 Reporta\u017cu. Wyda\u0142a dwa autorskie zbiory reporta\u017cy: &#8222;Beznadziejna ucieczka przed Basi\u0105&#8221; i &#8222;\u017byletka&#8221;, a tak\u017ce opowie\u015b\u0107 reportersk\u0105 pt. &#8222;Mokrade\u0142ko&#8221;, kt\u00f3ra znalaz\u0142a si\u0119 w finale Nagrody Literackiej Nike 2013. Nominacj\u0119 do Nike (oraz do Nagrody im. Beaty Pawlak i Nagrody im. Ryszarda Kapu\u015bci\u0144skiego) przynios\u0142a jej ksi\u0105\u017cka &#8222;Ku Klux Klan. Tu mieszka mi\u0142o\u015b\u0107&#8221;. Jej &#8222;Czystka&#8221; otrzyma\u0142a szereg nagr\u00f3d i nominacji (m.in. fina\u0142 Literackiej Nagrody Europy \u015arodkowej ANGELUS i fina\u0142 Grand Press \u2014 Ksi\u0105\u017cka Reporterska Roku 2022); zosta\u0142a uznana przez &#8222;Ksi\u0105\u017cki. Magazyn do Czytania&#8221; za najlepsz\u0105 ksi\u0105\u017ck\u0119 2021 r. Z pocz\u0105tkiem wrze\u015bnia ukazuje si\u0119 (nak\u0142adem Wydawnictwa Agora) najnowsza ksi\u0105\u017cka Surmiak-Doma\u0144skiej: &#8222;\u015awiat przed nami nie istnia\u0142. Jak wojna zosta\u0142a w naszych domach&#8221;<\/p>\n","protected":false},"excerpt":{"rendered":"Katarzyna Surmiak-Doma\u0144ska: Uku\u0142a j\u0105 Wanda Likiernik, c\u00f3rka s\u0142ynnego powsta\u0144ca warszawskiego Stanis\u0142awa Likiernika. On opowiada\u0142 o swoich wojennych prze\u017cyciach&hellip;\n","protected":false},"author":2,"featured_media":660281,"comment_status":"","ping_status":"","sticky":false,"template":"","format":"standard","meta":{"footnotes":"","_share_on_mastodon":"0"},"categories":[12],"tags":[56,61195,32,33,36,37,27,5059,6979,49,34,35,28,31,48,25,46,42,38,40,39,41,2103,47,1758,29,30,2611,26,892,7659],"class_list":["post-660280","post","type-post","status-publish","format-standard","has-post-thumbnail","category-polska","tag-article_premium","tag-bottomfeed_styl","tag-breaking-news","tag-breakingnews","tag-featured-news","tag-featurednews","tag-headlines","tag-historia_o_historia","tag-ii_wojna_swiatowa","tag-kraj","tag-latest-news","tag-latestnews","tag-naglowki","tag-najwazniejsze-artykuly","tag-nat_styl","tag-news","tag-omp","tag-pl","tag-poland","tag-polish","tag-polska","tag-polski","tag-psychologia","tag-screening_general","tag-teksty_spoleczne","tag-top-stories","tag-topstories","tag-trauma","tag-wiadomosci","tag-wojna","tag-wolyn"],"share_on_mastodon":{"url":"https:\/\/pubeurope.com\/@pl\/117196476229287468","error":""},"_links":{"self":[{"href":"https:\/\/www.europesays.com\/pl\/wp-json\/wp\/v2\/posts\/660280","targetHints":{"allow":["GET"]}}],"collection":[{"href":"https:\/\/www.europesays.com\/pl\/wp-json\/wp\/v2\/posts"}],"about":[{"href":"https:\/\/www.europesays.com\/pl\/wp-json\/wp\/v2\/types\/post"}],"author":[{"embeddable":true,"href":"https:\/\/www.europesays.com\/pl\/wp-json\/wp\/v2\/users\/2"}],"replies":[{"embeddable":true,"href":"https:\/\/www.europesays.com\/pl\/wp-json\/wp\/v2\/comments?post=660280"}],"version-history":[{"count":0,"href":"https:\/\/www.europesays.com\/pl\/wp-json\/wp\/v2\/posts\/660280\/revisions"}],"wp:featuredmedia":[{"embeddable":true,"href":"https:\/\/www.europesays.com\/pl\/wp-json\/wp\/v2\/media\/660281"}],"wp:attachment":[{"href":"https:\/\/www.europesays.com\/pl\/wp-json\/wp\/v2\/media?parent=660280"}],"wp:term":[{"taxonomy":"category","embeddable":true,"href":"https:\/\/www.europesays.com\/pl\/wp-json\/wp\/v2\/categories?post=660280"},{"taxonomy":"post_tag","embeddable":true,"href":"https:\/\/www.europesays.com\/pl\/wp-json\/wp\/v2\/tags?post=660280"}],"curies":[{"name":"wp","href":"https:\/\/api.w.org\/{rel}","templated":true}]}}