{"id":660320,"date":"2026-09-01T15:45:14","date_gmt":"2026-09-01T15:45:14","guid":{"rendered":"https:\/\/www.europesays.com\/pl\/660320\/"},"modified":"2026-09-01T15:45:14","modified_gmt":"2026-09-01T15:45:14","slug":"boniek-reaguje-na-doniesienia-ws-lewego-sugeruje-spotkanie","status":"publish","type":"post","link":"https:\/\/www.europesays.com\/pl\/660320\/","title":{"rendered":"Boniek reaguje na doniesienia ws. &#8222;Lewego&#8221;. Sugeruje spotkanie"},"content":{"rendered":"\n<p class=\"contentpart contentpart--default contentpart--text\" data-position=\"0\">Szokuj\u0105ce doniesienia przekaza\u0142 w poniedzia\u0142ek &#8222;Super Express&#8221;. Dotycz\u0105 one <a href=\"https:\/\/sportowefakty.wp.pl\/pilka-nozna\/robert-lewandowski\" rel=\"nofollow noopener\" target=\"_blank\">Roberta Lewandowskiego<\/a>. Wszyscy zastanawiali si\u0119, co z jego gr\u0105 dla kadry Polski po braku awansu na mistrzostwa \u015bwiata 2026.<\/p>\n<p class=\"contentpart contentpart--default contentpart--text\" data-position=\"1\">Zdaniem dziennikarzy &#8222;SE&#8221;, Robert Lewandowski chce przyjecha\u0107 na zgrupowanie, ale tylko na mecz z Bo\u015bni\u0105 i Hercegowin\u0105 25 wrze\u015bnia. Termin kolejnych spotka\u0144 naszej kadry ze Szwecj\u0105, Rumuni\u0105 i rewan\u017cu z Bo\u015bni\u0105, koliduj\u0105 mu z meczami w\u00a0<a href=\"https:\/\/sportowefakty.wp.pl\/pilka-nozna\/chicago-fire\" rel=\"nofollow noopener\" target=\"_blank\">Chicago Fire<\/a>, wi\u0119c Lewandowski chcia\u0142by wr\u00f3ci\u0107 wcze\u015bniej do Stan\u00f3w Zjednoczonych. Takie ruchy skrytykowa\u0142 sam Zbigniew Boniek.<\/p>\n<p>  <img decoding=\"async\" src=\"https:\/\/v.wpimg.pl\/X3dwLnN2d1IFFTpdYUl6R0ZNbgcnEHQREVV2TGEGbUtRT2MdOlZ2RBQUKABgQjQcDRotCStBd1IAAWMeIlM7VgwYIAorQAdEFFk_GCkQJQ\" alt=\"\" width=\"45\" height=\"58\" loading=\"lazy\"\/>  <\/p>\n<p class=\"contentpart contentpart--default contentpart--text\" data-position=\"2\">ZOBACZ WIDEO: Rak\u00f3w wyeliminowany w Cz\u0119stochowie. Tak zachowali si\u0119 kibice<\/p>\n<p class=\"contentpart contentpart--default contentpart--text\" data-position=\"4\">&#8211; Wed\u0142ug mnie to heca. Powinno si\u0119 odby\u0107 szczerze spotkanie pomi\u0119dzy prezesem Kulesz\u0105, Janem Urbanem i Robertem Lewandowskim. Powinna pojawi\u0107 si\u0119 jaka\u015b deklaracja, czy b\u0119dzie w kolejnych dw\u00f3ch latach gra\u0142 we wszystkich meczach kadry. Jak nie, to musimy szuka\u0107 opcji &#8211; przyzna\u0142 <a href=\"https:\/\/sportowefakty.wp.pl\/pilka-nozna\/zbigniew-boniek\" rel=\"nofollow noopener\" target=\"_blank\">Zbigniew Boniek<\/a>\u00a0w programie &#8222;Prawda Futbolu&#8221;.<\/p>\n<p class=\"contentpart contentpart--default contentpart--text\" data-position=\"5\">Daleki jest od m\u00f3wienia, \u017ce rezygnacja Lewandowskiego sparali\u017cowa\u0142aby reprezentacj\u0119 Polski. Jego zdaniem potrzeba jednak jasnej deklaracji.<\/p>\n<p class=\"contentpart contentpart--default contentpart--text\" data-position=\"6\">&#8211; Kiedy\u015b by\u0142 Luba\u0144ski, ale jego czas si\u0119 sko\u0144czy\u0142. Tak samo Szarmacha czy Lato, a kadra jako\u015b funkcjonowa\u0142a. Bez Lewandowskiego b\u0119dzie du\u017co trudniej, ale to nie znaczy, \u017ce nie mo\u017cna b\u0119dzie gra\u0107 w pi\u0142k\u0119. Robert nie jest jakim\u015b tam zawodnikiem. Kiedy jest w kadrze, to ca\u0142a dziesi\u0105tka gra pod niego. Je\u015bli Lewandowski deklaruje, \u017ce chce walczy\u0107 o mistrzostwa Europy, to powinien przyjecha\u0107 i by\u0107 z t\u0105 dru\u017cyn\u0105 &#8211; doda\u0142 Boniek.<\/p>\n","protected":false},"excerpt":{"rendered":"Szokuj\u0105ce doniesienia przekaza\u0142 w poniedzia\u0142ek &#8222;Super Express&#8221;. Dotycz\u0105 one Roberta Lewandowskiego. Wszyscy zastanawiali si\u0119, co z jego gr\u0105&hellip;\n","protected":false},"author":2,"featured_media":660321,"comment_status":"","ping_status":"","sticky":false,"template":"","format":"standard","meta":{"footnotes":"","_share_on_mastodon":"0"},"categories":[24],"tags":[31286,269,42,38,40,39,41,273,127,126,4061],"class_list":["post-660320","post","type-post","status-publish","format-standard","has-post-thumbnail","category-sport","tag-chicago-fire","tag-pilka-nozna","tag-pl","tag-poland","tag-polish","tag-polska","tag-polski","tag-robert-lewandowski","tag-sport","tag-sports","tag-zbigniew-boniek"],"share_on_mastodon":{"url":"https:\/\/pubeurope.com\/@pl\/117196563518066913","error":""},"_links":{"self":[{"href":"https:\/\/www.europesays.com\/pl\/wp-json\/wp\/v2\/posts\/660320","targetHints":{"allow":["GET"]}}],"collection":[{"href":"https:\/\/www.europesays.com\/pl\/wp-json\/wp\/v2\/posts"}],"about":[{"href":"https:\/\/www.europesays.com\/pl\/wp-json\/wp\/v2\/types\/post"}],"author":[{"embeddable":true,"href":"https:\/\/www.europesays.com\/pl\/wp-json\/wp\/v2\/users\/2"}],"replies":[{"embeddable":true,"href":"https:\/\/www.europesays.com\/pl\/wp-json\/wp\/v2\/comments?post=660320"}],"version-history":[{"count":0,"href":"https:\/\/www.europesays.com\/pl\/wp-json\/wp\/v2\/posts\/660320\/revisions"}],"wp:featuredmedia":[{"embeddable":true,"href":"https:\/\/www.europesays.com\/pl\/wp-json\/wp\/v2\/media\/660321"}],"wp:attachment":[{"href":"https:\/\/www.europesays.com\/pl\/wp-json\/wp\/v2\/media?parent=660320"}],"wp:term":[{"taxonomy":"category","embeddable":true,"href":"https:\/\/www.europesays.com\/pl\/wp-json\/wp\/v2\/categories?post=660320"},{"taxonomy":"post_tag","embeddable":true,"href":"https:\/\/www.europesays.com\/pl\/wp-json\/wp\/v2\/tags?post=660320"}],"curies":[{"name":"wp","href":"https:\/\/api.w.org\/{rel}","templated":true}]}}