{"id":660364,"date":"2026-09-01T16:11:22","date_gmt":"2026-09-01T16:11:22","guid":{"rendered":"https:\/\/www.europesays.com\/pl\/660364\/"},"modified":"2026-09-01T16:11:22","modified_gmt":"2026-09-01T16:11:22","slug":"rosnie-liczba-domniemanych-aktow-sabotazu","status":"publish","type":"post","link":"https:\/\/www.europesays.com\/pl\/660364\/","title":{"rendered":"Ro\u015bnie liczba domniemanych akt\u00f3w sabota\u017cu"},"content":{"rendered":"<p>&#13;<br \/>\n  Prokuratura prowadzi \u015bledztwo w sprawie po\u017car\u00f3w, kt\u00f3re wybuch\u0142y w niedziel\u0119 i poniedzia\u0142ek w zak\u0142adach produkuj\u0105cych sprz\u0119t wojskowy i jego elementy. W ostatnich dniach odnotowano wi\u0119cej tego typu zdarze\u0144. S\u0142u\u017cby, kt\u00f3re badaj\u0105 te przypadki, nie wykluczaj\u0105 \u017cadnych scenariuszy, ale szczeg\u00f3\u0142y na razie pozostaj\u0105 nieznane.&#13;\n<\/p>\n<p>&#13;<br \/>\n  &#13;<br \/>\n    <img loading=\"lazy\" decoding=\"async\" style=\"display: block; margin-left: auto; margin-right: auto;\" src=\"https:\/\/www.europesays.com\/pl\/wp-content\/uploads\/2026\/09\/111290.jpeg\" alt=\"\" width=\"800\" height=\"533\"\/>&#13;<br \/>\n  &#13;\n<\/p>\n<p>&#13;<br \/>\n  <a href=\"https:\/\/www.polska-zbrojna.pl\/home\/articleshow\/47050?t=Ogien-w-dziale-montazu-w-zakladzie-Grupy-WB\" target=\"_blank\" rel=\"nofollow noopener\">Po\u017car w zak\u0142adach WB Electronics w Skar\u017cysku-Kamiennej<\/a>, produkuj\u0105cych cz\u0119\u015bci do dron\u00f3w, wybuch\u0142 w nocy z niedzieli na poniedzia\u0142ek 31 sierpnia. Jak poinformowa\u0142a Prokuratura Krajowa, wszcz\u0119te po zdarzeniu \u015bledztwo jest prowadzone \u201ew sprawie brania udzia\u0142u w dzia\u0142alno\u015bci obcego wywiadu przeciwko Rzeczypospolitej Polskiej i dopuszczenia si\u0119 przest\u0119pstwa o charakterze terrorystycznym, polegaj\u0105cego na celowym wywo\u0142aniu po\u017caru (\u2026) poprzez pod\u0142o\u017cenie \u0142adunku zawieraj\u0105cego materia\u0142y \u0142atwopalne\u201d. Jak podaj\u0105 s\u0142u\u017cby, w wyniku zdarzenia zniszczeniu uleg\u0142y pomieszczenia magazynowe, a straty wynosz\u0105 co najmniej 15 mln z\u0142.<\/p>\n<p>\u2013 Sygna\u0142y z kraj\u00f3w europejskich pokazuj\u0105, \u017ce akt\u00f3w terroru mo\u017ce by\u0107 coraz wi\u0119cej \u2013 oceni\u0142 we wtorek minister spraw wewn\u0119trznych i administracji Marcin Kierwi\u0144ski. \u2013 Dop\u00f3ki prokuratura nie zako\u0144czy \u015bledztwa, s\u0142u\u017cby nie sko\u0144cz\u0105 dzia\u0142a\u0144, nie powiemy tego ze stuprocentow\u0105 pewno\u015bci\u0105, ale wszystko wskazuje na to, \u017ce mieli\u015bmy do czynienia z aktem sabota\u017cu, dywersji. Policja i Agencja Bezpiecze\u0144stwa Wewn\u0119trznego pracuj\u0105 nad tym, aby ustali\u0107, kto za tym sta\u0142 i na czyje zlecenie \u2013 powiedzia\u0142 szef MSWiA.<\/p>\n<p>Za udzia\u0142 w dzia\u0142alno\u015bci obcego wywiadu lub dzia\u0142anie na jego rzecz grozi kara od pi\u0119ciu lat wi\u0119zienia do do\u017cywocia. Post\u0119powanie w sprawie po\u017caru w fabryce WB Electronics prowadz\u0105 wsp\u00f3lnie prokuratura, ABW i policja; dotychczas nikomu nie przedstawiono zarzut\u00f3w.<\/p>\n<p>&#13;<br \/>\n  &#13;<br \/>\n    MSWiA: to oddzielne zdarzenia&#13;<br \/>\n  &#13;\n<\/p>\n<p>W niedziel\u0119 30 sierpnia z kolei wybuch\u0142 po\u017car na terenie zak\u0142adu JFG Composites przy ul. Kasprowicza w Lublinie. Szkody w fabryce produkuj\u0105cej\u00a0komponenty na potrzeby przemys\u0142u lotniczego wst\u0119pnie oszacowano na 5 mln euro. Firma jest poddostawc\u0105 sp\u00f3\u0142ki Leonardo, do kt\u00f3rej nale\u017cy PZL-\u015awidnik.<\/p>\n<p>Wszcz\u0119te przez lubelsk\u0105 Prokuratur\u0119 Okr\u0119gow\u0105 \u015bledztwo dotyczy \u201esprowadzenia zdarzenia zagra\u017caj\u0105cego \u017cyciu lub zdrowiu wielu os\u00f3b albo mieniu w wielkich rozmiarach\u201d. Prokuratorzy analizuj\u0105 zar\u00f3wno wersj\u0119 celowego podpalenia, jak i wybuchu po\u017caru w wyniku awarii technicznej lub z przyczyn samoistnych.<\/p>\n<p>Wed\u0142ug prokuratury \u201ena obecnym, wst\u0119pnym etapie \u015bledztwa brak jest podstaw do kategorycznego potwierdzenia lub wykluczenia kt\u00f3rejkolwiek z przyj\u0119tych wersji\u201d. Jak podaje TVP Info, po\u017car w Lublinie mia\u0142by by\u0107 skutkiem sabota\u017cu wschodnich s\u0142u\u017cb. Minister Kierwi\u0144ski, pytany o powi\u0105zanie zdarzenia z incydentem ze Skar\u017cyska-Kamiennej, stwierdzi\u0142, \u017ce na dzi\u015b nie jest ono oczywiste. \u2013 Je\u017celi chodzi o kwesti\u0119 lubelsk\u0105, nie mam twardego przekonania, \u017ce mieli\u015bmy do czynienia z sabota\u017cem. W przypadku Skar\u017cyska wszystkie znaki wskazuj\u0105 na akt terroru, akt sabota\u017cu \u2013 powiedzia\u0142 szef MSWiA.<\/p>\n<p>Polityk zwr\u00f3ci\u0142 uwag\u0119, \u017ce w Skar\u017cysku-Kamiennej \u201esabota\u017cysta \u2013 czy domniemamy sabota\u017cysta \u2013 nie osi\u0105gn\u0105\u0142 celu\u201d, kt\u00f3ry, jak wynika ze \u015bledztwa, by\u0142 znacznie dalej id\u0105cy, poniewa\u017c podejrzany zosta\u0142 przep\u0142oszony przez pracownika zak\u0142ad\u00f3w.<\/p>\n<p>&#13;<br \/>\n  <img loading=\"lazy\" decoding=\"async\" style=\"display: block; margin-left: auto; margin-right: auto;\" src=\"https:\/\/www.europesays.com\/pl\/wp-content\/uploads\/2026\/09\/111291.jpeg\" alt=\"\" width=\"800\" height=\"533\"\/>&#13;\n<\/p>\n<p>&#13;<br \/>\n  &#13;<br \/>\n    Musimy by\u0107 gotowi na akty sabota\u017cu&#13;<br \/>\n  &#13;\n<\/p>\n<p>\u2013 Kolejne sygna\u0142y z kraj\u00f3w europejskich pokazuj\u0105, \u017ce tych akt\u00f3w terroru, sabota\u017cu mo\u017ce by\u0107 coraz wi\u0119cej. Musimy by\u0107 na to przygotowani, my wszyscy jako spo\u0142ecze\u0144stwo, ale przede wszystkim nasze s\u0142u\u017cby \u2013 doda\u0142 Kierwi\u0144ski. Minister zwr\u00f3ci\u0142 uwag\u0119 na niepokoj\u0105ce sygna\u0142y, kt\u00f3re p\u0142yn\u0105 z Ukrainy i \u201esta\u0142y za wizyt\u0105 szefa CIA w Rosji\u201d.<\/p>\n<p>Zdarzenia ze Skar\u017cyska-Kamiennej i Lublina to niejedyne takie przypadki w ostatnich dniach w Polsce lub w krajach s\u0105siednich. \u017bandarmeria Wojskowa i policja w Elbl\u0105gu, pod nadzorem Prokuratury Rejonowej Olsztyn Po\u0142udnie, prowadzi czynno\u015bci w sprawie fa\u0142szywego alarmu bombowego wywo\u0142anego 31 sierpnia w jednej z jednostek wojskowych wojew\u00f3dztwa warmi\u0144sko-mazurskiego. Zatrzymano dw\u00f3ch podejrzanych m\u0119\u017cczyzn maj\u0105cych polskie obywatelstwo.<\/p>\n<p>Do kolejnego incydentu dosz\u0142o w Tarnobrzegu (woj. podkarpackie). Pilot ma\u0142ego cywilnego \u015bmig\u0142owca zarejestrowanego we W\u0142oszech zerwa\u0142 tam niepod\u0142\u0105czone przewody linii wysokiego napi\u0119cia. Po zdarzeniu wyl\u0105dowa\u0142, by oceni\u0107 uszkodzenia maszyny, i odlecia\u0142.<\/p>\n<p>We wtorek natomiast media poinformowa\u0142y o znalezieniu \u0142adunk\u00f3w zapalaj\u0105cych przy podstacji energetycznej w Brandenburgii w pobli\u017cu granicy z Polsk\u0105. W sierpniu za\u015b s\u0142owackie s\u0142u\u017cby zatrzyma\u0142y trzech obcokrajowc\u00f3w przygotowuj\u0105cych podpalenie fabryki dron\u00f3w. W tym samym miesi\u0105cu na lotnisku w Lipsku czasowo wstrzymano ruch po znalezieniu drona z \u0142adunkiem wybuchowym. Lipski port lotniczy jest wykorzystywany do transportu sprz\u0119tu wojskowego w ramach wsparcia dla Ukrainy.<\/p>\n<p>W ubieg\u0142ym tygodniu dyrektor CIA John Ratcliffe odwiedzi\u0142 Moskw\u0119. Wed\u0142ug medi\u00f3w wizyta by\u0142a zwi\u0105zana ze zdobytymi przez Amerykan\u00f3w danymi o przygotowaniach Rosji do ewentualnej mobilizacji i mia\u0142a s\u0142u\u017cy\u0107 ostrze\u017ceniu Kremla, by nie eskalowa\u0142 konfliktu na kraje sprzymierzone ze Stanami Zjednoczonymi, np. na pa\u0144stwa ba\u0142tyckie.<\/p>\n","protected":false},"excerpt":{"rendered":"&#13; Prokuratura prowadzi \u015bledztwo w sprawie po\u017car\u00f3w, kt\u00f3re wybuch\u0142y w niedziel\u0119 i poniedzia\u0142ek w zak\u0142adach produkuj\u0105cych sprz\u0119t wojskowy&hellip;\n","protected":false},"author":2,"featured_media":660365,"comment_status":"","ping_status":"","sticky":false,"template":"","format":"standard","meta":{"footnotes":"","_share_on_mastodon":"0"},"categories":[12],"tags":[2891,425,4096,2838,8660,52570,18211,42,38,2279,40,39,50002,52571,41,128472,128471,18456,128473,161,5041,6573],"class_list":["post-660364","post","type-post","status-publish","format-standard","has-post-thumbnail","category-polska","tag-armia","tag-bezpieczenstwo","tag-dywersja","tag-marcin-kierwinski","tag-ministerstwo-obrony-narodowej","tag-obrona-narodowa","tag-oficer","tag-pl","tag-poland","tag-poligon","tag-polish","tag-polska","tag-polska-zbrojna","tag-polska-zbrojna-pl","tag-polski","tag-pozar-jfg-composites-lublin","tag-pozar-wb-electronics-skarzysko-kamienna","tag-sabotaz","tag-smiglowiec-zerwal-przewody-w-tarnobrzegu","tag-wojsko","tag-wojsko-polskie","tag-zolnierz"],"share_on_mastodon":{"url":"https:\/\/pubeurope.com\/@pl\/117196665504009593","error":""},"_links":{"self":[{"href":"https:\/\/www.europesays.com\/pl\/wp-json\/wp\/v2\/posts\/660364","targetHints":{"allow":["GET"]}}],"collection":[{"href":"https:\/\/www.europesays.com\/pl\/wp-json\/wp\/v2\/posts"}],"about":[{"href":"https:\/\/www.europesays.com\/pl\/wp-json\/wp\/v2\/types\/post"}],"author":[{"embeddable":true,"href":"https:\/\/www.europesays.com\/pl\/wp-json\/wp\/v2\/users\/2"}],"replies":[{"embeddable":true,"href":"https:\/\/www.europesays.com\/pl\/wp-json\/wp\/v2\/comments?post=660364"}],"version-history":[{"count":0,"href":"https:\/\/www.europesays.com\/pl\/wp-json\/wp\/v2\/posts\/660364\/revisions"}],"wp:featuredmedia":[{"embeddable":true,"href":"https:\/\/www.europesays.com\/pl\/wp-json\/wp\/v2\/media\/660365"}],"wp:attachment":[{"href":"https:\/\/www.europesays.com\/pl\/wp-json\/wp\/v2\/media?parent=660364"}],"wp:term":[{"taxonomy":"category","embeddable":true,"href":"https:\/\/www.europesays.com\/pl\/wp-json\/wp\/v2\/categories?post=660364"},{"taxonomy":"post_tag","embeddable":true,"href":"https:\/\/www.europesays.com\/pl\/wp-json\/wp\/v2\/tags?post=660364"}],"curies":[{"name":"wp","href":"https:\/\/api.w.org\/{rel}","templated":true}]}}