{"id":660386,"date":"2026-09-01T16:22:12","date_gmt":"2026-09-01T16:22:12","guid":{"rendered":"https:\/\/www.europesays.com\/pl\/660386\/"},"modified":"2026-09-01T16:22:12","modified_gmt":"2026-09-01T16:22:12","slug":"tusk-ulegl-presji-jacek-karnowski-to-zauwazyl","status":"publish","type":"post","link":"https:\/\/www.europesays.com\/pl\/660386\/","title":{"rendered":"Tusk uleg\u0142 presji? Jacek Karnowski to zauwa\u017cy\u0142"},"content":{"rendered":"<p data-v-01d4021f=\"\">Czy Tusk zmieni\u0142 swoj\u0105 narracje podczas przem\u00f3wie\u0144 z okazji wybuchu II wojny \u015bwiatowej. Jacek Karnowski, redaktor naczelny Telewizji wPolsce24 i tygodnika &#8222;Sieci&#8221;, zauwa\u017cy\u0142 pewne zmiany w zachowaniu Tuska. &#8222;Nie jest idealnie, ale konsekwentna pedagogika patriotyczna przynios\u0142a pewne sukcesy&#8221; &#8211; podsumowa\u0142 wyst\u0105pienie premiera na Westerplatte. <\/p>\n<p data-v-01d4021f=\"\">Podczas przem\u00f3wienia na Westerplatte premier Donald Tusk przypomnia\u0142, \u017ce to w\u0142a\u015bnie w Gda\u0144sku rozpocz\u0119\u0142a si\u0119 II wojna \u015bwiatowa i \u017ce konsekwentnie Polska przypomina o tym ca\u0142emu \u015bwiatu.\u00a0<\/p>\n<p data-v-01d4021f=\"\">Ka\u017cdego roku Gda\u0144szczanie i go\u015bcie z ca\u0142ej Polski spotykaj\u0105 si\u0119 w tym \u015bwi\u0119tym dla nas wszystkich miejscu na Westerplatte. To tu rozp\u0119ta\u0142o si\u0119 piek\u0142o II wojny \u015bwiatowej. To w tym miejscu przywracamy co roku pami\u0119\u0107 wszystkim, nie tylko w Polsce, nie tylko w Europie<\/p>\n<p data-v-01d4021f=\"\">&#8211; m\u00f3wi\u0142 Tusk.\u00a0<\/p>\n<p data-v-01d4021f=\"\">Pad\u0142o nawet sformu\u0142owanie &#8222;hitlerowskie Niemcy&#8221; w kontek\u015bcie tego, kto jest odpowiedzialny za atak na Polsk\u0119 w 1939 roku.\u00a0<\/p>\n<p data-v-01d4021f=\"\">Przez te dzii\u0119ciolecia zawsze m\u00f3wili\u015bmy my Polacy dok\u0142adnie to samo. Nigdy wi\u0119cej wojny, nigdy wi\u0119cej faszyzmu. M\u00f3wili\u015bmy o tym, \u017ce odpowiedzialno\u015b\u0107 za koszmar II wojny \u015bwiatowej spada na hitlerowskie Niemcy, a tak\u017ce na sowieck\u0105 Rosj\u0119<\/p>\n<p data-v-01d4021f=\"\">&#8211; o\u015bwiadczy\u0142 premier.\u00a0<\/p>\n<p>&#8222;Konsekwentna pedagogika patriotyczna przynios\u0142a pewne sukcesy&#8221;<\/p>\n<p data-v-01d4021f=\"\">Wypowied\u017a premiera skomentowa\u0142 Jacek Karnowski. Redaktor naczelny Telewizji wPolsce24 zwr\u00f3ci\u0142 uwag\u0119, \u017ce z ust premiera pad\u0142a jasna deklaracja na temat tego, kto by\u0142 agresorem w 1939 roku.\u00a0<\/p>\n<p data-v-01d4021f=\"\">Najpierw pojawiaj\u0105 si\u0119 &#8222;Gda\u0144szczanie&#8221; (tak jak gdyby Westerplatte by\u0142o spraw\u0105 lokaln\u0105), ale w ko\u0144cu pada s\u0142owo &#8222;Niemcy&#8221;, co prawda &#8222;hitlerowskie&#8221;. Nie jest idealnie, ale konsekwentna pedagogika patriotyczna przynios\u0142a pewne sukcesy<\/p>\n<p data-v-01d4021f=\"\">&#8211; napisa\u0142 na portalu X Karnowski.\u00a0<\/p>\n<p data-v-01d4021f=\"\">Publicysta jest przekonany, \u017ce gdyby nie konsekwentna, historyczna narracja polskiej prawicy, to by\u0107 mo\u017ce Donald Tusk nie u\u017cy\u0142by tak zdecydowanych sformu\u0142owa\u0144 wobec Niemc\u00f3w.\u00a0<\/p>\n<p data-v-01d4021f=\"\">Pozostaje jednak my\u015bl: o czym i jak m\u00f3wi\u0142by premier Tusk, gdyby nie prawicowa opozycja? Czy nie jest tak, \u017ce prawdziwa dusza jego obozu wybrzmiewa w przem\u00f3wieniach Aleksandry Dulkiewicz?<\/p>\n<p data-v-01d4021f=\"\">&#8211; zastanawia\u0142 si\u0119 redaktor.\u00a0<\/p>\n<p data-v-01d4021f=\"\">kh\/\u0179r. wPolityce.pl za X<\/p>\n","protected":false},"excerpt":{"rendered":"Czy Tusk zmieni\u0142 swoj\u0105 narracje podczas przem\u00f3wie\u0144 z okazji wybuchu II wojny \u015bwiatowej. Jacek Karnowski, redaktor naczelny Telewizji&hellip;\n","protected":false},"author":2,"featured_media":660387,"comment_status":"","ping_status":"","sticky":false,"template":"","format":"standard","meta":{"footnotes":"","_share_on_mastodon":"0"},"categories":[62713],"tags":[121116,1345,88380,127822,13347,72917,907,99789,4362,2462,1005,380,423,231,127821,123474,3654],"class_list":["post-660386","post","type-post","status-publish","format-standard","has-post-thumbnail","category-donald-tusk","tag-analizy-polityczne","tag-donald-tusk","tag-komentarze-polityczne","tag-kulisy-polityki","tag-opozycja","tag-partie-polityczne","tag-polityka","tag-polityka-krajowa","tag-polityka-zagraniczna","tag-polska-polityka","tag-prezydent","tag-rzad","tag-sejm","tag-sondaze","tag-wiadomosci-polityczne","tag-wpolityce-pl","tag-wybory"],"share_on_mastodon":{"url":"https:\/\/pubeurope.com\/@pl\/117196708193820995","error":""},"_links":{"self":[{"href":"https:\/\/www.europesays.com\/pl\/wp-json\/wp\/v2\/posts\/660386","targetHints":{"allow":["GET"]}}],"collection":[{"href":"https:\/\/www.europesays.com\/pl\/wp-json\/wp\/v2\/posts"}],"about":[{"href":"https:\/\/www.europesays.com\/pl\/wp-json\/wp\/v2\/types\/post"}],"author":[{"embeddable":true,"href":"https:\/\/www.europesays.com\/pl\/wp-json\/wp\/v2\/users\/2"}],"replies":[{"embeddable":true,"href":"https:\/\/www.europesays.com\/pl\/wp-json\/wp\/v2\/comments?post=660386"}],"version-history":[{"count":0,"href":"https:\/\/www.europesays.com\/pl\/wp-json\/wp\/v2\/posts\/660386\/revisions"}],"wp:featuredmedia":[{"embeddable":true,"href":"https:\/\/www.europesays.com\/pl\/wp-json\/wp\/v2\/media\/660387"}],"wp:attachment":[{"href":"https:\/\/www.europesays.com\/pl\/wp-json\/wp\/v2\/media?parent=660386"}],"wp:term":[{"taxonomy":"category","embeddable":true,"href":"https:\/\/www.europesays.com\/pl\/wp-json\/wp\/v2\/categories?post=660386"},{"taxonomy":"post_tag","embeddable":true,"href":"https:\/\/www.europesays.com\/pl\/wp-json\/wp\/v2\/tags?post=660386"}],"curies":[{"name":"wp","href":"https:\/\/api.w.org\/{rel}","templated":true}]}}