{"id":660388,"date":"2026-09-01T16:23:16","date_gmt":"2026-09-01T16:23:16","guid":{"rendered":"https:\/\/www.europesays.com\/pl\/660388\/"},"modified":"2026-09-01T16:23:16","modified_gmt":"2026-09-01T16:23:16","slug":"nawrocki-o-roli-niemiec-sikorski-moglby-sobie-odpuscic-wredne-insynuacje","status":"publish","type":"post","link":"https:\/\/www.europesays.com\/pl\/660388\/","title":{"rendered":"Nawrocki o roli Niemiec. Sikorski: M\u00f3g\u0142by sobie odpu\u015bci\u0107 wredne insynuacje"},"content":{"rendered":"\n<p>&#13;<br \/>\nW 87. rocznic\u0119 wybuchu II\u00a0wojny \u015bwiatowej prezydent Karol Nawrocki i\u00a0premier Donald Tusk wzi\u0119li udzia\u0142 w\u00a0uroczysto\u015bciach przed Pomnikiem Obro\u0144c\u00f3w Wybrze\u017ca na\u00a0Westerplatte. &#13;\n<\/p>\n<p>Kolejna rocznica wybuchu II\u00a0wojny \u015bwiatowej. Nawrocki o\u00a0roli Niemiec<\/p>\n<p>&#13;<br \/>\nG\u0142owa pa\u0144stwa zwr\u00f3ci\u0142a uwag\u0119 na\u00a0rol\u0119 Niemiec w\u00a0rozpocz\u0119ciu II\u00a0wojny \u015bwiatowej. &#13;\n<\/p>\n<p>&#13;<br \/>\n\u2013 Trzeba pami\u0119ta\u0107, \u017ce\u00a01 wrze\u015bnia 1939\u00a0r. rozpocz\u0119\u0142a si\u0119 hekatomba, pandemonium. 1\u00a0wrze\u015bnia to\u00a0by\u0142a brama to\u00a0hekatomby i\u00a0pandemonium na\u00a0narodzie polskim, wyrz\u0105dzona przez Niemc\u00f3w i\u00a0przez Sowiet\u00f3w. 6\u00a0milion\u00f3w zamordowanych polskich obywateli. 17 procent obywateli II\u00a0RP. Co\u00a0sz\u00f3sty. W\u015br\u00f3d nich blisko 90 proc. cywil\u00f3w \u2013\u00a0<a href=\"https:\/\/dorzeczy.pl\/opinie\/936514\/nawrocki-to-jest-prawda-z-ktora-wielki-problem-maja-rzadzacy.html\" rel=\"nofollow noopener\" target=\"_blank\">przypomnia\u0142 prezydent<\/a>. &#13;\n<\/p>\n<p>&#13;<br \/>\n\u2013 Sp\u00f3jrzcie pa\u0144stwo obok siebie. Co\u00a0sz\u00f3sty Polak zgin\u0105\u0142 podczas II\u00a0wojny \u015bwiatowej. O\u00a0tym nie\u00a0mo\u017cemy zapomnie\u0107. Nie\u00a0mo\u017cemy zapomnie\u0107 tu, na\u00a0Westerplatte, i\u00a0nie mo\u017cemy zapomnie\u0107, podejmuj\u0105c codzienne decyzje. Cho\u0107 wielu z\u00a0pa\u0144stwa powie, \u017ce\u00a0to\u00a0s\u0105 fakty dobrze znane, to\u00a0prawda i\u00a0odpowiedzialno\u015b\u0107 wymaga z\u00a0jednej strony ich powtarzania, a\u00a0z\u00a0drugiej strony wymaga dzi\u015b od\u00a0rz\u0105dz\u0105cych tak\u017ce \u015bwiadomo\u015bci, \u017ce\u00a0istnieje prawda o\u00a0II wojnie \u015bwiatowej, kt\u00f3ra jest tak s\u0142abo s\u0142yszalna u\u00a0naszych zachodnich s\u0105siad\u00f3w, sojusznik\u00f3w, w\u00a0Berlinie, w\u00a0Niemczech. Prawda, kt\u00f3rej nie\u00a0zna albo nie\u00a0chce pozna\u0107 Europa. Prawda, z\u00a0kt\u00f3r\u0105, niestety, wielki problem maj\u0105 dzisiaj tak\u017ce rz\u0105dz\u0105cy. A\u00a0musimy wszyscy uzmys\u0142awia\u0107 sobie i\u00a0powtarza\u0107, cho\u0107 to\u00a0boli, ale\u00a0jest potrzebne, \u017ce\u00a0Niemcy nie\u00a0potrzebowa\u0142y Adolfa Hitlera, \u017ceby gardzi\u0107 Polsk\u0105, Polakami, Polkami i\u00a0polsko\u015bci\u0105. Przyk\u0142ad\u00f3w na\u00a0to\u00a0jest za\u00a0wiele. Ju\u017c w\u00a0XIX wieku liberalni literaci, wielkie marki pruskiej literatury, z\u00a0pogard\u0105 pisali o\u00a0Polsce, Polakach, Polkach, o\u00a0polsko\u015bci, m\u00f3wi\u0105c o\u00a0nas nic wi\u0119cej, tylko \u017ce\u00a0jeste\u015bmy &#8222;Irokezami ze\u00a0Wschodu&#8221;. Kontynuatork\u0105 tej antypolskiej histerii i\u00a0antypolonizmu by\u0142a demokratyczna ju\u017c Republika Weimarska, w\u00a0kt\u00f3rej antypolonizm by\u0142 centrum kultury politycznej. Antypolonizm by\u0142 tym, co\u00a0\u0142\u0105czy\u0142o lewic\u0119, prawic\u0119 i\u00a0niemieckich libera\u0142\u00f3w. Przyk\u0142ad\u00f3w tego jest wiele \u2013\u00a0zauwa\u017cy\u0142. &#13;\n<\/p>\n<p>Sikorski o\u00a0Nawrockim: Apeluje do\u00a0patriot\u00f3w czy\u00a0do\u00a0zdrajc\u00f3w?<\/p>\n<p>&#13;<br \/>\nS\u0142owa prezydenta skrytykowa\u0142 w\u00a0mediach spo\u0142eczno\u015bciowych wicepremier i\u00a0minister spraw zagranicznych Rados\u0142aw Sikorski. &#13;\n<\/p>\n<p>&#13;<br \/>\n&#8222;Przemawiaj\u0105c na\u00a0Westerplatte w\u00a0rocznic\u0119 wybuchu wojny Karol Nawrocki m\u00f3g\u0142by sobie odpu\u015bci\u0107 wredne insynuacje o\u00a0rzekomej partii niemieckiej w\u00a0Polsce tym bardziej gdy w\u00a0nast\u0119pnym zdaniu apeluje o\u00a0jedno\u015b\u0107&#8221; \u2013\u00a0napisa\u0142 na\u00a0portalu X Sikorski. Polityk oznaczy\u0142 w\u00a0swoim wpisie g\u0142ow\u0119 pa\u0144stwa. &#13;\n<\/p>\n<p>&#13;<br \/>\n&#8222;Apeluje do\u00a0patriot\u00f3w czy\u00a0do\u00a0zdrajc\u00f3w?&#8221; \u2013\u00a0zapyta\u0142 szef MSZ. &#13;\n<\/p>\n<p>&#13;<br \/>\nDalej pad\u0142y jeszcze ostrzejsze s\u0142owa. &#8222;Bezczelne to\u00a0i\u00a0g\u0142upie&#8221; \u2013\u00a0podsumowa\u0142 Sikorski &#13;\n<\/p>\n<p>&#13;<br \/>\n   Czytaj te\u017c:<br \/><a href=\"https:\/\/dorzeczy.pl\/kraj\/936502\/rozpoczely-sie-obchody-87-rocznicy-wybuchu-ii-wojny-swiatowej-na-westerplatte.html\" rel=\"follow nofollow noopener\" data-schema=\"DORZECZY\" data-image=\"https:\/\/img.dorzeczy.pl\/_thumb\/75\/cd\/6f08fcf56f31c92342cec6ef497b.jpeg\" target=\"_blank\">Prezydent i\u00a0premier w\u00a0Gda\u0144sku. Uroczysto\u015bci na\u00a0Westerplatte<\/a>   Czytaj te\u017c:<br \/><a href=\"https:\/\/dorzeczy.pl\/opinie\/936523\/tusk-odpowiedzialnosc-spada-na-hitlerowskie-niemcy-i-sowiecka-rosje.html\" rel=\"follow nofollow noopener\" data-schema=\"DORZECZY\" data-image=\"https:\/\/img.dorzeczy.pl\/_thumb\/ed\/4d\/12e85eaebd148b47742b3b64ede6.jpeg\" target=\"_blank\">Tusk: Lekcja z\u00a01939 roku jest prosta, cho\u0107 wci\u0105\u017c niewielu j\u0105 rozumie<\/a>&#13;<\/p>\n","protected":false},"excerpt":{"rendered":"&#13; W 87. rocznic\u0119 wybuchu II\u00a0wojny \u015bwiatowej prezydent Karol Nawrocki i\u00a0premier Donald Tusk wzi\u0119li udzia\u0142 w\u00a0uroczysto\u015bciach przed Pomnikiem&hellip;\n","protected":false},"author":2,"featured_media":660389,"comment_status":"","ping_status":"","sticky":false,"template":"","format":"standard","meta":{"footnotes":"","_share_on_mastodon":"0"},"categories":[62712],"tags":[8966,98,3375,690,3940,49,1315,295,102,128474,1005,4616,128072,1316,80,55602],"class_list":["post-660388","post","type-post","status-publish","format-standard","has-post-thumbnail","category-karol-nawrocki","tag-1-wrzesnia","tag-dorzeczy","tag-ii-wojna-swiatowa","tag-karol-nawrocki","tag-ko","tag-kraj","tag-nawrocki","tag-niemcy","tag-opinie","tag-partia-niemiecka","tag-prezydent","tag-przemowienie","tag-rocznica-wybuchu-ii-wojny-swiatowej","tag-sikorski","tag-swiat","tag-westerplatte"],"share_on_mastodon":{"url":"https:\/\/pubeurope.com\/@pl\/117196712041935958","error":""},"_links":{"self":[{"href":"https:\/\/www.europesays.com\/pl\/wp-json\/wp\/v2\/posts\/660388","targetHints":{"allow":["GET"]}}],"collection":[{"href":"https:\/\/www.europesays.com\/pl\/wp-json\/wp\/v2\/posts"}],"about":[{"href":"https:\/\/www.europesays.com\/pl\/wp-json\/wp\/v2\/types\/post"}],"author":[{"embeddable":true,"href":"https:\/\/www.europesays.com\/pl\/wp-json\/wp\/v2\/users\/2"}],"replies":[{"embeddable":true,"href":"https:\/\/www.europesays.com\/pl\/wp-json\/wp\/v2\/comments?post=660388"}],"version-history":[{"count":0,"href":"https:\/\/www.europesays.com\/pl\/wp-json\/wp\/v2\/posts\/660388\/revisions"}],"wp:featuredmedia":[{"embeddable":true,"href":"https:\/\/www.europesays.com\/pl\/wp-json\/wp\/v2\/media\/660389"}],"wp:attachment":[{"href":"https:\/\/www.europesays.com\/pl\/wp-json\/wp\/v2\/media?parent=660388"}],"wp:term":[{"taxonomy":"category","embeddable":true,"href":"https:\/\/www.europesays.com\/pl\/wp-json\/wp\/v2\/categories?post=660388"},{"taxonomy":"post_tag","embeddable":true,"href":"https:\/\/www.europesays.com\/pl\/wp-json\/wp\/v2\/tags?post=660388"}],"curies":[{"name":"wp","href":"https:\/\/api.w.org\/{rel}","templated":true}]}}