{"id":660418,"date":"2026-09-01T16:41:13","date_gmt":"2026-09-01T16:41:13","guid":{"rendered":"https:\/\/www.europesays.com\/pl\/660418\/"},"modified":"2026-09-01T16:41:13","modified_gmt":"2026-09-01T16:41:13","slug":"niemcy-reaguja-na-atak-przy-granicy-z-polska-udalo-sie-zapobiec-czemus-gorszemu","status":"publish","type":"post","link":"https:\/\/www.europesays.com\/pl\/660418\/","title":{"rendered":"Niemcy reaguj\u0105 na atak przy granicy z Polsk\u0105. &#8222;Uda\u0142o si\u0119 zapobiec czemu\u015b gorszemu&#8221;"},"content":{"rendered":"<p>Premier Brandenburgii Dietmar Woidke (SPD) zwr\u00f3ci\u0142 jednak uwag\u0119, \u017ce tego typu ataki na infrastruktur\u0119 krytyczn\u0105 s\u0105 traktowane bardzo powa\u017cnie przez w\u0142adze regionu. \u2014 Uda\u0142o si\u0119 zapobiec czemu\u015b gorszemu \u2014 doda\u0142 w rozmowie z lokalnymi mediami.<\/p>\n<p>Polityk stanowczo pot\u0119pi\u0142 atak. &#8222;Kto pr\u00f3buje sabotowa\u0107 nasz\u0105 krytyczn\u0105 infrastruktur\u0119 i sparali\u017cowa\u0107 \u017cycie spo\u0142eczne, atakuje nas wszystkich&#8221; \u2014 o\u015bwiadczy\u0142. &#8222;Nie damy si\u0119 szanta\u017cowa\u0107 ani zastrasza\u0107&#8221; \u2014 zapewni\u0142.<\/p>\n<p><a href=\"https:\/\/www.onet.pl\/\" title=\"Strona G\u0142\u00f3wna\" aria-label=\"Strona G\u0142\u00f3wna\" data-astro-prefetch=\"tap\" class=\"ods-a-logo-main-desktop\" rel=\"nofollow noopener\" target=\"_blank\"><img src=\"https:\/\/cdn.wiadomosci.onet.pl\/img\/Logo_desktop_Onet.svg\" class=\"ods-a-logo-main-desktop__image\" alt=\"Logo\" width=\"107\" height=\"60\" fetchpriority=\"high\" decoding=\"sync\" style=\"height:60px\"\/><\/a><\/p>\n<p class=\"ods-m-google-article__text\">Czytaj nas cz\u0119\u015bciej w Google<\/p>\n<p><a href=\"https:\/\/google.com\/preferences\/source?q=wiadomosci.onet.pl\" target=\"_blank\" rel=\"noopener noreferrer nofollow\" aria-label=\"Dodaj w Google\" title=\"Dodaj w Google\" class=\"ods-a-button ods-a-button__primary ods-a-button__default ods-a-button-l\">Dodaj w Google<\/a><\/p>\n<p>Wed\u0142ug informacji przekazanych przez operatora sieci 50Hertz, w wyniku ataku dosz\u0142o do kr\u00f3tkotrwa\u0142ej przerwy w dostawie energii elektrycznej. Przedstawiciele firmy zapewnili jednak, \u017ce wszystkie linie zosta\u0142y ju\u017c przywr\u00f3cone do dzia\u0142ania, a og\u00f3lne zasilanie nie jest obecnie zagro\u017cone.<\/p>\n<p>Nieznane motywy sprawc\u00f3w<\/p>\n<p>Policja nie ujawni\u0142a, czy u\u017cyte w ataku materia\u0142y to by\u0142y rakiety, czy te\u017c bro\u0144 innego typu. Funkcjonariusze poinformowali, \u017ce na miejscu znaleziono &#8222;niekonwencjonalne \u0142adunki wybuchowe i zapalaj\u0105ce&#8221;. Nadal nie wiadomo, kto odpowiada za pod\u0142o\u017cenie tych materia\u0142\u00f3w ani jakie by\u0142y motywy dzia\u0142ania sprawc\u00f3w.<\/p>\n<p class=\"ods-o-frame-in-text__paragraph\"><a href=\"https:\/\/wiadomosci.onet.pl\/swiat\/zapora-ogniowa-w-niemczech-zawiodla-skrajna-prawica-idzie-po-wladze\/9hw67l5?tpcc=202608_bloczek_newsroom\" id=\"a11f2b6c-dfa9-488b-b8b9-593715ac639c\" rel=\"nofollow noopener\" target=\"_blank\">&#8222;Zapora ogniowa&#8221; w Niemczech zawiod\u0142a. Skrajna prawica idzie po w\u0142adz\u0119<\/a><\/p>\n<p><img class=\"ods-a-photo ods-a-photo--background\" src=\"https:\/\/www.europesays.com\/pl\/wp-content\/uploads\/2026\/09\/hfak9lBaHR0cHM6Ly9vY2RuLmV1L3B1bHNjbXMvTURBXy81NjMzYTg1YTg4YTE1MmU5MDdmZjVmOTU2ZDYwNGI1Yi5qcGeRlQLNA.jpeg\" height=\"300\" width=\"450\" alt=\"Ko\u0142o fortuny z nazwami niemieckich partii politycznych na wiecu wyborczym AfD w Saksonii-Anhalt\" loading=\"lazy\" fetchpriority=\"low\" decoding=\"async\"\/><\/p>\n<p>Ekspert od pirotechniki, kt\u00f3ry analizowa\u0142 zdj\u0119cia zabezpieczonych materia\u0142\u00f3w, przekaza\u0142 redakcjom &#8222;MAZ&#8221; i RND, \u017ce nie by\u0142y to fajerwerki dopuszczone do u\u017cytku rekreacyjnego ani profesjonalne fajerwerki wielkogabarytowe. Wed\u0142ug niego konstrukcja zabezpieczonych \u0142adunk\u00f3w znacz\u0105co r\u00f3\u017cni si\u0119 od znanych materia\u0142\u00f3w pirotechnicznych.<\/p>\n<p>\u015aledczy wci\u0105\u017c nie ustalili, czy wtorkowy incydent ma zwi\u0105zek z wcze\u015bniejszymi atakami na sie\u0107 energetyczn\u0105 w po\u0142udniowo-zachodnim Berlinie oraz na fabryk\u0119 Tesli w Grunheide pod Berlinem. \u015aledczy analizuj\u0105 wszystkie mo\u017cliwe scenariusze i nie wykluczaj\u0105 \u017cadnych hipotez.<\/p>\n<p>Minister spraw wewn\u0119trznych Brandenburgii, Jan Redmann (CDU), zapowiedzia\u0142, \u017ce w zwi\u0105zku z ostatnimi wydarzeniami planuje nowelizacj\u0119 ustawy o policji. Celem zmian ma by\u0107 zwi\u0119kszenie bezpiecze\u0144stwa infrastruktury krytycznej i skuteczniejsze przeciwdzia\u0142anie podobnym incydentom w przysz\u0142o\u015bci.<\/p>\n","protected":false},"excerpt":{"rendered":"Premier Brandenburgii Dietmar Woidke (SPD) zwr\u00f3ci\u0142 jednak uwag\u0119, \u017ce tego typu ataki na infrastruktur\u0119 krytyczn\u0105 s\u0105 traktowane bardzo&hellip;\n","protected":false},"author":2,"featured_media":660419,"comment_status":"","ping_status":"","sticky":false,"template":"","format":"standard","meta":{"footnotes":"","_share_on_mastodon":"0"},"categories":[12],"tags":[744,61195,17100,48,295,46,42,38,40,39,41,47,80],"class_list":["post-660418","post","type-post","status-publish","format-standard","has-post-thumbnail","category-polska","tag-atak","tag-bottomfeed_styl","tag-elektrownia","tag-nat_styl","tag-niemcy","tag-omp","tag-pl","tag-poland","tag-polish","tag-polska","tag-polski","tag-screening_general","tag-swiat"],"share_on_mastodon":{"url":"https:\/\/pubeurope.com\/@pl\/117196783711871963","error":""},"_links":{"self":[{"href":"https:\/\/www.europesays.com\/pl\/wp-json\/wp\/v2\/posts\/660418","targetHints":{"allow":["GET"]}}],"collection":[{"href":"https:\/\/www.europesays.com\/pl\/wp-json\/wp\/v2\/posts"}],"about":[{"href":"https:\/\/www.europesays.com\/pl\/wp-json\/wp\/v2\/types\/post"}],"author":[{"embeddable":true,"href":"https:\/\/www.europesays.com\/pl\/wp-json\/wp\/v2\/users\/2"}],"replies":[{"embeddable":true,"href":"https:\/\/www.europesays.com\/pl\/wp-json\/wp\/v2\/comments?post=660418"}],"version-history":[{"count":0,"href":"https:\/\/www.europesays.com\/pl\/wp-json\/wp\/v2\/posts\/660418\/revisions"}],"wp:featuredmedia":[{"embeddable":true,"href":"https:\/\/www.europesays.com\/pl\/wp-json\/wp\/v2\/media\/660419"}],"wp:attachment":[{"href":"https:\/\/www.europesays.com\/pl\/wp-json\/wp\/v2\/media?parent=660418"}],"wp:term":[{"taxonomy":"category","embeddable":true,"href":"https:\/\/www.europesays.com\/pl\/wp-json\/wp\/v2\/categories?post=660418"},{"taxonomy":"post_tag","embeddable":true,"href":"https:\/\/www.europesays.com\/pl\/wp-json\/wp\/v2\/tags?post=660418"}],"curies":[{"name":"wp","href":"https:\/\/api.w.org\/{rel}","templated":true}]}}