{"id":660420,"date":"2026-09-01T16:42:14","date_gmt":"2026-09-01T16:42:14","guid":{"rendered":"https:\/\/www.europesays.com\/pl\/660420\/"},"modified":"2026-09-01T16:42:14","modified_gmt":"2026-09-01T16:42:14","slug":"warszawa-nowy-sezon-w-teatrze-lalek-guliwer","status":"publish","type":"post","link":"https:\/\/www.europesays.com\/pl\/660420\/","title":{"rendered":"Warszawa. Nowy sezon w Teatrze Lalek Guliwer"},"content":{"rendered":"<p>Trzy premiery inspirowane literatur\u0105 dzieci\u0119c\u0105, nowe projekty edukacyjne, dzia\u0142ania na rzecz dost\u0119pno\u015bci, cykl s\u0142uchowisk dla m\u0142odzie\u017cy oraz otwarcie nowej przestrzeni edukacyjnej \u2014 Teatr Lalek Guliwer przedstawia program sezonu 2026\/2027. Jego my\u015bl\u0105 przewodni\u0105 s\u0105 \u201eZachwyty\u201d.<\/p>\n<p>            <a data-lightbox=\"article-gallery\" href=\"https:\/\/e-teatr.pl\/files\/multimedias\/182554\/zachwyty_sezon_Guliwer.jpg\" rel=\"nofollow noopener\" target=\"_blank\">&#13;<br \/>\n        <img loading=\"lazy\" decoding=\"async\" src=\"https:\/\/www.europesays.com\/pl\/wp-content\/uploads\/2026\/09\/thumb_zachwyty_sezon_Guliwer.jpg\" alt=\"\" title=\"mat. teatru\" width=\"1100\" height=\"1375\"\/>      <\/a><\/p>\n<p>fot. mat. teatru<\/p>\n<p>Po 80 latach dzia\u0142alno\u015bci Teatr Guliwer wchodzi w kolejny etap swojej historii. Jubileuszowy sezon by\u0142 dla Teatru nie tylko okazj\u0105 do spojrzenia wstecz, ale przede wszystkim momentem, by pyta\u0107 o to, co dzi\u015b mo\u017ce zachwyci\u0107 m\u0142odego widza i widzk\u0119 w teatrze?<\/p>\n<p>\u00a0&#8211; Tegoroczny sezon w Guliwerze otwieramy pod has\u0142em \u201eZachwyty dozwolone\u201d. B\u0119dzie to czas poszukiwania tego, co uruchamia wyobra\u017ani\u0119, budzi ciekawo\u015b\u0107, pozwala spojrze\u0107 inaczej i zachwyci\u0107 si\u0119. U podstaw kreacji jest s\u0142owo dziwi\u0107 si\u0119. Od dziwienia si\u0119 do zachwytu jest prosta droga \u2013 m\u00f3wi dyrektor Teatru Guliwer Robert Drobniuch.<\/p>\n<p>W sezonie 2026\/2027 Guliwer proponuje r\u00f3\u017cne drogi do zachwytu. Program repertuarowy tworzy\u0107 b\u0119d\u0105 przede wszystkim premierowe realizacje oparte na znanej i cenionej literaturze dla dzieci.<\/p>\n<p>Pierwsz\u0105 premier\u0105 sezonu b\u0119dzie spektakl \u201eKocia szajka i duchy w teatrze\u201d na podstawie ksi\u0105\u017cki cenionej autorki Agaty Romaniuk, w re\u017cyserii i adaptacji Joanny Zdrady. Znani z ksi\u0105\u017ckowej serii koci detektywi pojawi\u0105 si\u0119 po raz pierwszy na deskach Teatru Guliwer, by rozwi\u0105za\u0107 kolejn\u0105 kryminaln\u0105 zagadk\u0119. Tw\u00f3rcy i tw\u00f3rczynie spektaklu zaprosz\u0105 do \u015bwiata cieszy\u0144skich kot\u00f3w pe\u0142nego muzyki, humoru i teatralnych niespodzianek. Premiera na deskach du\u017cej sceny odb\u0119dzie si\u0119 3 pa\u017adziernika 2026 roku.<\/p>\n<p>W lutym 2027 roku Teatr zaprosi na kolejn\u0105 premier\u0119 na du\u017cej scenie &#8211; spektakl \u201eTrio i Kulo\u201d na podstawie ksi\u0105\u017cki Marty Kopyt w adaptacji Magdaleny Riffo-Christy i re\u017cyserii Anny Wolszczak. B\u0119dzie to pe\u0142na humoru, roz\u015bpiewana podr\u00f3\u017c po \u015bwiecie geometrii, a zarazem opowie\u015b\u0107 o\u2026 powstawaniu teatru. Aktorzy i aktorki na oczach widz\u00f3w stworz\u0105 histori\u0119, eksperymentuj\u0105c z kszta\u0142tem i przestrzeni\u0105. Zobaczymy wi\u0119c po\u0142\u0105czenie teatru formy, animacji i zabaw\u0119 konwencj\u0105 teatru w teatrze.<\/p>\n<p>Trzeci\u0105 premier\u0105 sezonu b\u0119dzie spektakl \u201eM\u00f3j Wieloryb\u201d na podstawie ksi\u0105\u017cki Benjiego Daviesa, w adaptacji Mariusza Go\u0142osza i re\u017cyserii Ady Tabisz. Opowie\u015b\u0107 o niezwyk\u0142ej przyja\u017ani zabierze najm\u0142odsz\u0105 publiczno\u015b\u0107 do \u015bwiata pe\u0142nego przyg\u00f3d. Premiera spektaklu odb\u0119dzie si\u0119 na deskach Sceny Liliput w kwietniu 2027 roku.<\/p>\n<p>W sezonie 2026\/2027 Guliwer b\u0119dzie rozwija\u0142 tak\u017ce dzia\u0142alno\u015b\u0107 edukacyjn\u0105 i projektow\u0105.<\/p>\n<p>Po raz pierwszy zostanie zrealizowany projekt \u201eSztuka przez du\u017ce DZI\u201d, w ramach kt\u00f3rego dzieci z wybranych szk\u00f3\u0142 wsp\u00f3lnie z artystkami i artystami stworz\u0105 w\u0142asne lalki teatralne. Projekt b\u0119dzie \u0142\u0105czy\u0142 teatr, plastyk\u0119, literatur\u0119 i dzia\u0142ania zwi\u0105zane z dost\u0119pno\u015bci\u0105. Celem projektu jest rozwijanie kreatywno\u015bci, kompetencji kulturowych oraz integracja r\u00f3\u017cnych dziedzin sztuki i budowanie relacji.<\/p>\n<p>Po raz kolejny wystartuje tak\u017ce \u201eKlasa Guliwera\u201d \u2014 wieloletni program edukacyjny dla szk\u00f3\u0142 i przedszkoli, w kt\u00f3rym corocznie uczestniczy blisko dwa tysi\u0105ce dzieci. Klasy partnerskie poznaj\u0105 repertuar Teatru, a tak\u017ce maj\u0105 mo\u017cliwo\u015b\u0107 spotkania si\u0119 z zespo\u0142em aktorskim i poznania pracy teatru od kulis.<\/p>\n<p>Nowo\u015bci\u0105 sezonu b\u0119dzie cykl s\u0142uchowisk \u201eNikt nie s\u0142ucha\u201d, skierowany do os\u00f3b nastoletnich. S\u0142uchowiska b\u0119d\u0105 realizowane na \u017cywo z wykorzystaniem technologii binauralnej, a opaski zas\u0142aniaj\u0105ce oczy, pozwol\u0105 publiczno\u015bci skoncentrowa\u0107 si\u0119 na s\u0142owie, d\u017awi\u0119ku i interpretacji. W ramach cyklu prezentowane b\u0119d\u0105 wsp\u00f3\u0142czesne teksty dramatyczne przeznaczone dla m\u0142odzie\u017cy, dot\u0105d niewystawiane w teatrach instytucjonalnych. Formu\u0142a projektu b\u0119dzie dost\u0119pna dla os\u00f3b niewidomych i s\u0142abowidz\u0105cych.<\/p>\n<p>W nowym roku Teatr Guliwer planuje otwarcie nowej przestrzeni edukacyjnej \u201ePok\u00f3j Guliwera\u201d, s\u0105siaduj\u0105cej z siedzib\u0105 Teatru. B\u0119dzie to miejsce dzia\u0142a\u0144 artystyczno-spo\u0142ecznych i wymiany do\u015bwiadcze\u0144. Przestrze\u0144 ma poszerzy\u0107 dzia\u0142alno\u015b\u0107 Guliwera i by\u0107 miejscem spotka\u0144, ale tak\u017ce wsp\u00f3\u0142tworzenia wydarze\u0144.<\/p>\n<p>W sezonie 2026\/2027 Teatr b\u0119dzie r\u00f3wnie\u017c prezentowa\u0142 swoje spektakle podczas festiwali teatralnych. Jeszcze we wrze\u015bniu Guliwer zago\u015bci na krakowskim festiwalu \u201eMa\u0142a Boska Komedia\u201d ze spektaklem \u201ePodr\u00f3\u017ce Guliwera\u201d w re\u017cyserii Krzysztofa Garbaczewskiego.<\/p>\n<p>Na pierwsze spektakle w siedzibie Teatr Guliwer zaprasza ju\u017c 12 wrze\u015bnia.<br \/>Wi\u0119cej informacji na www.teatrguliwer.pl.<\/p>\n","protected":false},"excerpt":{"rendered":"Trzy premiery inspirowane literatur\u0105 dzieci\u0119c\u0105, nowe projekty edukacyjne, dzia\u0142ania na rzecz dost\u0119pno\u015bci, cykl s\u0142uchowisk dla m\u0142odzie\u017cy oraz otwarcie&hellip;\n","protected":false},"author":2,"featured_media":660421,"comment_status":"","ping_status":"","sticky":false,"template":"","format":"standard","meta":{"footnotes":"","_share_on_mastodon":"0"},"categories":[51605],"tags":[2434,8588,6588,17490,16331,51630,42,38,40,39,41,649,650,11541,51629,8815,51631,8767,51628,800,8816,435],"class_list":["post-660420","post","type-post","status-publish","format-standard","has-post-thumbnail","category-warszawa","tag-aktor","tag-aktorzy","tag-festiwal","tag-festiwale","tag-kariera","tag-kariery","tag-pl","tag-poland","tag-polish","tag-polska","tag-polski","tag-premiera","tag-premiery","tag-realizacja","tag-realizacje","tag-repertuar","tag-ruch-teatralny","tag-sztuka","tag-sztuki","tag-teatr","tag-teatry","tag-warszawa"],"share_on_mastodon":{"url":"https:\/\/pubeurope.com\/@pl\/117196786527562536","error":""},"_links":{"self":[{"href":"https:\/\/www.europesays.com\/pl\/wp-json\/wp\/v2\/posts\/660420","targetHints":{"allow":["GET"]}}],"collection":[{"href":"https:\/\/www.europesays.com\/pl\/wp-json\/wp\/v2\/posts"}],"about":[{"href":"https:\/\/www.europesays.com\/pl\/wp-json\/wp\/v2\/types\/post"}],"author":[{"embeddable":true,"href":"https:\/\/www.europesays.com\/pl\/wp-json\/wp\/v2\/users\/2"}],"replies":[{"embeddable":true,"href":"https:\/\/www.europesays.com\/pl\/wp-json\/wp\/v2\/comments?post=660420"}],"version-history":[{"count":0,"href":"https:\/\/www.europesays.com\/pl\/wp-json\/wp\/v2\/posts\/660420\/revisions"}],"wp:featuredmedia":[{"embeddable":true,"href":"https:\/\/www.europesays.com\/pl\/wp-json\/wp\/v2\/media\/660421"}],"wp:attachment":[{"href":"https:\/\/www.europesays.com\/pl\/wp-json\/wp\/v2\/media?parent=660420"}],"wp:term":[{"taxonomy":"category","embeddable":true,"href":"https:\/\/www.europesays.com\/pl\/wp-json\/wp\/v2\/categories?post=660420"},{"taxonomy":"post_tag","embeddable":true,"href":"https:\/\/www.europesays.com\/pl\/wp-json\/wp\/v2\/tags?post=660420"}],"curies":[{"name":"wp","href":"https:\/\/api.w.org\/{rel}","templated":true}]}}