{"id":660452,"date":"2026-09-01T17:02:19","date_gmt":"2026-09-01T17:02:19","guid":{"rendered":"https:\/\/www.europesays.com\/pl\/660452\/"},"modified":"2026-09-01T17:02:19","modified_gmt":"2026-09-01T17:02:19","slug":"lublin-uczcil-ofiary-ii-wojny-swiatowej","status":"publish","type":"post","link":"https:\/\/www.europesays.com\/pl\/660452\/","title":{"rendered":"Lublin uczci\u0142 ofiary II wojny \u015bwiatowej"},"content":{"rendered":"<p style=\"text-align:justify;\">W obchodach uczestniczyli przedstawiciele Instytutu Pami\u0119ci Narodowej, w\u0142adz wojew\u00f3dztwa lubelskiego, s\u0142u\u017cb mundurowych, kombatanci oraz mieszka\u0144cy Lublina.<\/p>\n<p style=\"text-align:justify;\">Podczas uroczysto\u015bci na Placu Litewskim dyrektor lubelskiego oddzia\u0142u IPN Robert Derewenda podkre\u015bla\u0142, \u017ce pami\u0119\u0107 o wydarzeniach sprzed 87 lat nie jest tylko obowi\u0105zkiem wobec poleg\u0142ych.\u00a0<\/p>\n<p style=\"text-align:justify;\">\u2013 Jeste\u015bmy winni pami\u0119\u0107 tym, kt\u00f3rzy walczyli o woln\u0105, suwerenn\u0105 Rzeczpospolit\u0105 i jeste\u015bmy odpowiedzialni dzisiaj za wychowanie m\u0142odego pokolenia, aby by\u0142o \u015bwiadome ofiary, jak\u0105 ponios\u0142y poprzednie pokolenia i aby by\u0142o gotowe, odwa\u017cne do ofiary wsp\u00f3\u0142czesnej, do walki o pot\u0119\u017cn\u0105, suwerenn\u0105 Rzeczpospolit\u0105 i do obrony naszej granicy \u2013 m\u00f3wi\u0142 Robert Derewenda.<\/p>\n<p style=\"text-align:justify;\">Dyrektor IPN podkre\u015bla\u0142 r\u00f3wnie\u017c znaczenie postawy polskich \u017co\u0142nierzy i jej wp\u0142yw na kolejne pokolenia.<\/p>\n<p style=\"text-align:justify;\">\u2013 W\u0142a\u015bnie przyk\u0142ad polskiego \u017co\u0142nierza, bohaterska postawa polskiego \u017co\u0142nierza umo\u017cliwi\u0142a wychowanie kolejnych pokole\u0144 po II wojnie \u015bwiatowej. Pokole\u0144, kt\u00f3re chcia\u0142y, tak jak ojciec, dziadek, wuj, stryj, walczy\u0107 o woln\u0105, suwerenn\u0105 Rzeczpospolit\u0105. Pokolenia, kt\u00f3re mia\u0142y odwag\u0119 walczy\u0107 z ca\u0142ym systemem z\u0142a, imperium z\u0142a komunistycznego \u2013 m\u00f3wi\u0142.<\/p>\n<p>Wojna dotkn\u0119\u0142a tak\u017ce Lublin<\/p>\n<p style=\"text-align:justify;\">Dyrektor lubelskiego IPN zwr\u00f3ci\u0142 uwag\u0119, \u017ce \u015blady niemieckiej agresji s\u0105 obecne tak\u017ce w przestrzeni wsp\u00f3\u0142czesnego Lublina.<\/p>\n<p style=\"text-align:justify;\">Tu w Lublinie, cho\u0107by si\u0119gn\u0105\u0107 wzrokiem, mo\u017cemy wskaza\u0107 miejsca, kt\u00f3re zosta\u0142y zniszczone ju\u017c we wrze\u015bniu 1939 roku \u2013 przypomina\u0142 Derewenda.<\/p>\n<p style=\"text-align:justify;\">Wojna oznacza\u0142a dla mieszka\u0144c\u00f3w miasta nie tylko bombardowania i zniszczenia, ale tak\u017ce represje oraz terror okupanta. Aresztowano profesor\u00f3w Katolickiego Uniwersytetu Lubelskiego, adwokat\u00f3w i przedstawicieli lubelskiej inteligencji. Cz\u0119\u015b\u0107 wi\u0119zionych na Zamku Lubelskim zosta\u0142a zamordowana w Wigili\u0119 Bo\u017cego Narodzenia.<\/p>\n<p>Powr\u00f3ci\u0142 temat reparacji wojennych<\/p>\n<p style=\"text-align:justify;\">Podczas obchod\u00f3w g\u0142os zabra\u0142 m.in. wicemarsza\u0142ek wojew\u00f3dztwa lubelskiego Marek Wojciechowski, kt\u00f3ry odni\u00f3s\u0142 si\u0119 do kwestii reparacji wojennych od Niemiec.<\/p>\n<p style=\"text-align:justify;\">Jak podkre\u015bla\u0142, temat ten powraca szczeg\u00f3lnie przy okazji rocznicy wybuchu II wojny \u015bwiatowej. Wicemarsza\u0142ek zaznaczy\u0142, \u017ce Niemcy s\u0105 dzi\u015b sojusznikiem Polski w NATO i jednocze\u015bnie jej s\u0105siadem, dlatego, w jego ocenie, powinny wywi\u0105za\u0107 si\u0119 ze zobowi\u0105za\u0144 dotycz\u0105cych reparacji.<\/p>\n<p style=\"text-align:justify;\">Wojciechowski wskazywa\u0142 na kwot\u0119 ponad \u00a06 bilion\u00f3w 220 miliard\u00f3w, wynikaj\u0105c\u0105 z polskich szacunk\u00f3w strat wojennych.<\/p>\n<p style=\"text-align:justify;\">Niemcy, przecie\u017c to nasz sojusznik w Pakcie P\u00f3\u0142nocnoatlantyckim, nasz obecnie przyjaciel, s\u0105siad, powinien wywi\u0105za\u0107 si\u0119 z reparacji wojennych \u2013 m\u00f3wi\u0142 Marek Wojciechowski. \u2013 Chcia\u0142bym, \u017ceby ca\u0142a klasa polityczna, podkre\u015blam, ca\u0142a klasa polityczna, m\u00f3wi\u0142a w tej sprawie jednym g\u0142osem. Niestety tak nie jest \u2013 zaznaczy\u0142.<\/p>\n<p>Uroczysto\u015bci na Placu Litewskim<\/p>\n<p style=\"text-align:justify;\">Tegoroczne obchody rozpocz\u0119\u0142y si\u0119 o godz. 13.00 msz\u0105 \u015bwi\u0119t\u0105 w intencji poleg\u0142ych podczas wojny obronnej 1939 roku w parafii cywilno-wojskowej pw. Niepokalanego Pocz\u0119cia Naj\u015bwi\u0119tszej Maryi Panny przy al. Rac\u0142awickich 20.<\/p>\n<p style=\"text-align:justify;\">O godz. 14.00 uczestnicy mogli bezp\u0142atnie przejecha\u0107 autobusem MPK z Ko\u015bcio\u0142a Garnizonowego na Plac Litewski. Kwadrans p\u00f3\u017aniej przy Pomniku Nieznanego \u017bo\u0142nierza rozpocz\u0105\u0142 si\u0119 uroczysty apel.<\/p>\n<p style=\"text-align:justify;\">Obchody zako\u0144czy\u0142o otwarcie wystawy Instytutu Pami\u0119ci Narodowej \u201eWrzesie\u0144 1939. Polska wobec niemieckiej i sowieckiej agresji\u201d, przygotowanej przed budynkiem Poczty G\u0142\u00f3wnej na Placu Litewskim.<\/p>\n<p>Wystawa o wrze\u015bniu 1939 roku<\/p>\n<p style=\"text-align:justify;\">Ekspozycja przypomina wydarzenia zwi\u0105zane z wybuchem II wojny \u015bwiatowej oraz agresj\u0105 Zwi\u0105zku Sowieckiego na Polsk\u0119. Wystawa zosta\u0142a przygotowana przez Oddzia\u0142owe Biuro Edukacji Narodowej IPN w Krakowie w 80. rocznic\u0119 wybuchu wojny i sowieckiej agresji na Polsk\u0119.<\/p>\n<p style=\"text-align:justify;\">Jej autorami s\u0105 dr Dawid Golik i Maciej Korku\u0107. Przygotowanie ekspozycji konsultowali Micha\u0142 Mas\u0142owski i Krzysztof Pi\u0119ciak, a recenzje opracowali dr Jacek Magdo\u0144 i dr Piotr Skubisz.<\/p>\n<p style=\"text-align:justify;\">Na wystawie wykorzystano materia\u0142y fotograficzne i archiwalne m.in. z Archiwum IPN, Narodowego Archiwum Cyfrowego, Centralnego Archiwum Wojskowego, Bundesarchiv, Imperial War Museum oraz innych polskich i zagranicznych zbior\u00f3w.<\/p>\n<p style=\"text-align:justify;\">Wystawa \u201eWrzesie\u0144 1939. Polska wobec niemieckiej i sowieckiej agresji\u201d jest dost\u0119pna dla zwiedzaj\u0105cych na Placu Litewskim przed budynkiem Poczty G\u0142\u00f3wnej w Lublinie do 17 wrze\u015bnia 2026 roku.<\/p>\n","protected":false},"excerpt":{"rendered":"W obchodach uczestniczyli przedstawiciele Instytutu Pami\u0119ci Narodowej, w\u0142adz wojew\u00f3dztwa lubelskiego, s\u0142u\u017cb mundurowych, kombatanci oraz mieszka\u0144cy Lublina. Podczas uroczysto\u015bci&hellip;\n","protected":false},"author":2,"featured_media":660453,"comment_status":"","ping_status":"","sticky":false,"template":"","format":"standard","meta":{"footnotes":"","_share_on_mastodon":"0"},"categories":[51612],"tags":[3375,7988,1081,59191,42,52442,38,40,39,41],"class_list":["post-660452","post","type-post","status-publish","format-standard","has-post-thumbnail","category-lublin","tag-ii-wojna-swiatowa","tag-ipn","tag-lublin","tag-pamiec-historyczna","tag-pl","tag-plac-litewski","tag-poland","tag-polish","tag-polska","tag-polski"],"share_on_mastodon":{"url":"https:\/\/pubeurope.com\/@pl\/117196865335270295","error":""},"_links":{"self":[{"href":"https:\/\/www.europesays.com\/pl\/wp-json\/wp\/v2\/posts\/660452","targetHints":{"allow":["GET"]}}],"collection":[{"href":"https:\/\/www.europesays.com\/pl\/wp-json\/wp\/v2\/posts"}],"about":[{"href":"https:\/\/www.europesays.com\/pl\/wp-json\/wp\/v2\/types\/post"}],"author":[{"embeddable":true,"href":"https:\/\/www.europesays.com\/pl\/wp-json\/wp\/v2\/users\/2"}],"replies":[{"embeddable":true,"href":"https:\/\/www.europesays.com\/pl\/wp-json\/wp\/v2\/comments?post=660452"}],"version-history":[{"count":0,"href":"https:\/\/www.europesays.com\/pl\/wp-json\/wp\/v2\/posts\/660452\/revisions"}],"wp:featuredmedia":[{"embeddable":true,"href":"https:\/\/www.europesays.com\/pl\/wp-json\/wp\/v2\/media\/660453"}],"wp:attachment":[{"href":"https:\/\/www.europesays.com\/pl\/wp-json\/wp\/v2\/media?parent=660452"}],"wp:term":[{"taxonomy":"category","embeddable":true,"href":"https:\/\/www.europesays.com\/pl\/wp-json\/wp\/v2\/categories?post=660452"},{"taxonomy":"post_tag","embeddable":true,"href":"https:\/\/www.europesays.com\/pl\/wp-json\/wp\/v2\/tags?post=660452"}],"curies":[{"name":"wp","href":"https:\/\/api.w.org\/{rel}","templated":true}]}}