{"id":660454,"date":"2026-09-01T17:03:19","date_gmt":"2026-09-01T17:03:19","guid":{"rendered":"https:\/\/www.europesays.com\/pl\/660454\/"},"modified":"2026-09-01T17:03:19","modified_gmt":"2026-09-01T17:03:19","slug":"grupa-azoty-sklada-zawiadomienie-do-prokuratury-na-szali-mogly-znalezc-sie-zdrowie-i-zycie-pracownikow-oraz-mieszkancow-polic","status":"publish","type":"post","link":"https:\/\/www.europesays.com\/pl\/660454\/","title":{"rendered":"Grupa Azoty sk\u0142ada zawiadomienie do prokuratury.\u201eNa szali mog\u0142y znale\u017a\u0107 si\u0119 zdrowie i \u017cycie pracownik\u00f3w oraz mieszka\u0144c\u00f3w Polic\u201d"},"content":{"rendered":"<p>\n                        Prokuratura Regionalna w Szczecinie sprawdzi, czy podczas uruchomiania instalacji Polimer\u00f3w Police nie dosz\u0142o do naruszenia zasad bezpiecze\u0144stwa. Zdaniem obecnych w\u0142adz Grupy Azoty, odby\u0142o si\u0119 to bez wymaganych pozwole\u0144 oraz w niebezpiecznych warunkach.\n                    <\/p>\n<p>\u2013 Naszym zdaniem dosz\u0142o do nieodpowiedzialnego eksperymentu, w kt\u00f3rym na szali mog\u0142y znale\u017a\u0107 si\u0119 zdrowie i \u017cycie pracownik\u00f3w oraz mieszka\u0144c\u00f3w Polic. M\u00f3wimy przecie\u017c o po\u0142o\u017conej w s\u0105siedztwie miasta instalacji, kt\u00f3ra pracuje na \u0142atwopalnych w\u0119glowodorach, jak propan i propylen, oraz na wodorze \u2013 m\u00f3wi Ma\u0142gorzata Kr\u00f3lak, wiceprezes Grupy Azoty.<\/p>\n<p>Uroczyste uruchomienie produkcji polipropylenu nast\u0105pi\u0142o 22 czerwca 2023 roku. Instalacja nigdy nie osi\u0105gn\u0119\u0142a jednak pe\u0142nej sprawno\u015bci, a dzi\u015b Grupa Azoty sk\u0142ada kolejne zawiadomienia do prokuratury zwi\u0105zane z mo\u017cliwymi nieprawid\u0142owo\u015bciami dotycz\u0105cymi realizacji projektu.<\/p>\n<p>\u2013 Nie przes\u0105dzamy dzi\u015b jakiejkolwiek odpowiedzialno\u015bci konkretnych os\u00f3b. Ocena nale\u017cy do prokuratury. Naszym obowi\u0105zkiem by\u0142o dok\u0142adne przeanalizowanie dokument\u00f3w, odtworzenie procesu decyzyjnego i przekazanie organom \u015bcigania materia\u0142u, kt\u00f3ry pozwoli zweryfikowa\u0107, czy dosz\u0142o do naruszenia prawa, a je\u015bli tak, to kto ponosi za to odpowiedzialno\u015b\u0107 \u2013 t\u0142umaczy Ma\u0142gorzata Kr\u00f3lak.<\/p>\n<p>Zdaniem zg\u0142aszaj\u0105cych, zgromadzona dokumentacja wskazuje, \u017ce w czerwcu 2023 roku instalacja nie by\u0142a przygotowana do bezpiecznego prowadzenia produkcji. Mia\u0142y wyst\u0119powa\u0107 liczne wady i usterki, a wymagane pozwolenia uzyskano dopiero w 2024 roku.<\/p>\n<p>\u201eCo wi\u0119cej, instalacja nie by\u0142a technicznie przygotowana do pracy w zak\u0142adanych warunkach. Szczeg\u00f3\u0142owy wykaz stwierdzonych nieprawid\u0142owo\u015bci zosta\u0142 przekazany organom \u015bcigania\u201d \u2013 czytamy w komunikacie przes\u0142anym przez Grup\u0119 Azoty.<\/p>\n<p>\u015aledztwo dotycz\u0105ce ca\u0142ego projektu Polimer\u00f3w toczy si\u0119 od listopada 2025 roku. Prowadzi je Prokuratura Okr\u0119gowa w Krakowie.<\/p>\n<p>Przypomnijmy, \u017ce produkcja zosta\u0142a zawieszona w 2025 roku po awarii instalacji propylenu. Polimery maj\u0105 wznowi\u0107 dzia\u0142alno\u015b\u0107 w 2027 roku, ju\u017c pod skrzyd\u0142ami Orlenu, kt\u00f3ry zawar\u0142 przedwst\u0119pn\u0105 umow\u0119 przej\u0119cia pe\u0142nej kontroli nad sp\u00f3\u0142k\u0105, opiewaj\u0105c\u0105 na ponad 1,1 mld z\u0142.<\/p>\n","protected":false},"excerpt":{"rendered":"Prokuratura Regionalna w Szczecinie sprawdzi, czy podczas uruchomiania instalacji Polimer\u00f3w Police nie dosz\u0142o do naruszenia zasad bezpiecze\u0144stwa. Zdaniem&hellip;\n","protected":false},"author":2,"featured_media":660455,"comment_status":"","ping_status":"","sticky":false,"template":"","format":"standard","meta":{"footnotes":"","_share_on_mastodon":"0"},"categories":[51611],"tags":[291,1089,3839,3511,261,3840,42,38,40,907,39,41,123,2307,26,1092],"class_list":["post-660454","post","type-post","status-publish","format-standard","has-post-thumbnail","category-szczecin","tag-historia","tag-imprezy","tag-interwencje","tag-inwestycje","tag-kultura","tag-lokale","tag-pl","tag-poland","tag-polish","tag-polityka","tag-polska","tag-polski","tag-rozrywka","tag-szczecin","tag-wiadomosci","tag-wydarzenia"],"share_on_mastodon":{"url":"https:\/\/pubeurope.com\/@pl\/117196869056710925","error":""},"_links":{"self":[{"href":"https:\/\/www.europesays.com\/pl\/wp-json\/wp\/v2\/posts\/660454","targetHints":{"allow":["GET"]}}],"collection":[{"href":"https:\/\/www.europesays.com\/pl\/wp-json\/wp\/v2\/posts"}],"about":[{"href":"https:\/\/www.europesays.com\/pl\/wp-json\/wp\/v2\/types\/post"}],"author":[{"embeddable":true,"href":"https:\/\/www.europesays.com\/pl\/wp-json\/wp\/v2\/users\/2"}],"replies":[{"embeddable":true,"href":"https:\/\/www.europesays.com\/pl\/wp-json\/wp\/v2\/comments?post=660454"}],"version-history":[{"count":0,"href":"https:\/\/www.europesays.com\/pl\/wp-json\/wp\/v2\/posts\/660454\/revisions"}],"wp:featuredmedia":[{"embeddable":true,"href":"https:\/\/www.europesays.com\/pl\/wp-json\/wp\/v2\/media\/660455"}],"wp:attachment":[{"href":"https:\/\/www.europesays.com\/pl\/wp-json\/wp\/v2\/media?parent=660454"}],"wp:term":[{"taxonomy":"category","embeddable":true,"href":"https:\/\/www.europesays.com\/pl\/wp-json\/wp\/v2\/categories?post=660454"},{"taxonomy":"post_tag","embeddable":true,"href":"https:\/\/www.europesays.com\/pl\/wp-json\/wp\/v2\/tags?post=660454"}],"curies":[{"name":"wp","href":"https:\/\/api.w.org\/{rel}","templated":true}]}}