{"id":660512,"date":"2026-09-01T17:35:11","date_gmt":"2026-09-01T17:35:11","guid":{"rendered":"https:\/\/www.europesays.com\/pl\/660512\/"},"modified":"2026-09-01T17:35:11","modified_gmt":"2026-09-01T17:35:11","slug":"piotr-samiec-talar-odejdzie-ze-slaska-wroclaw-wybicie-zebow-trzonowych","status":"publish","type":"post","link":"https:\/\/www.europesays.com\/pl\/660512\/","title":{"rendered":"Piotr Samiec &#8211; Talar odejdzie ze \u015al\u0105ska Wroc\u0142aw? &#8222;Wybicie z\u0119b\u00f3w trzonowych&#8221;"},"content":{"rendered":"<p>Chyba nie\u00a0ma\u00a0w\u00a0tej\u00a0chwili w\u00a0Ekstraklasie dru\u017cyny, kt\u00f3ra\u00a0mia\u0142aby tak\u00a0wyra\u017anego lidera zespo\u0142u, jak \u015al\u0105sk Wroc\u0142aw w\u00a0osobie Piotra Samca-Talara. M\u00f3wimy o\u00a0zawodniku, kt\u00f3ry\u00a0w\u00a0sze\u015bciu meczach ligowych zdoby\u0142 trzy bramki i\u00a0do\u0142o\u017cy\u0142 do\u00a0tego trzy asysty. Samiec-Talar mia\u0142 udzia\u0142 w\u00a0sze\u015bciu spo\u015br\u00f3d o\u015bmiu bramek \u015al\u0105ska w\u00a0obecnych rozgrywkach. Ale\u00a0jego klubowa przysz\u0142o\u015b\u0107 nie\u00a0jest oczywista: zawodnik nie\u00a0podpisa\u0142 nowej umowy i\u00a0\u015al\u0105sk ma\u00a0teraz problem. Szczeg\u00f3\u0142y przedstawi\u0142 dziennikarz, Piotr Janas.<\/p>\n<p>Samiec-Talar to\u00a0wychowanek \u015al\u0105ska. By\u0142 wypo\u017cyczany do\u00a0Widzewa \u0141\u00f3d\u017a i\u00a0GKS-u Katowice, ale\u00a0od\u00a0grudnia 2021 roku nieprzerwanie wyst\u0119puje w\u00a0ekipie z\u00a0Dolnego \u015al\u0105ska. Pocz\u0105tek obecnego sezonu ma\u00a0fantastyczny: o\u00a0jego bilansie ju\u017c by\u0142o, ale\u00a0nawet w\u00a0ostatnim spotkaniu z\u00a0Legi\u0105 (1:1), obok bramki z\u00a0rzutu karnego, powinien mie\u0107 dwie asysty, lecz\u00a0jego koledzy przegrywali pojedynki z\u00a0Otto Hindrichem, bramkarzem klubu z\u00a0Warszawy.<\/p>\n<p>Jednak sytuacja kontraktowa Samca \u2013 Talara jest skomplikowana. Zawodnik mia\u0142 podpisa\u0107 gwiazdorski kontrakt, ale\u00a0nie\u00a0uczyni\u0142 tego przed\u00a0sezonem i\u00a0w\u00a0przysz\u0142o\u015bci mo\u017ce odej\u015b\u0107 ze\u00a0\u015al\u0105ska za\u00a0darmo. Dlaczego?<\/p>\n<p>Piotr Samiec \u2013 Talar mia\u0142 zarabia\u0107 ok. 120 tys. z\u0142otych miesi\u0119cznie. By\u0107 mo\u017ce teraz trzeba b\u0119dzie zaoferowa\u0107 mu\u00a0wi\u0119cej<\/p>\n<p>\u201eNie\u00a0tylko\u00a0do\u00a0mnie dotar\u0142y informacje, \u017ce\u00a0warunki przed\u0142u\u017cenia umowy z\u00a0PST by\u0142y ustalone ju\u017c przed\u00a0rozpocz\u0119ciem sezonu (lub tu\u017c na\u00a0starcie), ale\u00a0z\u00a0jakich\u015b przyczyn nowy kontrakt nie\u00a0zosta\u0142 w\u00f3wczas podpisany. Co\u00a0wa\u017cne, nie\u00a0chodzi tu\u00a0o\u00a0zwlekanie ze\u00a0strony w\u0142a\u015bciciela czy\u00a0te\u017c reprezentuj\u0105cego go\u00a0organu, bo\u00a0Rada Nadzorcza\u2026 klepn\u0119\u0142a gwiazdorski kontrakt dla PST (wedle mojej\u00a0wiedzy: ok. 120 tys. z\u0142 mc) i\u00a0to\u00a0zaskakuj\u0105co szybko jak na\u00a0standardy, do\u00a0kt\u00f3rych\u00a0nas przyzwyczai\u0142a\u201d \u2013 pisze na\u00a0X\u00a0Piotr Janas, dziennikarz \u201eGazety Wroc\u0142awskiej.\u00a0 <\/p>\n<p>Dodaje, \u017ce\u00a0sprawa utkn\u0119\u0142a na\u00a0poziomie klubu \u2013 dzia\u0142acze mieli przez\u00a0d\u0142ugi czas nie\u00a0przedstawia\u0107 tej\u00a0oferty samemu zawodnikowi. Efekt? Samiec-Talar ma\u00a0umow\u0119 do\u00a030 czerwca 2027 roku.\u00a0 Pi\u0142karz mo\u017ce zim\u0105 dogadywa\u0107 si\u0119 z\u00a0dowolnym zespo\u0142em i\u00a0odej\u015b\u0107 po\u00a0sezonie za\u00a0darmo. Dziennikarz przekonuje, \u017ce\u00a0sprawa nie\u00a0jest jeszcze przegrana.\u00a0<\/p>\n<p>\u201eDobra informacja jest taka, \u017ce\u00a0strony ca\u0142y czas rozmawiaj\u0105. Z\u0142a \u2013 \u017ce\u00a0warto\u015b\u0107 PST ro\u015bnie, o\u00a0czym wie zar\u00f3wno on, jak i\u00a0jego agencja. Mo\u017cna by\u0142o zapewni\u0107 sobie podpis kapitana na\u00a0nowej kilkuletniej umowie, zanim zacz\u0105\u0142 strzela\u0107 i\u00a0asystowa\u0107 w\u00a0Ekstraklasie Teraz b\u0119dzie trzeba albo\u00a0solidnie przep\u0142aci\u0107 (da\u0107 wi\u0119cej ni\u017c te\u00a0umowne 120 tys. z\u0142), albo\u00a0pogodzi\u0107 si\u0119 z\u00a0faktem, \u017ce\u00a0pi\u0142karz odjedzie za\u00a0darmo\u201d \u2013 pisze Janas.<\/p>\n<p dir=\"ltr\" lang=\"pl\">Trwa kluczenie w\u00a0sprawie przysz\u0142o\u015bci Piotra Samca-Talara w\u00a0<a href=\"https:\/\/x.com\/SlaskWroclawPl?ref_src=twsrc%5Etfw\" target=\"_blank\" rel=\"noopener noreferrer nofollow\">@SlaskWroclawPl<\/a> \ud83e\uddd0<\/p>\n<p>Nie\u00a0tylko\u00a0do\u00a0mnie dotar\u0142y informacje, \u017ce\u00a0warunki przed\u0142u\u017cenia umowy z\u00a0PST by\u0142y ustalone ju\u017c przed\u00a0rozpocz\u0119ciem sezonu (lub tu\u017c na\u00a0starcie), ale\u00a0z\u00a0jakich\u015b przyczyn nowy kontrakt nie\u00a0zosta\u0142 w\u00f3wczas\u2026 <a href=\"https:\/\/t.co\/MCefFdBA0r\" target=\"_blank\" rel=\"noopener noreferrer nofollow\">pic.twitter.com\/MCefFdBA0r<\/a><\/p>\n<p>\u2014\u00a0Piotr Konrad Janas, GWr (@Piotr_K_Janas) <a href=\"https:\/\/x.com\/Piotr_K_Janas\/status\/2094772656188895690?ref_src=twsrc%5Etfw\" target=\"_blank\" rel=\"noopener noreferrer nofollow\">September 1, 2026<\/a><\/p>\n<p>Jeszcze jeszcze jedna opcja \u2013 odej\u015bcie zawodnika w\u00a0najbli\u017cszych dniach, za\u00a0niewielkie pieni\u0105dze (bo\u00a0mowa o\u00a0graczu, kt\u00f3ry\u00a0ma\u00a0mniej ni\u017c rok kontraktu). Takie rozwi\u0105zanie Janas nazywa \u201ewybiciem z\u0119b\u00f3w trzonowych\u201d, a\u00a0nawet \u201epogodzeniem si\u0119 z\u00a0ponownym spadkiem\u201d.\u00a0<\/p>\n<p>I\u00a0trudno mu\u00a0w\u00a0tym momencie odm\u00f3wi\u0107 racji.<\/p>\n<p>Fot.\u00a0Newspix.pl\u00a0<\/p>\n<p>                    <script async src=\"https:\/\/platform.twitter.com\/widgets.js\" charset=\"utf-8\"><\/script><\/p>\n","protected":false},"excerpt":{"rendered":"Chyba nie\u00a0ma\u00a0w\u00a0tej\u00a0chwili w\u00a0Ekstraklasie dru\u017cyny, kt\u00f3ra\u00a0mia\u0142aby tak\u00a0wyra\u017anego lidera zespo\u0142u, jak \u015al\u0105sk Wroc\u0142aw w\u00a0osobie Piotra Samca-Talara. M\u00f3wimy o\u00a0zawodniku, kt\u00f3ry\u00a0w\u00a0sze\u015bciu meczach&hellip;\n","protected":false},"author":2,"featured_media":660513,"comment_status":"","ping_status":"","sticky":false,"template":"","format":"standard","meta":{"footnotes":"","_share_on_mastodon":"0"},"categories":[51607],"tags":[51401,42,38,40,39,41,38786,697,1853],"class_list":["post-660512","post","type-post","status-publish","format-standard","has-post-thumbnail","category-wroclaw","tag-piotr-samiec-talar","tag-pl","tag-poland","tag-polish","tag-polska","tag-polski","tag-remigiusz-jezierski","tag-slask-wroclaw","tag-wroclaw"],"share_on_mastodon":{"url":"https:\/\/pubeurope.com\/@pl\/117196994915097508","error":""},"_links":{"self":[{"href":"https:\/\/www.europesays.com\/pl\/wp-json\/wp\/v2\/posts\/660512","targetHints":{"allow":["GET"]}}],"collection":[{"href":"https:\/\/www.europesays.com\/pl\/wp-json\/wp\/v2\/posts"}],"about":[{"href":"https:\/\/www.europesays.com\/pl\/wp-json\/wp\/v2\/types\/post"}],"author":[{"embeddable":true,"href":"https:\/\/www.europesays.com\/pl\/wp-json\/wp\/v2\/users\/2"}],"replies":[{"embeddable":true,"href":"https:\/\/www.europesays.com\/pl\/wp-json\/wp\/v2\/comments?post=660512"}],"version-history":[{"count":0,"href":"https:\/\/www.europesays.com\/pl\/wp-json\/wp\/v2\/posts\/660512\/revisions"}],"wp:featuredmedia":[{"embeddable":true,"href":"https:\/\/www.europesays.com\/pl\/wp-json\/wp\/v2\/media\/660513"}],"wp:attachment":[{"href":"https:\/\/www.europesays.com\/pl\/wp-json\/wp\/v2\/media?parent=660512"}],"wp:term":[{"taxonomy":"category","embeddable":true,"href":"https:\/\/www.europesays.com\/pl\/wp-json\/wp\/v2\/categories?post=660512"},{"taxonomy":"post_tag","embeddable":true,"href":"https:\/\/www.europesays.com\/pl\/wp-json\/wp\/v2\/tags?post=660512"}],"curies":[{"name":"wp","href":"https:\/\/api.w.org\/{rel}","templated":true}]}}