{"id":660570,"date":"2026-09-01T18:07:20","date_gmt":"2026-09-01T18:07:20","guid":{"rendered":"https:\/\/www.europesays.com\/pl\/660570\/"},"modified":"2026-09-01T18:07:20","modified_gmt":"2026-09-01T18:07:20","slug":"warszawa-jesien-w-pawilonie-tanca-i-innych-sztuk-performatywnych","status":"publish","type":"post","link":"https:\/\/www.europesays.com\/pl\/660570\/","title":{"rendered":"Warszawa. Jesie\u0144 w Pawilonie ta\u0144ca i innych sztuk performatywnych"},"content":{"rendered":"<p>Wrzesie\u0144 w Pawilonie ta\u0144ca i innych sztuk performatywnych otworzy plenerowy pokaz Weroniki Pelczy\u0144skiej nad Wis\u0142\u0105. W kolejnych tygodniach na scenie Pawilonu pojawi\u0105 si\u0119 tw\u00f3rczynie i tw\u00f3rcy z Polski, Islandii i Chin, a tak\u017ce argenty\u0144sko-belgijska choreografka Ayelen Parolin. Program edukacyjny obejmie warsztaty taneczne na r\u00f3\u017cnych poziomach zaawansowania, warsztaty rodzinne, masterclass i\u00a0zaj\u0119cia dla seniorek.\u00a0<\/p>\n<p>            <a data-lightbox=\"article-gallery\" href=\"https:\/\/e-teatr.pl\/files\/multimedias\/182555\/Pawilon_tan__ca_i_innych_sztuk_performatywnych__fot._Max_Ostry_Samasiuk.jpg\" rel=\"nofollow noopener\" target=\"_blank\">&#13;<br \/>\n        <img loading=\"lazy\" decoding=\"async\" src=\"https:\/\/www.europesays.com\/pl\/wp-content\/uploads\/2026\/09\/thumb_Pawilon_tan__ca_i_innych_sztuk_performatywnych__fot._Max_Ostry_Samasiuk.jpg\" alt=\"\" title=\"Max Ostry Samasiuk \/ mat. teatru\" width=\"1100\" height=\"733\"\/>      <\/a><\/p>\n<p>fot. Max Ostry Samasiuk \/ mat. teatru<\/p>\n<p>Najbli\u017csze miesi\u0105ce w Pawilonie to polskie premiery i pokazy \u015bwiatowej choreografii, projekty spo\u0142eczno-artystyczne oraz szeroki program edukacyjny. Pawilon ta\u0144ca i innych sztuk performatywnych kontynuuje r\u00f3wnie\u017c wsp\u00f3\u0142prace z warszawskim \u015brodowiskiem ta\u0144ca i sto\u0142ecznymi instytucjami kulturalnymi.<\/p>\n<p>Polska premiera, \u015bwiatowa choreografia, lokalne g\u0142osy<\/p>\n<p>Wrzesie\u0144 otworzy polska premiera. WIS\u0141A Weroniki Pelczy\u0144skiej to plenerowy performans choreograficzny stworzony wraz z Ch\u00f3rem w Ruchu, kt\u00f3rego punktem wyj\u015bcia jest relacja cz\u0142owieka i rzeki (4 i 5 wrze\u015bnia). Tydzie\u0144 p\u00f3\u017aniej na scenie Pawilonu ponownie zago\u015bci \u015bwiatowa choreografia: spektakl SIMPLE argenty\u0144sko-belgijskiej choreografki Ayelen Parolin to pe\u0142ne przewrotnego humoru studium rytmu i wyobra\u017ani (11 i 12 wrze\u015bnia). To pierwsze w polsce pokazy spektaklu, kt\u00f3ry by\u0142 prezentowany z sukcesem na najwa\u017cniejszych mi\u0119dzynarodowych festiwalach ta\u0144ca i teatru, m.in. Festiwalu w Awinionie, Tanzmesse i ImPulsTanz. Podczas pokazu 11 wrze\u015bnia b\u0119dzie dost\u0119pna opieka nad dzie\u0107mi w wieku 2\u201311 lat. To kolejny ju\u017c spektakl w Pawilonie, kt\u00f3ry b\u0119d\u0105 mog\u0142y zobaczy\u0107 osoby opieku\u0144cze, zapewniaj\u0105c najm\u0142odszym przyjemny czas.<\/p>\n<p>W pa\u017adzierniku w Pawilonie wyst\u0105pi czo\u0142\u00f3wka artystek zwi\u0105zanych z kolektywem Centrum w Ruchu: Maria Stok\u0142osa (AUTOPORTRET, 16 pa\u017adziernika), Daniela Kom\u0119dera (NI\u017bY\u0143SKA. PIANOFORTE, 18 pa\u017adziernika) i Karolina Kraczkowska (UNCONSUMED, 24 pa\u017adziernika).<\/p>\n<p>Spektakl WHEN THE BLEEDING STOPS choreografki Lov\u00edsy \u00d3sk Gunnarsd\u00f3ttir z Islandii b\u0119d\u0105 wsp\u00f3\u0142tworzy\u0107 Warszawianki. Trwa nab\u00f3r uczestniczek projektu \u2013 kobiet w wieku 40\u201365 lat, do\u015bwiadczenie sceniczne nie jest wymagane. Spektakl podejmuje temat menopauzy i zwi\u0105zanego z ni\u0105 spo\u0142ecznego tabu. Zg\u0142oszenia przyjmowane s\u0105 do 6 wrze\u015bnia 2026 na pawilontanca.pl. Premiera spektaklu 7 listopada. R\u00f3wnie\u017c w listopadzie Ola Maciejewska, polska choreografka z mi\u0119dzynarodowym dorobkiem, poka\u017ce hipnotyczne BOMBYX MORI (21 listopada).<\/p>\n<p>Wsp\u00f3\u0142prace, partnerstwa i sieciowanie<\/p>\n<p>Jesieni\u0105 Pawilon wsp\u00f3\u0142pracuje m.in. z Nowym Teatrem przy Generation After, z Fundacj\u0105 Performat przy kolejnej edycji Rozta\u0144czonych Rodzin oraz przy Springback Assembly \u2013 mi\u0119dzynarodowym spotkaniem krytyczek i krytyk\u00f3w ta\u0144ca, kt\u00f3re w 2026 roku odb\u0119dzie si\u0119 w Warszawie. Na pocz\u0105tku pa\u017adziernika Pawilon po\u0142\u0105czy si\u0119 z Festiwalem Unsound. Efektem b\u0119dzie pokaz nowej immersyjnej produkcji Tianzhuo Chena (ASIANDOPEBOYS) MOYANG \u5148\u7956 &amp; SEAMAN \u6f01\u5e2b, spotkanie rytua\u0142u, ruchu i d\u017awi\u0119ku (2 i 3 pa\u017adziernika).<\/p>\n<p>Edukacyjne Wtorki, Rozta\u0144czone Rodziny, zaj\u0119cia mi\u0119dzypokoleniowe i masterclass<\/p>\n<p>Edukacja powraca po wakacjach. W programie Edukacyjne Wtorki z r\u00f3\u017cnych technik ta\u0144ca i dla r\u00f3\u017cnych poziom\u00f3w zaawansowania, niedziele z Rozta\u0144czonymi Rodzinami, zaj\u0119cia dla seniorek prowadzone przez Agnieszk\u0119 Kryst. Spektakl SIMPLE b\u0119dzie okazj\u0105 do udzia\u0142u w zaj\u0119ciach masterclass.<\/p>\n<p>Pawilon ta\u0144ca i innych sztuk performatywnych<\/p>\n<p>Pawilon ta\u0144ca i innych sztuk performatywnych to nowe miejsce dla ta\u0144ca w Warszawie, oddzia\u0142 Muzeum Sztuki Nowoczesnej, po\u0142o\u017cony przy Wybrze\u017cu Ko\u015bciuszkowskim 22 na Powi\u015blu, w s\u0105siedztwie Centrum Nauki Kopernik i Biblioteki Uniwersyteckiej. Pawilon zaprojektowany przez austriackiego architekta Adolfa Krischanitza dzia\u0142a od pocz\u0105tku 2026 roku jako przestrze\u0144 performansu, edukacji i spotkania. Ide\u0105 Pawilonu jest wzmocnienie autonomii ta\u0144ca i choreografii jako pe\u0142noprawnej dziedziny sztuki. Program budowany jest wsp\u00f3lnie ze \u015brodowiskiem przez otwarte nabory, rezydencje, koprodukcje i dzia\u0142ania anga\u017cuj\u0105ce mieszka\u0144c\u00f3w Powi\u015bla i u\u017cytkownik\u00f3w bulwar\u00f3w. Jak podkre\u015blaj\u0105 kuratorki roku pilota\u017cowego Alicja Berejowska i Renata Piotrowska-Auffret: \u201eChcemy stworzy\u0107 miejsce otwarte na lokalne i mi\u0119dzynarodowe wsp\u00f3\u0142prace, interdyscyplinarne spotkania i artystyczne poszukiwania.\u201d<\/p>\n<p>Szczeg\u00f3\u0142owy program dost\u0119pny jest na stronie <a href=\"http:\/\/www.pawilontanca.pl\/\" rel=\"nofollow noopener\" target=\"_blank\">www.pawilontanca.pl<\/a>.<\/p>\n","protected":false},"excerpt":{"rendered":"Wrzesie\u0144 w Pawilonie ta\u0144ca i innych sztuk performatywnych otworzy plenerowy pokaz Weroniki Pelczy\u0144skiej nad Wis\u0142\u0105. W kolejnych tygodniach&hellip;\n","protected":false},"author":2,"featured_media":660571,"comment_status":"","ping_status":"","sticky":false,"template":"","format":"standard","meta":{"footnotes":"","_share_on_mastodon":"0"},"categories":[51605],"tags":[2434,8588,6588,17490,16331,51630,42,38,40,39,41,649,650,11541,51629,8815,51631,8767,51628,800,8816,435],"class_list":["post-660570","post","type-post","status-publish","format-standard","has-post-thumbnail","category-warszawa","tag-aktor","tag-aktorzy","tag-festiwal","tag-festiwale","tag-kariera","tag-kariery","tag-pl","tag-poland","tag-polish","tag-polska","tag-polski","tag-premiera","tag-premiery","tag-realizacja","tag-realizacje","tag-repertuar","tag-ruch-teatralny","tag-sztuka","tag-sztuki","tag-teatr","tag-teatry","tag-warszawa"],"share_on_mastodon":{"url":"https:\/\/pubeurope.com\/@pl\/117197122248335673","error":""},"_links":{"self":[{"href":"https:\/\/www.europesays.com\/pl\/wp-json\/wp\/v2\/posts\/660570","targetHints":{"allow":["GET"]}}],"collection":[{"href":"https:\/\/www.europesays.com\/pl\/wp-json\/wp\/v2\/posts"}],"about":[{"href":"https:\/\/www.europesays.com\/pl\/wp-json\/wp\/v2\/types\/post"}],"author":[{"embeddable":true,"href":"https:\/\/www.europesays.com\/pl\/wp-json\/wp\/v2\/users\/2"}],"replies":[{"embeddable":true,"href":"https:\/\/www.europesays.com\/pl\/wp-json\/wp\/v2\/comments?post=660570"}],"version-history":[{"count":0,"href":"https:\/\/www.europesays.com\/pl\/wp-json\/wp\/v2\/posts\/660570\/revisions"}],"wp:featuredmedia":[{"embeddable":true,"href":"https:\/\/www.europesays.com\/pl\/wp-json\/wp\/v2\/media\/660571"}],"wp:attachment":[{"href":"https:\/\/www.europesays.com\/pl\/wp-json\/wp\/v2\/media?parent=660570"}],"wp:term":[{"taxonomy":"category","embeddable":true,"href":"https:\/\/www.europesays.com\/pl\/wp-json\/wp\/v2\/categories?post=660570"},{"taxonomy":"post_tag","embeddable":true,"href":"https:\/\/www.europesays.com\/pl\/wp-json\/wp\/v2\/tags?post=660570"}],"curies":[{"name":"wp","href":"https:\/\/api.w.org\/{rel}","templated":true}]}}