{"id":660588,"date":"2026-09-01T18:17:14","date_gmt":"2026-09-01T18:17:14","guid":{"rendered":"https:\/\/www.europesays.com\/pl\/660588\/"},"modified":"2026-09-01T18:17:14","modified_gmt":"2026-09-01T18:17:14","slug":"niemcy-wciaz-probuja-kolonizowac-polske-tajna-notatka-i-rola-tuska","status":"publish","type":"post","link":"https:\/\/www.europesays.com\/pl\/660588\/","title":{"rendered":"Niemcy wci\u0105\u017c pr\u00f3buj\u0105 kolonizowa\u0107 Polsk\u0119. Tajna notatka i rola Tuska"},"content":{"rendered":"<p data-v-01d4021f=\"\">W niemieckiej mentalno\u015bci od wiek\u00f3w nie zmieni\u0142o si\u0119 nic. Cel jest ten sam: podporz\u0105dkowa\u0107 Polsk\u0119 gospodarczo, skolonizowa\u0107 mentalnie i ca\u0142kowicie uzale\u017cni\u0107 finansowo. Antypolonizm i mocarstwowe zap\u0119dy przybieraj\u0105 jedynie inny, nieco bardziej zakamuflowany kszta\u0142t. Gdy przyjrze\u0107 si\u0119 faktom, Berlin podejmuje wszelkie kroki, by os\u0142abi\u0107 Polsk\u0119, podporz\u0105dkowa\u0107 j\u0105, zyska\u0107 pe\u0142n\u0105 kontrol\u0119 i wyzyskiwa\u0107. Za rz\u0105d\u00f3w Donalda Tuska idzie to Niemcom doskonale. Wszelka konkurencyjno\u015b\u0107 Polski zosta\u0142a przez rz\u0105d zablokowana, a gro\u017aba roszcze\u0144 reparacyjnych odwo\u0142ana przez samego premiera. To przemy\u015blany plan, o kt\u00f3rym wiemy z jawnych i tajnych dokument\u00f3w. M\u00f3wi o tym cho\u0107by szyfrogram, ujawniony kilka lat temu. 87. rocznica bestialskiej napa\u015bci Niemiec na Polsk\u0119 zderza si\u0119 z murem zak\u0142amywania pami\u0119ci, zrzucania odpowiedzialno\u015bci i relatywizowania win. Donald Tusk sumiennie temu patronuje. <\/p>\n<p class=\"MsoNormal\" data-v-01d4021f=\"\">6\u00a0bilion\u00f3w 220 miliard\u00f3w 609 milion\u00f3w z\u0142\u00a0\u2013 taki rachunek za wojenne zbrodnie zosta\u0142 wys\u0142any do\u00a0Niemiec w 2022 roku.\u00a0Bior\u0105c pod uwag\u0119 inflacj\u0119, kwota ta przekroczy\u0142a ju\u017c dzisiaj 7 bilion\u00f3w z\u0142. Szacunki dotycz\u0105 jedynie strat materialnych, bo jak wyceni\u0107 \u017cycie wymordowanych 6 milion\u00f3w Polak\u00f3w, stanowi\u0105cych a\u017c 17 proc. ludno\u015bci II Rzeczypospolitej, \u017cywej tkanki narodu, bohater\u00f3w, patriot\u00f3w walcz\u0105cych o woln\u0105, siln\u0105, niepodleg\u0142\u0105 Polsk\u0119? Berlin, zamiast t\u0142umaczy\u0107 si\u0119 z win i braku zado\u015b\u0107uczynienia, bezczelnie dyktuje warunki, przepoczwarza Uni\u0119 w superpa\u0144stwo. Coraz zuchwalej przejmuje rol\u0119 lidera, popychaj\u0105c Polsk\u0119 do gigantycznego i nieracjonalnego zad\u0142u\u017cenia, w tym do kredytu SAFE na 44 mld euro. Dlaczego? Bo za ka\u017cdym razem, gdy rz\u0105dzi Platforma Obywatelska, ma pe\u0142n\u0105 swobod\u0119 dzia\u0142ania. Jedn\u0105 z pierwszych decyzji Donalda Tuska po przej\u0119ciu w\u0142adzy by\u0142o wycofanie si\u0119 z reparacji. Zaraz potem zablokowano budow\u0119 Centralnego Portu Komunikacyjnego, sparali\u017cowano budow\u0119 portu kontenerowego w \u015awinouj\u015bciu i zatrzymano wiele innych strategicznych inwestycji. Niemcy, kt\u00f3re zbudowa\u0142y swoj\u0105 si\u0142\u0119 i bogactwo na zniszczeniu i grabie\u017cy Polski, otwarcie szydz\u0105 z dotychczasowych d\u0105\u017ce\u0144 rz\u0105du Zjednoczonej Prawicy. Prezydent Karol Nawrocki, tak jak jego poprzednik Andrzej Duda, jednoznacznie podkre\u015bla, \u017ce nie pozwoli na wycofanie si\u0119 z nale\u017cnych nam roszcze\u0144. \u201eReparacje i zado\u015b\u0107uczynienie Polsce powinny zosta\u0107 wyp\u0142acone. Nie tylko dla przesz\u0142o\u015bci, dla sprawiedliwo\u015bci historycznej, ale dla przysz\u0142o\u015bci\u201d \u2013 powiedzia\u0142 dzi\u015b prezydent na Westerplatte. Ta nieust\u0119pliwo\u015b\u0107 jest kluczowa. Wie to dobrze Izrael, kt\u00f3ry do dzi\u015b otrzymuje reparacyjne \u015bwiadczenia z Berlina. Pami\u0119tajmy, \u017ce\u00a0zaledwie 15 lat temu, Niemcy zako\u0144czy\u0142y sp\u0142at\u0119 reparacji dla Francji i\u00a0Wielkiej Brytanii za\u00a0I\u00a0wojn\u0119 \u015bwiatow\u0105. Ostatnia rata w\u00a0wysoko\u015bci 70\u00a0mln euro zosta\u0142a przekazana w\u00a02010 roku \u2013 92\u00a0lata po\u00a0zako\u0144czeniu wojny. <\/p>\n<p class=\"MsoNormal\" data-v-01d4021f=\"\">Jak dot\u0105d Niemcy nie szcz\u0119dzili pieni\u0119dzy na zak\u0142amywanie historii. Fundowali stypendia, granty, sponsorowali dzie\u0142a filmowe i literackie, wspierali prace naukowe, kt\u00f3re by\u0142yby zgodne z kreowan\u0105 przez nich wizj\u0105. Zreszt\u0105 tak samo hojnie finansowali antypolonizm w okresie II Rzeczypospolitej. Antypolska propaganda dominowa\u0142a edukacj\u0119, a zinstytucjonalizowane fa\u0142szowanie historii i geografii wymierzone by\u0142o przeciwko Polsce. Nawet po podpisaniu polsko-niemieckiego paktu o nieagresji w 1934 roku, oficjalnie podsycano rewizjonizm. \u00a0W czasopi\u015bmie \u201eDie Volksschule\u201d wprost instruowano nauczycieli, \u017ce Wis\u0142a jest w tej samej mierze niemieck\u0105 rzek\u0105 przeznaczenia co Ren, a szko\u0142a ma bezwarunkowy obowi\u0105zek wpaja\u0107 uczniom niezaprzeczalne prawa Niemiec do tych teren\u00f3w. Uczono, \u017ce Prusy Zachodnie nigdy nie le\u017ca\u0142y pod polskimi rz\u0105dami, a rozbiory Polski jedynie \u201enaprawi\u0142y dwuwiekow\u0105 krzywd\u0119\u201d wyrz\u0105dzon\u0105 Niemcom. M\u0142odym Niemcom wpajano, \u017ce Polacy to \u201ewsp\u00f3\u0142cze\u015bni Hunowie\u201d, a germanizacja polskich dzieci i m\u0142odzie\u017cy by\u0142a niezwykle brutalna.<\/p>\n<p class=\"MsoNormal\" data-v-01d4021f=\"\">Wielu ludzi zrobi\u0142o \u015bwiatow\u0105 karier\u0119 na\u00a0kreowaniu antypolskiego przekazu.\u00a0Po II wojnie \u015bwiatowej i p\u00f3\u017aniej, w III RP, by\u0142o to\u00a0zar\u00f3wno w\u00a0interesie Niemiec, jak i w interesie dominuj\u0105cych w\u00f3wczas w\u00a0Polsce si\u0142 polityczno-ideowych. Dzi\u0119ki oskar\u017caniu Polak\u00f3w o\u00a0wsp\u00f3\u0142udzia\u0142 w\u00a0Holocau\u015bcie, Berlin m\u00f3g\u0142 zetrze\u0107 z\u00a0siebie brzemi\u0119 zbrodni. Te\u00a0wieloletnie wysi\u0142ki podejmowane na\u00a0arenie mi\u0119dzynarodowej rozpowszechni\u0142y i\u00a0spopularyzowa\u0142y k\u0142amliwe poj\u0119cie \u201epolskich oboz\u00f3w koncentracyjnych\u201d. Pa\u0144stwo polskie przez lata nawet na\u00a0to\u00a0nie reagowa\u0142o. Dominowa\u0142a antypolska narracja, kt\u00f3ra na 8 lat rz\u0105d\u00f3w Zjednoczonej Prawicy nieco usta\u0142a, ale wraz z Donaldem Tuskiem powr\u00f3ci\u0142a ze zdwojon\u0105 si\u0142\u0105. Nie jest to zale\u017cno\u015b\u0107 przypadkowa. <\/p>\n<p class=\"MsoNormal\" data-v-01d4021f=\"\">Kilka lat temu prof. Bogdan Musia\u0142 ujawni\u0142 szyfrogram, kt\u00f3ry dobitnie ods\u0142ania niemiecki plan w obszarze dzia\u0142a\u0144 politycznych w Polsce w latach 90. Szyfrogram nr\u00a03398 zosta\u0142 sporz\u0105dzony w\u00a0czerwcu 1990 roku przez oficera polskiego wywiadu na\u00a0podstawie informacji ujawnionych mu\u00a0przez niemieckiego agenta o\u00a0kryptonimie \u201eWolf\u201d.\u00a0Wed\u0142ug \u201eWolfa\u201d i\u00a0k\u00f3\u0142 doradc\u00f3w polityczno-gospodarczych rz\u0105du RFN\u00a0korzystnym z\u00a0punktu widzenia RFN jest rozbicie politycznych ugrupowa\u0144 w\u00a0Polsce, brak dominuj\u0105cej partii i\u00a0podzia\u0142y w\u00a0\u201eSolidarno\u015bci\u201d\u201d \u2013 dowiadujemy si\u0119 z\u00a0szyfrogramu. \u201eWolf\u201d przekonuje, \u017ce\u00a0\u201eoptymalnym dla jednocz\u0105cych si\u0119 Niemiec by\u0142by ostateczny rozpad \u201eSolidarno\u015bci\u201d\u00a0i\u00a0odrodzenie si\u0119 w\u00a0Polsce ze\u00a0znacznej cz\u0119\u015bci jej cz\u0142onk\u00f3w silnego ugrupowania ch\u0142opskiego, sk\u0142adaj\u0105cego si\u0119 z\u00a0kilku partii ch\u0142opskich popieranych przez Ko\u015bci\u00f3\u0142\u201d. Wskazuje tak\u017ce, \u017ce\u00a0Niemcom zale\u017cy na\u00a0stworzeniu klasy \u015bredniej, co\u00a0stworzy im\u00a0\u201eszans\u0119 gospodarczej\u00a0ekspansji\u201d. W meldunku czytamy:<\/p>\n<p class=\"MsoNormal\" style=\"margin-left: 35.4pt;\" data-v-01d4021f=\"\">\u201eSkutecznie zahamuje to\u00a0wed\u0142ug tych ocen odrodzenie si\u0119 stabilnego \u017cycia politycznego w\u00a0RP\u00a0oraz\u00a0powstanie na\u00a0gruncie ustaw reprywatyzuj\u0105cych warstwy drobnych i\u00a0\u015brednich polskich przemys\u0142owc\u00f3w. A\u00a0wi\u0119c warstwy \u015bredniej, kt\u00f3ra na\u00a0zachodzie odgrywa decyduj\u0105ca rol\u0119 w\u00a0rozwoju kraju. Dla Niemiec tworzy to\u00a0szans\u0119 gospodarczej ekspansji (tak jak to\u00a0by\u0142o w\u00a0okresie II\u00a0RP) i\u00a0inwestycji przemys\u0142owych w\u00a0Polsce ze\u00a0strony ma\u0142ego i\u00a0\u015bredniego kapita\u0142u niemieckiego. Przybli\u017cy\u0142oby to\u00a0te\u017c Polsk\u0119 w\u00a0strefie bezpo\u015brednich wp\u0142yw\u00f3w Niemiec w\u00a0Europie\u00a0Wschodniej\u201d.<\/p>\n<p class=\"MsoNormal\" data-v-01d4021f=\"\">W\u0142a\u015bnie w tym kontek\u015bcie rodzi\u0142a si\u0119 partia Donalda Tuska. Warto pami\u0119ta\u0107 o pocz\u0105tkach Kongresu Liberalno-Demokratycznego, czyli partii Janusza Lewandowskiego, Donalda Tuska i\u00a0Jana Krzysztofa Bieleckiego. O\u00a0finansowaniu KLD przez Niemcy m\u00f3wi si\u0119 ju\u017c g\u0142o\u015bno od\u00a0lat.\u00a0W\u00a0grudniu 2014 tygodnik \u201eWprost\u201d opisa\u0142 t\u0119\u00a0spraw\u0119 szczeg\u00f3\u0142owo w\u00a0tek\u015bcie \u201eTajna kasa partii Tuska\u201d, ujawniaj\u0105c \u017ce\u00a0KLD na\u00a0pocz\u0105tku lat 90. otrzyma\u0142o bezzwrotnie od\u00a0CDU kilkaset tysi\u0119cy\u00a0marek. Czy zachowuj\u0105c to wszystko w pami\u0119ci i znaj\u0105c przesz\u0142o\u015b\u0107 Donalda Tuska, mo\u017cna dziwi\u0107 si\u0119 dzia\u0142aniom rz\u0105du tak dalece sprzecznym z polsk\u0105 racj\u0105 stanu? <\/p>\n<p class=\"MsoNormal\" data-v-01d4021f=\"\">\u00a0<\/p>\n<p class=\"MsoNormal\" data-v-01d4021f=\"\"><a href=\"https:\/\/wpolityce.pl\/publicystyka\/niemcy-mordowali-powstancow-dlaczego-opierac-na-nich-obrone-o-polski,224395\" data-v-01d4021f=\"\" rel=\"nofollow noopener\" target=\"_blank\">Marzena Nykiel: Niemcy mordowali Powsta\u0144c\u00f3w. Nie odpowiedzieli do dzi\u015b. Dlaczego Tusk opiera na nich bezpiecze\u0144stwo Polski?<\/a><\/p>\n","protected":false},"excerpt":{"rendered":"W niemieckiej mentalno\u015bci od wiek\u00f3w nie zmieni\u0142o si\u0119 nic. Cel jest ten sam: podporz\u0105dkowa\u0107 Polsk\u0119 gospodarczo, skolonizowa\u0107 mentalnie&hellip;\n","protected":false},"author":2,"featured_media":660589,"comment_status":"","ping_status":"","sticky":false,"template":"","format":"standard","meta":{"footnotes":"","_share_on_mastodon":"0"},"categories":[62713],"tags":[121116,1345,88380,127822,13347,72917,907,99789,4362,2462,1005,380,423,231,127821,123474,3654],"class_list":["post-660588","post","type-post","status-publish","format-standard","has-post-thumbnail","category-donald-tusk","tag-analizy-polityczne","tag-donald-tusk","tag-komentarze-polityczne","tag-kulisy-polityki","tag-opozycja","tag-partie-polityczne","tag-polityka","tag-polityka-krajowa","tag-polityka-zagraniczna","tag-polska-polityka","tag-prezydent","tag-rzad","tag-sejm","tag-sondaze","tag-wiadomosci-polityczne","tag-wpolityce-pl","tag-wybory"],"share_on_mastodon":{"url":"https:\/\/pubeurope.com\/@pl\/117197160181411306","error":""},"_links":{"self":[{"href":"https:\/\/www.europesays.com\/pl\/wp-json\/wp\/v2\/posts\/660588","targetHints":{"allow":["GET"]}}],"collection":[{"href":"https:\/\/www.europesays.com\/pl\/wp-json\/wp\/v2\/posts"}],"about":[{"href":"https:\/\/www.europesays.com\/pl\/wp-json\/wp\/v2\/types\/post"}],"author":[{"embeddable":true,"href":"https:\/\/www.europesays.com\/pl\/wp-json\/wp\/v2\/users\/2"}],"replies":[{"embeddable":true,"href":"https:\/\/www.europesays.com\/pl\/wp-json\/wp\/v2\/comments?post=660588"}],"version-history":[{"count":0,"href":"https:\/\/www.europesays.com\/pl\/wp-json\/wp\/v2\/posts\/660588\/revisions"}],"wp:featuredmedia":[{"embeddable":true,"href":"https:\/\/www.europesays.com\/pl\/wp-json\/wp\/v2\/media\/660589"}],"wp:attachment":[{"href":"https:\/\/www.europesays.com\/pl\/wp-json\/wp\/v2\/media?parent=660588"}],"wp:term":[{"taxonomy":"category","embeddable":true,"href":"https:\/\/www.europesays.com\/pl\/wp-json\/wp\/v2\/categories?post=660588"},{"taxonomy":"post_tag","embeddable":true,"href":"https:\/\/www.europesays.com\/pl\/wp-json\/wp\/v2\/tags?post=660588"}],"curies":[{"name":"wp","href":"https:\/\/api.w.org\/{rel}","templated":true}]}}