{"id":660604,"date":"2026-09-01T18:27:29","date_gmt":"2026-09-01T18:27:29","guid":{"rendered":"https:\/\/www.europesays.com\/pl\/660604\/"},"modified":"2026-09-01T18:27:29","modified_gmt":"2026-09-01T18:27:29","slug":"juz-nie-tylko-sniadania-znany-lokal-w-ogrodach-srodmiescie-bedzie-organizowac-tez-imprezy-taneczne","status":"publish","type":"post","link":"https:\/\/www.europesays.com\/pl\/660604\/","title":{"rendered":"Ju\u017c nie tylko \u015bniadania. Znany lokal w Ogrodach \u015ar\u00f3dmie\u015bcie b\u0119dzie organizowa\u0107 te\u017c imprezy taneczne"},"content":{"rendered":"<p>\n                        Podczas ostatniego studia na \u017cywo w Ogrodach \u015ar\u00f3dmie\u015bcie rozmawiali\u015bmy na temat kulturalnej i miastotw\u00f3rczej roli tego miejsca. W czwartek swoj\u0105 premier\u0119 mia\u0142a kolejna ods\u0142ona muzycznego projektu Ogrod\u00f3w \u2013 koncert zagrali Jarecki i Robert Cichy. Z kolei kilka dni wcze\u015bniej oficjalnie zaprezentowano nagrany specjalnie dla Ogrod\u00f3w utw\u00f3r Jagody Kret, kt\u00f3ry podbi\u0142 list\u0119 Spotify. \u2013 Utwory powstaj\u0105ce z my\u015bl\u0105 o Ogrodach \u015ar\u00f3dmie\u015bcie w ramach naszego projektu daleko wykraczaj\u0105 poza to miejsce, co jest dla mnie wielk\u0105 rado\u015bci\u0105. Jad\u0105c autem, s\u0142ysza\u0142em w radiu remiks utworu Stanis\u0142awa Sojki przygotowany przez DJ-a Twistera \u2013 m\u00f3wi Przemys\u0142aw Kazaniecki, wsp\u00f3\u0142w\u0142a\u015bciciel Ogrod\u00f3w \u015ar\u00f3dmie\u015bcie.\n                    <\/p>\n<p>                                                                                                        Hity z Ogrod\u00f3w \u015ar\u00f3dmie\u015bcie wychodz\u0105 daleko poza ulic\u0119 Wielkopolsk\u0105 w Szczecinie<\/p>\n<p>Czwartkowy koncert Jareckiego i Roberta Cichego przyci\u0105gn\u0105\u0142 do Ogrod\u00f3w \u015ar\u00f3dmie\u015bcie t\u0142umy mieszka\u0144c\u00f3w.<\/p>\n<p>\u2013 Jarecki od lat prowadzi solow\u0105 tw\u00f3rczo\u015b\u0107 muzyczn\u0105 i ju\u017c go\u015bcili\u015bmy go w Ogrodach. Teraz razem z Robertem Cichym przygotowa\u0142 w naszej przestrzeni p\u0142yt\u0119 zwi\u0105zan\u0105 w\u0142a\u015bnie z Ogrodami \u2013 m\u00f3wi Przemys\u0142aw Kazaniecki. \u2013 Lada moment wydamy album z remiksami utwor\u00f3w, kt\u00f3re mo\u017cna by\u0142o us\u0142ysze\u0107 w Ogrodach. Uka\u017ce si\u0119 r\u00f3wnie\u017c winyl z tymi remiksami. Zapraszamy do Ogrod\u00f3w i Willi Tiede.<\/p>\n<p>\u2013 Utwory i remiksy, kt\u00f3re tworzymy, zabieramy ze sob\u0105 na koncerty w ca\u0142ej Polsce. Utwory z Jareckim promuj\u0105 Ogrody w ca\u0142ym kraju. Zawsze kiedy tu jestem, to co\u015b mnie inspiruje \u2013 powiedzia\u0142 Robert Cichy, kt\u00f3ry wcze\u015bniej tworzy\u0142 \u201eogrodowe\u201d utwory mi\u0119dzy innymi z Urszul\u0105 Dudziak.<\/p>\n<p>W tym sezonie przy Wielkopolskiej 19 nie brakowa\u0142o gwiazdy polskiej estrady \u2013 w Ogrodach wyst\u0105pili m.in. Sarsa, Czes\u0142aw Mozil, Reni Jusis, duet Lato &amp; Chapko. Odbywa\u0142y si\u0119 tak\u017ce wydarzenia Zespo\u0142u Pie\u015bni i Ta\u0144ca Szczecinianie.<\/p>\n<p>Do Willi Tiede ju\u017c nie tylko na \u015bniadanie<\/p>\n<p>W budynku, kt\u00f3ra s\u0105siaduje z Ogrodami \u015ar\u00f3dmie\u015bcie, prowadzona jest \u015bniadaniownia. Jak zdradzi\u0142 nam Przemys\u0142aw Kazaniecki, jesieni\u0105 Willa Tiede rozszerzy swoj\u0105 dzia\u0142alno\u015b\u0107. B\u0119dzie mo\u017cna wybra\u0107 si\u0119 tutaj r\u00f3wnie\u017c na kolacj\u0119, a w pi\u0105tkowe i sobotnie wieczory organizowane b\u0119d\u0105 imprezy taneczne. Jak s\u0142yszymy, to ma sprawi\u0107, \u017ce obiekt b\u0119dzie \u017cy\u0107 bez przerwy.<\/p>\n<p>\u2013 Najpierw uczyli\u015bmy si\u0119 formatu \u015bniadaniowego, ale chcemy, \u017ceby willa dzia\u0142a\u0142a rano i wieczorem. Z Przemkiem mamy w DNA rozrywk\u0119 i integracj\u0119, i otwieramy wieczorn\u0105 will\u0119. W menu planujemy kuchni\u0119 polsk\u0105. Podejmujemy ryzyko serwowania da\u0144 inspirowanych czasem mi\u0119dzywojennym z delikatnym twistem. Mamy wspania\u0142ego kucharza \u0141ukasza Rogowskiego na pok\u0142adzie i niebawem startujemy \u2013 zapowiada Micha\u0142 \u0141ozi\u0144ski, dodaj\u0105c: \u2013 Chcemy, by by\u0142o to wspania\u0142e, \u017cyj\u0105ce codziennie miejsce.<\/p>\n<p>Jesieni\u0105 w Ogrodach stanie tak\u017ce kwiatomat, kt\u00f3ry szykuje Kwiaciarnia Maria.<\/p>\n<p>\u2013 Stawiamy na nowoczesno\u015b\u0107. Kwiatomat w Ogrodach \u015ar\u00f3dmie\u015bcie to fantastyczny pomys\u0142, bo tutaj spotykaj\u0105 si\u0119 ludzie, jest \u017cywo, jest du\u017co wydarze\u0144 okoliczno\u015bciowych i czasem nie ma jak kupi\u0107 kwiat\u00f3w w innym miejscu, a my wyjdziemy naprzeciw tej potrzebie \u2013 m\u00f3wi\u0142a w naszym studiu Olga Ha\u0142as.<\/p>\n<p>Naszym go\u015bciem by\u0142 r\u00f3wnie\u017c Bartek Or\u0142owski z Akukulele, kt\u00f3ry zaprasza\u0142 na jesienne warsztaty muzyczne. Mecenas Bart\u0142omiej Mu\u017cy\u0142o opowiada\u0142 o kolejnej edycji We Law Art Festiwal \u2013 festiwalu tworzonego przez szczeci\u0144skich adwokat\u00f3w. Wydarzenie odb\u0119dzie si\u0119 w Ogrodach ju\u017c 6 wrze\u015bnia. Magda Gog\u0142oza i Monika Kreft zdradzi\u0142y pierwsze szczeg\u00f3\u0142y jesiennych Targ\u00f3w Gesty, a Jakub Stefek m\u00f3wi\u0142 o Festiwalu Muzyki Przywracanej, kt\u00f3rego jeden z koncert\u00f3w odby\u0142 si\u0119 w\u0142a\u015bnie w Ogrodach \u015ar\u00f3dmie\u015bcie.<\/p>\n","protected":false},"excerpt":{"rendered":"Podczas ostatniego studia na \u017cywo w Ogrodach \u015ar\u00f3dmie\u015bcie rozmawiali\u015bmy na temat kulturalnej i miastotw\u00f3rczej roli tego miejsca. W&hellip;\n","protected":false},"author":2,"featured_media":660605,"comment_status":"","ping_status":"","sticky":false,"template":"","format":"standard","meta":{"footnotes":"","_share_on_mastodon":"0"},"categories":[51611],"tags":[291,1089,3839,3511,261,3840,42,38,40,907,39,41,123,2307,26,1092],"class_list":["post-660604","post","type-post","status-publish","format-standard","has-post-thumbnail","category-szczecin","tag-historia","tag-imprezy","tag-interwencje","tag-inwestycje","tag-kultura","tag-lokale","tag-pl","tag-poland","tag-polish","tag-polityka","tag-polska","tag-polski","tag-rozrywka","tag-szczecin","tag-wiadomosci","tag-wydarzenia"],"share_on_mastodon":{"url":"https:\/\/pubeurope.com\/@pl\/117197199505906354","error":""},"_links":{"self":[{"href":"https:\/\/www.europesays.com\/pl\/wp-json\/wp\/v2\/posts\/660604","targetHints":{"allow":["GET"]}}],"collection":[{"href":"https:\/\/www.europesays.com\/pl\/wp-json\/wp\/v2\/posts"}],"about":[{"href":"https:\/\/www.europesays.com\/pl\/wp-json\/wp\/v2\/types\/post"}],"author":[{"embeddable":true,"href":"https:\/\/www.europesays.com\/pl\/wp-json\/wp\/v2\/users\/2"}],"replies":[{"embeddable":true,"href":"https:\/\/www.europesays.com\/pl\/wp-json\/wp\/v2\/comments?post=660604"}],"version-history":[{"count":0,"href":"https:\/\/www.europesays.com\/pl\/wp-json\/wp\/v2\/posts\/660604\/revisions"}],"wp:featuredmedia":[{"embeddable":true,"href":"https:\/\/www.europesays.com\/pl\/wp-json\/wp\/v2\/media\/660605"}],"wp:attachment":[{"href":"https:\/\/www.europesays.com\/pl\/wp-json\/wp\/v2\/media?parent=660604"}],"wp:term":[{"taxonomy":"category","embeddable":true,"href":"https:\/\/www.europesays.com\/pl\/wp-json\/wp\/v2\/categories?post=660604"},{"taxonomy":"post_tag","embeddable":true,"href":"https:\/\/www.europesays.com\/pl\/wp-json\/wp\/v2\/tags?post=660604"}],"curies":[{"name":"wp","href":"https:\/\/api.w.org\/{rel}","templated":true}]}}